{"id":77,"date":"2026-01-26T14:02:24","date_gmt":"2026-01-26T14:02:24","guid":{"rendered":"https:\/\/globalsolidarity.live\/genacademy0.7\/?p=77"},"modified":"2026-01-26T14:02:27","modified_gmt":"2026-01-26T14:02:27","slug":"la-generacion-spacearch","status":"publish","type":"post","link":"https:\/\/globalsolidarity.live\/genacademy0.7\/la-generacion-spacearch\/","title":{"rendered":"La Generaci\u00f3n SpaceArch"},"content":{"rendered":"\n<h3 class=\"wp-block-heading\">Qui\u00e9nes son, c\u00f3mo piensan y por qu\u00e9 van a liderar el futuro<\/h3>\n\n\n\n<p><strong>La Generaci\u00f3n SpaceArch no es una generaci\u00f3n definida por la edad.<\/strong><br>Es una generaci\u00f3n definida por <strong>capacidad, mentalidad y nivel de conciencia<\/strong>.<\/p>\n\n\n\n<p>Es la primera generaci\u00f3n humana dise\u00f1ada \u2014de forma consciente\u2014 para operar en la <strong>Cuarta Ola tecnol\u00f3gica y civilizatoria<\/strong>, donde la inteligencia artificial, la automatizaci\u00f3n, la complejidad sist\u00e9mica y los desaf\u00edos planetarios redefinen por completo qu\u00e9 significa \u201cestar preparado\u201d.<\/p>\n\n\n\n<hr class=\"wp-block-separator has-alpha-channel-opacity\"\/>\n\n\n\n<h2 class=\"wp-block-heading\">1\ufe0f\u20e3 No es una generaci\u00f3n biol\u00f3gica. Es una generaci\u00f3n funcional.<\/h2>\n\n\n\n<p>La Generaci\u00f3n SpaceArch no se define por a\u00f1o de nacimiento, sino por <strong>modo de operar en la realidad<\/strong>.<\/p>\n\n\n\n<p>Puede incluir:<\/p>\n\n\n\n<ul class=\"wp-block-list\">\n<li>j\u00f3venes,<\/li>\n\n\n\n<li>adultos en reconversi\u00f3n,<\/li>\n\n\n\n<li>profesionales desplazados por la automatizaci\u00f3n,<\/li>\n\n\n\n<li>creadores,<\/li>\n\n\n\n<li>t\u00e9cnicos,<\/li>\n\n\n\n<li>pensadores,<\/li>\n\n\n\n<li>emprendedores.<\/li>\n<\/ul>\n\n\n\n<p>Lo que los une no es la edad.<br>Es <strong>la forma de pensar y actuar<\/strong>.<\/p>\n\n\n\n<hr class=\"wp-block-separator has-alpha-channel-opacity\"\/>\n\n\n\n<h2 class=\"wp-block-heading\">2\ufe0f\u20e3 El contexto que la hace inevitable<\/h2>\n\n\n\n<p>La Generaci\u00f3n SpaceArch emerge porque el mundo cambi\u00f3 m\u00e1s r\u00e1pido que las personas.<\/p>\n\n\n\n<p>En los pr\u00f3ximos a\u00f1os:<\/p>\n\n\n\n<ul class=\"wp-block-list\">\n<li>gran parte del trabajo repetitivo desaparecer\u00e1,<\/li>\n\n\n\n<li>los sistemas ser\u00e1n cada vez m\u00e1s aut\u00f3nomos,<\/li>\n\n\n\n<li>la complejidad superar\u00e1 a los modelos mentales tradicionales,<\/li>\n\n\n\n<li>el conocimiento se volver\u00e1 obsoleto en ciclos cortos,<\/li>\n\n\n\n<li>la estabilidad vendr\u00e1 de la adaptabilidad, no del t\u00edtulo.<\/li>\n<\/ul>\n\n\n\n<p>El viejo modelo humano <strong>no alcanza<\/strong> para este escenario.<\/p>\n\n\n\n<p>La Generaci\u00f3n SpaceArch nace como respuesta directa a ese quiebre.<\/p>\n\n\n\n<hr class=\"wp-block-separator has-alpha-channel-opacity\"\/>\n\n\n\n<h2 class=\"wp-block-heading\">3\ufe0f\u20e3 C\u00f3mo piensa la Generaci\u00f3n SpaceArch<\/h2>\n\n\n\n<p>La diferencia no est\u00e1 solo en lo que sabe, sino en <strong>c\u00f3mo procesa la realidad<\/strong>.<\/p>\n\n\n\n<p>La Generaci\u00f3n SpaceArch:<\/p>\n\n\n\n<ul class=\"wp-block-list\">\n<li>piensa de forma sist\u00e9mica,<\/li>\n\n\n\n<li>entiende patrones y no solo datos,<\/li>\n\n\n\n<li>integra tecnolog\u00eda sin perder criterio humano,<\/li>\n\n\n\n<li>decide con claridad, no con ruido,<\/li>\n\n\n\n<li>aprende r\u00e1pido y desaprende sin miedo,<\/li>\n\n\n\n<li>opera con foco y prop\u00f3sito.<\/li>\n<\/ul>\n\n\n\n<p>No se pierde en la informaci\u00f3n.<br>La <strong>ordena<\/strong>.<\/p>\n\n\n\n<hr class=\"wp-block-separator has-alpha-channel-opacity\"\/>\n\n\n\n<h2 class=\"wp-block-heading\">4\ufe0f\u20e3 Relaci\u00f3n con la tecnolog\u00eda: colaboraci\u00f3n, no dependencia<\/h2>\n\n\n\n<p>Para esta generaci\u00f3n, la tecnolog\u00eda no es un fin ni una amenaza.<\/p>\n\n\n\n<p>Es una <strong>extensi\u00f3n funcional<\/strong>.<\/p>\n\n\n\n<p>La Generaci\u00f3n SpaceArch:<\/p>\n\n\n\n<ul class=\"wp-block-list\">\n<li>no \u201cusa\u201d IA: <strong>piensa con IA<\/strong>,<\/li>\n\n\n\n<li>no compite contra m\u00e1quinas: <strong>colabora con ellas<\/strong>,<\/li>\n\n\n\n<li>no delega su criterio: lo amplifica,<\/li>\n\n\n\n<li>no se automatiza: se potencia.<\/li>\n<\/ul>\n\n\n\n<p>La hibridaci\u00f3n humano\u2013IA no es futura.<br>Es <strong>presente operativo<\/strong>.<\/p>\n\n\n\n<hr class=\"wp-block-separator has-alpha-channel-opacity\"\/>\n\n\n\n<h2 class=\"wp-block-heading\">5\ufe0f\u20e3 Qu\u00e9 sabe hacer realmente<\/h2>\n\n\n\n<p>La Generaci\u00f3n SpaceArch no se define por diplomas, sino por <strong>capacidades demostrables<\/strong>.<\/p>\n\n\n\n<p>Sabe:<\/p>\n\n\n\n<ul class=\"wp-block-list\">\n<li>crear soluciones reales,<\/li>\n\n\n\n<li>construir proyectos desde cero,<\/li>\n\n\n\n<li>trabajar en equipos distribuidos,<\/li>\n\n\n\n<li>dise\u00f1ar sistemas,<\/li>\n\n\n\n<li>lanzar productos,<\/li>\n\n\n\n<li>adaptarse a contextos cambiantes,<\/li>\n\n\n\n<li>generar valor econ\u00f3mico sin destruir valor humano.<\/li>\n<\/ul>\n\n\n\n<p>No espera instrucciones.<br><strong>Activa<\/strong>.<\/p>\n\n\n\n<hr class=\"wp-block-separator has-alpha-channel-opacity\"\/>\n\n\n\n<h2 class=\"wp-block-heading\">6\ufe0f\u20e3 \u00c9tica y responsabilidad<\/h2>\n\n\n\n<p>Esta generaci\u00f3n entiende algo clave:<\/p>\n\n\n\n<blockquote class=\"wp-block-quote is-layout-flow wp-block-quote-is-layout-flow\">\n<p>El problema no es la tecnolog\u00eda.<br>El problema es qui\u00e9n la dise\u00f1a y con qu\u00e9 valores.<\/p>\n<\/blockquote>\n\n\n\n<p>Por eso integra:<\/p>\n\n\n\n<ul class=\"wp-block-list\">\n<li>\u00e9tica operativa,<\/li>\n\n\n\n<li>conciencia de impacto,<\/li>\n\n\n\n<li>responsabilidad social y ambiental,<\/li>\n\n\n\n<li>criterio humano frente a decisiones complejas.<\/li>\n<\/ul>\n\n\n\n<p>La Generaci\u00f3n SpaceArch no busca dominar el mundo.<br>Busca <strong>hacerlo sostenible y funcional<\/strong>.<\/p>\n\n\n\n<hr class=\"wp-block-separator has-alpha-channel-opacity\"\/>\n\n\n\n<h2 class=\"wp-block-heading\">7\ufe0f\u20e3 Educaci\u00f3n como activaci\u00f3n, no como espera<\/h2>\n\n\n\n<p>Para esta generaci\u00f3n, estudiar no es postergar la vida.<\/p>\n\n\n\n<p>Es:<\/p>\n\n\n\n<ul class=\"wp-block-list\">\n<li>activar capacidades,<\/li>\n\n\n\n<li>producir desde el inicio,<\/li>\n\n\n\n<li>aprender haciendo,<\/li>\n\n\n\n<li>crecer en tiempo real.<\/li>\n<\/ul>\n\n\n\n<p>No estudia \u201cpara despu\u00e9s trabajar\u201d.<br><strong>Estudia mientras trabaja y crea<\/strong>.<\/p>\n\n\n\n<hr class=\"wp-block-separator has-alpha-channel-opacity\"\/>\n\n\n\n<h2 class=\"wp-block-heading\">8\ufe0f\u20e3 De individuos aislados a red inteligente<\/h2>\n\n\n\n<p>La Generaci\u00f3n SpaceArch no se organiza como individuos compitiendo.<\/p>\n\n\n\n<p>Se organiza como:<\/p>\n\n\n\n<ul class=\"wp-block-list\">\n<li>equipos,<\/li>\n\n\n\n<li>nodos,<\/li>\n\n\n\n<li>redes colaborativas,<\/li>\n\n\n\n<li>ecosistemas de talento.<\/li>\n<\/ul>\n\n\n\n<p>El valor no est\u00e1 en el ego.<br>Est\u00e1 en la <strong>inteligencia colectiva<\/strong>.<\/p>\n\n\n\n<hr class=\"wp-block-separator has-alpha-channel-opacity\"\/>\n\n\n\n<h2 class=\"wp-block-heading\">9\ufe0f\u20e3 Por qu\u00e9 esta generaci\u00f3n va a liderar<\/h2>\n\n\n\n<p>Porque es la \u00fanica dise\u00f1ada espec\u00edficamente para:<\/p>\n\n\n\n<ul class=\"wp-block-list\">\n<li>un mundo automatizado,<\/li>\n\n\n\n<li>un mercado global,<\/li>\n\n\n\n<li>una econom\u00eda por proyectos,<\/li>\n\n\n\n<li>sistemas complejos,<\/li>\n\n\n\n<li>cambios acelerados,<\/li>\n\n\n\n<li>decisiones cr\u00edticas a escala planetaria.<\/li>\n<\/ul>\n\n\n\n<p>No hereda el futuro.<br><strong>Lo construye<\/strong>.<\/p>\n\n\n\n<hr class=\"wp-block-separator has-alpha-channel-opacity\"\/>\n\n\n\n<h2 class=\"wp-block-heading\">\ud83d\udd39 Mensaje final<\/h2>\n\n\n\n<p>La Generaci\u00f3n SpaceArch no espera que el sistema se arregle.<br>No se adapta pasivamente.<br>No se queda mirando c\u00f3mo cambia el mundo.<\/p>\n\n\n\n<p>La Generaci\u00f3n SpaceArch <strong>entiende el cambio, lo atraviesa y lo dise\u00f1a<\/strong>.<\/p>\n\n\n\n<p>Y Gen Academy es el lugar donde esa generaci\u00f3n se forma, se activa y se conecta.<\/p>\n\n\n\n<div class=\"wp-block-buttons is-layout-flex wp-block-buttons-is-layout-flex\">\n<div class=\"wp-block-button\"><a class=\"wp-block-button__link wp-element-button\" href=\"Mailto: taskweb3.0@gmail.com\">Apply \/ Postularme<\/a><\/div>\n\n\n\n<div class=\"wp-block-button\"><a class=\"wp-block-button__link wp-element-button\" href=\"https:\/\/globalsolidarity.live\/genacademy0.7\/genacademy\/ver-programas\/\">Ver Programas<\/a><\/div>\n\n\n\n<div class=\"wp-block-button\"><a class=\"wp-block-button__link wp-element-button\" href=\"https:\/\/globalsolidarity.live\/genacademy0.7\/genacademy\/consultar-becas-mdq\/\">Becas 50% para j\u00f3venes de MDQ<\/a><\/div>\n\n\n\n<div class=\"wp-block-button\"><a class=\"wp-block-button__link wp-element-button\">Hablar con un asesor<\/a><\/div>\n\n\n\n<div class=\"wp-block-button\"><a class=\"wp-block-button__link wp-element-button\" href=\"https:\/\/globalsolidarity.live\/genacademy0.7\/genacademy\/%f0%9f%93%98-temario-completo\/\">Ver temario completo<\/a><\/div>\n\n\n\n<div class=\"wp-block-button\"><a class=\"wp-block-button__link wp-element-button\" href=\"https:\/\/globalsolidarity.live\/genacademy0.7\/spacearch\/manifesto\/\">Ver Manifesto<\/a><\/div>\n<\/div>\n","protected":false},"excerpt":{"rendered":"<p>Qui\u00e9nes son, c\u00f3mo piensan y por qu\u00e9 van a liderar el futuro La Generaci\u00f3n SpaceArch no es una<\/p>\n","protected":false},"author":1,"featured_media":78,"comment_status":"open","ping_status":"open","sticky":false,"template":"","format":"standard","meta":{"footnotes":""},"categories":[5,3],"tags":[],"class_list":["post-77","post","type-post","status-publish","format-standard","has-post-thumbnail","hentry","category-genacademy","category-spacearch"],"_links":{"self":[{"href":"https:\/\/globalsolidarity.live\/genacademy0.7\/wp-json\/wp\/v2\/posts\/77","targetHints":{"allow":["GET"]}}],"collection":[{"href":"https:\/\/globalsolidarity.live\/genacademy0.7\/wp-json\/wp\/v2\/posts"}],"about":[{"href":"https:\/\/globalsolidarity.live\/genacademy0.7\/wp-json\/wp\/v2\/types\/post"}],"author":[{"embeddable":true,"href":"https:\/\/globalsolidarity.live\/genacademy0.7\/wp-json\/wp\/v2\/users\/1"}],"replies":[{"embeddable":true,"href":"https:\/\/globalsolidarity.live\/genacademy0.7\/wp-json\/wp\/v2\/comments?post=77"}],"version-history":[{"count":1,"href":"https:\/\/globalsolidarity.live\/genacademy0.7\/wp-json\/wp\/v2\/posts\/77\/revisions"}],"predecessor-version":[{"id":79,"href":"https:\/\/globalsolidarity.live\/genacademy0.7\/wp-json\/wp\/v2\/posts\/77\/revisions\/79"}],"wp:featuredmedia":[{"embeddable":true,"href":"https:\/\/globalsolidarity.live\/genacademy0.7\/wp-json\/wp\/v2\/media\/78"}],"wp:attachment":[{"href":"https:\/\/globalsolidarity.live\/genacademy0.7\/wp-json\/wp\/v2\/media?parent=77"}],"wp:term":[{"taxonomy":"category","embeddable":true,"href":"https:\/\/globalsolidarity.live\/genacademy0.7\/wp-json\/wp\/v2\/categories?post=77"},{"taxonomy":"post_tag","embeddable":true,"href":"https:\/\/globalsolidarity.live\/genacademy0.7\/wp-json\/wp\/v2\/tags?post=77"}],"curies":[{"name":"wp","href":"https:\/\/api.w.org\/{rel}","templated":true}]}}