{"id":86,"date":"2026-01-26T14:12:18","date_gmt":"2026-01-26T14:12:18","guid":{"rendered":"https:\/\/globalsolidarity.live\/genacademy0.7\/?p=86"},"modified":"2026-01-26T14:12:21","modified_gmt":"2026-01-26T14:12:21","slug":"mision-vision-proposito","status":"publish","type":"post","link":"https:\/\/globalsolidarity.live\/genacademy0.7\/mision-vision-proposito\/","title":{"rendered":"Misi\u00f3n \u2022 Visi\u00f3n \u2022 Prop\u00f3sito"},"content":{"rendered":"\n<h3 class=\"wp-block-heading\">El n\u00facleo que define por qu\u00e9 existe Gen Academy y hacia d\u00f3nde va<\/h3>\n\n\n\n<p>Gen Academy no nace como un proyecto educativo aislado.<br>Nace como una <strong>respuesta estructural<\/strong> a un cambio civilizatorio que ya est\u00e1 en marcha.<\/p>\n\n\n\n<p>Nuestra misi\u00f3n, visi\u00f3n y prop\u00f3sito no son declaraciones formales:<br>son <strong>criterios operativos<\/strong> que gu\u00edan cada decisi\u00f3n, cada programa y cada acci\u00f3n.<\/p>\n\n\n\n<hr class=\"wp-block-separator has-alpha-channel-opacity\"\/>\n\n\n\n<h2 class=\"wp-block-heading\">\ud83c\udfaf <strong>Nuestra Misi\u00f3n<\/strong><\/h2>\n\n\n\n<h3 class=\"wp-block-heading\">Activar personas capaces de dise\u00f1ar, operar y liderar el futuro inmediato<\/h3>\n\n\n\n<p>La misi\u00f3n de Gen Academy es <strong>formar seres humanos funcionales a la Cuarta Ola<\/strong>, capaces de actuar con claridad, velocidad y responsabilidad en un mundo atravesado por la inteligencia artificial, la automatizaci\u00f3n y la complejidad sist\u00e9mica.<\/p>\n\n\n\n<p>Entrenamos personas para que puedan:<\/p>\n\n\n\n<ul class=\"wp-block-list\">\n<li>pensar con profundidad en contextos complejos,<\/li>\n\n\n\n<li>crear soluciones reales y no solo ideas,<\/li>\n\n\n\n<li>trabajar en colaboraci\u00f3n con IA,<\/li>\n\n\n\n<li>integrarse a proyectos globales desde cualquier lugar,<\/li>\n\n\n\n<li>liderar equipos y startups,<\/li>\n\n\n\n<li>generar valor econ\u00f3mico con impacto positivo.<\/li>\n<\/ul>\n\n\n\n<p>No formamos espectadores del cambio.<br>Formamos <strong>actores conscientes del futuro<\/strong>.<\/p>\n\n\n\n<hr class=\"wp-block-separator has-alpha-channel-opacity\"\/>\n\n\n\n<h2 class=\"wp-block-heading\">\ud83d\udd2d <strong>Nuestra Visi\u00f3n<\/strong><\/h2>\n\n\n\n<h3 class=\"wp-block-heading\">Crear una nueva \u00e9lite \u00e9tica del conocimiento y la acci\u00f3n<\/h3>\n\n\n\n<p>Gen Academy tiene una visi\u00f3n clara:<br><strong>construir una generaci\u00f3n preparada para liderar la transici\u00f3n tecnol\u00f3gica, econ\u00f3mica y humana del planeta<\/strong>.<\/p>\n\n\n\n<p>Creemos en una \u00e9lite diferente:<\/p>\n\n\n\n<ul class=\"wp-block-list\">\n<li>no basada en privilegios,<\/li>\n\n\n\n<li>no basada en t\u00edtulos,<\/li>\n\n\n\n<li>no basada en acumulaci\u00f3n.<\/li>\n<\/ul>\n\n\n\n<p>Una \u00e9lite construida sobre:<\/p>\n\n\n\n<ul class=\"wp-block-list\">\n<li>talento real,<\/li>\n\n\n\n<li>disciplina,<\/li>\n\n\n\n<li>claridad mental,<\/li>\n\n\n\n<li>\u00e9tica,<\/li>\n\n\n\n<li>cooperaci\u00f3n,<\/li>\n\n\n\n<li>capacidad de ejecuci\u00f3n.<\/li>\n<\/ul>\n\n\n\n<p>Nuestra visi\u00f3n es ver surgir, desde Mar del Plata hacia el mundo, una red de personas que:<\/p>\n\n\n\n<ul class=\"wp-block-list\">\n<li>entiendan el presente,<\/li>\n\n\n\n<li>anticipen el futuro,<\/li>\n\n\n\n<li>y tengan la capacidad real de dise\u00f1arlo.<\/li>\n<\/ul>\n\n\n\n<p>La Generaci\u00f3n SpaceArch es esa visi\u00f3n en movimiento.<\/p>\n\n\n\n<hr class=\"wp-block-separator has-alpha-channel-opacity\"\/>\n\n\n\n<h2 class=\"wp-block-heading\">\ud83c\udf0d <strong>Nuestro Prop\u00f3sito<\/strong><\/h2>\n\n\n\n<h3 class=\"wp-block-heading\">Acelerar la evoluci\u00f3n humana sin perder lo esencial<\/h3>\n\n\n\n<p>El prop\u00f3sito profundo de Gen Academy va m\u00e1s all\u00e1 de la formaci\u00f3n t\u00e9cnica o profesional.<\/p>\n\n\n\n<p>Existimos para:<\/p>\n\n\n\n<ul class=\"wp-block-list\">\n<li>elevar la calidad del pensamiento humano,<\/li>\n\n\n\n<li>reducir el ruido mental y la confusi\u00f3n,<\/li>\n\n\n\n<li>democratizar el acceso a tecnolog\u00edas de frontera,<\/li>\n\n\n\n<li>integrar inteligencia humana e inteligencia artificial de forma \u00e9tica,<\/li>\n\n\n\n<li>preparar l\u00edderes capaces de sostener decisiones complejas,<\/li>\n\n\n\n<li>evitar que el avance tecnol\u00f3gico supere a la conciencia humana.<\/li>\n<\/ul>\n\n\n\n<p>Creemos que:<\/p>\n\n\n\n<blockquote class=\"wp-block-quote is-layout-flow wp-block-quote-is-layout-flow\">\n<p>el problema no es la tecnolog\u00eda que avanza r\u00e1pido,<br>sino la humanidad que no evoluciona al mismo ritmo.<\/p>\n<\/blockquote>\n\n\n\n<p>Gen Academy existe para cerrar esa brecha.<\/p>\n\n\n\n<hr class=\"wp-block-separator has-alpha-channel-opacity\"\/>\n\n\n\n<h2 class=\"wp-block-heading\">\ud83e\udded Un marco que gu\u00eda todo lo que hacemos<\/h2>\n\n\n\n<p>Misi\u00f3n, visi\u00f3n y prop\u00f3sito no est\u00e1n \u201cen la pared\u201d.<br>Est\u00e1n integrados en:<\/p>\n\n\n\n<ul class=\"wp-block-list\">\n<li>el dise\u00f1o de los programas,<\/li>\n\n\n\n<li>la metodolog\u00eda de aprendizaje,<\/li>\n\n\n\n<li>la forma de evaluar,<\/li>\n\n\n\n<li>los proyectos reales,<\/li>\n\n\n\n<li>el ecosistema de startups,<\/li>\n\n\n\n<li>la relaci\u00f3n con la IA,<\/li>\n\n\n\n<li>la \u00e9tica operativa,<\/li>\n\n\n\n<li>la responsabilidad social y ambiental.<\/li>\n<\/ul>\n\n\n\n<p>Nada en Gen Academy es casual.<br>Todo responde a este marco.<\/p>\n\n\n\n<hr class=\"wp-block-separator has-alpha-channel-opacity\"\/>\n\n\n\n<h2 class=\"wp-block-heading\">\ud83d\udd39 En s\u00edntesis<\/h2>\n\n\n\n<ul class=\"wp-block-list\">\n<li><strong>Misi\u00f3n<\/strong>: activar personas capaces de operar el futuro.<\/li>\n\n\n\n<li><strong>Visi\u00f3n<\/strong>: formar la \u00e9lite \u00e9tica de la Cuarta Ola.<\/li>\n\n\n\n<li><strong>Prop\u00f3sito<\/strong>: acelerar la evoluci\u00f3n humana sin perder conciencia, criterio ni responsabilidad.<\/li>\n<\/ul>\n\n\n\n<p>Gen Academy no prepara para \u201clo que viene alg\u00fan d\u00eda\u201d.<br>Prepara para <strong>lo que ya est\u00e1 ocurriendo<\/strong>.<\/p>\n\n\n\n<p>Y lo hace con una convicci\u00f3n clara:<br>el futuro no se espera, <strong>se dise\u00f1a<\/strong>.<\/p>\n\n\n\n<div class=\"wp-block-buttons is-layout-flex wp-block-buttons-is-layout-flex\">\n<div class=\"wp-block-button\"><a class=\"wp-block-button__link wp-element-button\" href=\"Mailto: taskweb3.0@gmail.com\">Apply \/ Postularme<\/a><\/div>\n\n\n\n<div class=\"wp-block-button\"><a class=\"wp-block-button__link wp-element-button\" href=\"https:\/\/globalsolidarity.live\/genacademy0.7\/genacademy\/ver-programas\/\">Ver Programas<\/a><\/div>\n\n\n\n<div class=\"wp-block-button\"><a class=\"wp-block-button__link wp-element-button\" href=\"https:\/\/globalsolidarity.live\/genacademy0.7\/genacademy\/consultar-becas-mdq\/\">Becas 50% para j\u00f3venes de MDQ<\/a><\/div>\n\n\n\n<div class=\"wp-block-button\"><a class=\"wp-block-button__link wp-element-button\">Hablar con un asesor<\/a><\/div>\n\n\n\n<div class=\"wp-block-button\"><a class=\"wp-block-button__link wp-element-button\" href=\"https:\/\/globalsolidarity.live\/genacademy0.7\/genacademy\/%f0%9f%93%98-temario-completo\/\">Ver temario completo<\/a><\/div>\n\n\n\n<div class=\"wp-block-button\"><a class=\"wp-block-button__link wp-element-button\" href=\"https:\/\/globalsolidarity.live\/genacademy0.7\/spacearch\/manifesto\/\">Ver Manifesto<\/a><\/div>\n<\/div>\n","protected":false},"excerpt":{"rendered":"<p>El n\u00facleo que define por qu\u00e9 existe Gen Academy y hacia d\u00f3nde va Gen Academy no nace como<\/p>\n","protected":false},"author":1,"featured_media":87,"comment_status":"open","ping_status":"open","sticky":false,"template":"","format":"standard","meta":{"footnotes":""},"categories":[8,5,7,4,3],"tags":[],"class_list":["post-86","post","type-post","status-publish","format-standard","has-post-thumbnail","hentry","category-edu-revolution","category-genacademy","category-hibridacion-ia","category-manifesto","category-spacearch"],"_links":{"self":[{"href":"https:\/\/globalsolidarity.live\/genacademy0.7\/wp-json\/wp\/v2\/posts\/86","targetHints":{"allow":["GET"]}}],"collection":[{"href":"https:\/\/globalsolidarity.live\/genacademy0.7\/wp-json\/wp\/v2\/posts"}],"about":[{"href":"https:\/\/globalsolidarity.live\/genacademy0.7\/wp-json\/wp\/v2\/types\/post"}],"author":[{"embeddable":true,"href":"https:\/\/globalsolidarity.live\/genacademy0.7\/wp-json\/wp\/v2\/users\/1"}],"replies":[{"embeddable":true,"href":"https:\/\/globalsolidarity.live\/genacademy0.7\/wp-json\/wp\/v2\/comments?post=86"}],"version-history":[{"count":1,"href":"https:\/\/globalsolidarity.live\/genacademy0.7\/wp-json\/wp\/v2\/posts\/86\/revisions"}],"predecessor-version":[{"id":88,"href":"https:\/\/globalsolidarity.live\/genacademy0.7\/wp-json\/wp\/v2\/posts\/86\/revisions\/88"}],"wp:featuredmedia":[{"embeddable":true,"href":"https:\/\/globalsolidarity.live\/genacademy0.7\/wp-json\/wp\/v2\/media\/87"}],"wp:attachment":[{"href":"https:\/\/globalsolidarity.live\/genacademy0.7\/wp-json\/wp\/v2\/media?parent=86"}],"wp:term":[{"taxonomy":"category","embeddable":true,"href":"https:\/\/globalsolidarity.live\/genacademy0.7\/wp-json\/wp\/v2\/categories?post=86"},{"taxonomy":"post_tag","embeddable":true,"href":"https:\/\/globalsolidarity.live\/genacademy0.7\/wp-json\/wp\/v2\/tags?post=86"}],"curies":[{"name":"wp","href":"https:\/\/api.w.org\/{rel}","templated":true}]}}