{"id":995,"date":"2026-03-27T18:15:12","date_gmt":"2026-03-27T18:15:12","guid":{"rendered":"https:\/\/globalsolidarity.live\/genacademy0.7\/?p=995"},"modified":"2026-03-27T20:38:25","modified_gmt":"2026-03-27T20:38:25","slug":"%f0%9f%9a%a8-convocatoria-para-emprendedores-tecnologicos-de-mar-del-plata-%f0%9f%9a%a8","status":"publish","type":"post","link":"https:\/\/globalsolidarity.live\/genacademy0.7\/%f0%9f%9a%a8-convocatoria-para-emprendedores-tecnologicos-de-mar-del-plata-%f0%9f%9a%a8\/","title":{"rendered":"\ud83d\udea8 Convocatoria para Emprendedores Tecnol\u00f3gicos de Mar del Plata \ud83d\udea8"},"content":{"rendered":"\n<p>Programa <strong>Liderazgo Global Proactivo<\/strong>, una iniciativa dise\u00f1ada para fortalecer a emprendedores, fundadores y equipos en \u00e1reas cr\u00edticas para escalar de verdad:<\/p>\n\n\n\n<p>\ud83d\udc49 liderazgo<br>\ud83d\udc49 gesti\u00f3n de equipos<br>\ud83d\udc49 marketing<br>\ud83d\udc49 finanzas<br>\ud83d\udc49 visi\u00f3n global de negocios<\/p>\n\n\n\n<p><strong>Metodolog\u00eda:<\/strong> Talleres + Mentor\u00edas Personalizadas<br><strong>Modalidad:<\/strong> H\u00edbrida \ud83d\udcbb<\/p>\n\n\n\n<p>Pero esto no es otro programa m\u00e1s.<br>No se trata solo de \u201cordenar una pyme\u201d.<br>Se trata de empezar a pensar y operar con l\u00f3gica de escala internacional.<\/p>\n\n\n\n<h3 class=\"wp-block-heading\">\u00bfQu\u00e9 vas a trabajar?<\/h3>\n\n\n\n<ul class=\"wp-block-list\">\n<li>C\u00f3mo abrir tu startup en Estados Unidos<\/li>\n\n\n\n<li>C\u00f3mo crear sub-sedes o nodos operativos en los cinco continentes<\/li>\n\n\n\n<li>C\u00f3mo convertir un negocio local en una estructura global<\/li>\n\n\n\n<li>C\u00f3mo salir de la l\u00f3gica de \u201csoftware administrativo + CRM\u201d<\/li>\n\n\n\n<li>C\u00f3mo empezar a dise\u00f1ar con mentalidad de compa\u00f1\u00edas como <strong>Apple, Alibaba, Amazon, SpaceX, OpenAI o xAI<\/strong><\/li>\n<\/ul>\n\n\n\n<h3 class=\"wp-block-heading\">Cambio de enfoque<\/h3>\n\n\n\n<p>La mayor\u00eda de los emprendedores todav\u00eda piensa en:<\/p>\n\n\n\n<ul class=\"wp-block-list\">\n<li>vender localmente<\/li>\n\n\n\n<li>resolver la administraci\u00f3n<\/li>\n\n\n\n<li>sobrevivir mes a mes<\/li>\n<\/ul>\n\n\n\n<p>Aqu\u00ed el foco es otro:<\/p>\n\n\n\n<p>\ud83d\udc49 <strong>dise\u00f1ar empresas con arquitectura global desde el inicio<\/strong><br>\ud83d\udc49 <strong>crear sistemas, no solo servicios<\/strong><br>\ud83d\udc49 <strong>construir marca, red, operaci\u00f3n y expansi\u00f3n internacional<\/strong><\/p>\n\n\n\n<h3 class=\"wp-block-heading\">\u00bfPara qui\u00e9n es?<\/h3>\n\n\n\n<p>Para emprendedores y equipos que quieran dejar de pensar en peque\u00f1o.<br>Para quienes entienden que hoy la tecnolog\u00eda ya no compite solo por precio, sino por:<\/p>\n\n\n\n<p>\u2714\ufe0f visi\u00f3n<br>\u2714\ufe0f dise\u00f1o de sistema<br>\u2714\ufe0f escalabilidad<br>\u2714\ufe0f posicionamiento global<\/p>\n\n\n\n<h3 class=\"wp-block-heading\">Idea central<\/h3>\n\n\n\n<p>Ya no alcanza con tener un buen producto.<br>Hay que aprender a estructurar una startup con l\u00f3gica de expansi\u00f3n, marca, diferenciaci\u00f3n y ejecuci\u00f3n internacional.<\/p>\n\n\n\n<p>No pensamos en empresas para \u201cadministrar\u201d.<br>Pensamos en empresas para <strong>crecer, escalar y proyectarse al mundo<\/strong>.<\/p>\n\n\n\n<h3 class=\"wp-block-heading\">Mar del Plata tambi\u00e9n puede jugar global<\/h3>\n\n\n\n<p>Este programa busca activar una nueva generaci\u00f3n de emprendedores tecnol\u00f3gicos capaces de operar desde Mar del Plata hacia mercados internacionales, con una mentalidad mucho m\u00e1s ambiciosa, integrada y estrat\u00e9gica.<\/p>\n\n\n\n<p>\ud83c\udf0d <strong>Del negocio local al sistema global.<\/strong><br>\ud83d\ude80 <strong>De la gesti\u00f3n b\u00e1sica a la arquitectura de escala.<\/strong><br>\ud83e\udde0 <strong>De pensar como pyme a pensar como plataforma.<\/strong><\/p>\n\n\n\n<p>\ud83d\udce9 <strong>Contacto:<\/strong><br><a href=\"https:\/\/spacearch.solutions\">spacearch.solutions<\/a><\/p>\n\n\n\n<p>#Emprendedores #Startups #Tecnolog\u00eda #MarDelPlata #Liderazgo #Innovaci\u00f3n #Marketing #Finanzas #NegociosGlobales #USA #ScaleUp #SpaceArch #AI #OpenAI #xAI #Amazon #Apple #Alibaba #SpaceX<\/p>\n\n\n\n<p>\ud83d\udea8 <strong>Mar del Plata puede producir unicornios tecnol\u00f3gicos<\/strong> \ud83d\udea8<\/p>\n\n\n\n<p>Y no es teor\u00eda.<br>Es decisi\u00f3n, arquitectura y ejecuci\u00f3n.<\/p>\n\n\n\n<p>Quedan pocos d\u00edas para ingresar al programa<br><strong>Liderazgo Global Proactivo<\/strong>.<\/p>\n\n\n\n<p>Un espacio para emprendedores que entienden que el juego cambi\u00f3.<\/p>\n\n\n\n<p>\ud83d\udc49 El mercado ya no es local<br>\ud83d\udc49 La competencia ya no es tu vecino<br>\ud83d\udc49 El l\u00edmite ya no es Argentina<\/p>\n\n\n\n<p>\ud83c\udf0d <strong>El mercado es global desde el d\u00eda 1<\/strong><\/p>\n\n\n\n<hr class=\"wp-block-separator has-alpha-channel-opacity\"\/>\n\n\n\n<p>\ud83d\udca1 <strong>\u00bfQu\u00e9 vas a aprender?<\/strong><\/p>\n\n\n\n<ul class=\"wp-block-list\">\n<li>C\u00f3mo abrir tu startup en USA<\/li>\n\n\n\n<li>C\u00f3mo desplegar nodos en los 5 continentes<\/li>\n\n\n\n<li>C\u00f3mo convertir un negocio en sistema escalable<\/li>\n\n\n\n<li>C\u00f3mo dejar de pensar en \u201cherramientas\u201d y empezar a pensar en <strong>arquitectura tipo Apple, Amazon, Alibaba, SpaceX, OpenAI, xAI<\/strong><\/li>\n<\/ul>\n\n\n\n<hr class=\"wp-block-separator has-alpha-channel-opacity\"\/>\n\n\n\n<p>\u26a0\ufe0f <strong>La mayor\u00eda sigue atrapada en:<\/strong><\/p>\n\n\n\n<ul class=\"wp-block-list\">\n<li>software administrativo<\/li>\n\n\n\n<li>CRM como techo<\/li>\n\n\n\n<li>l\u00f3gica de pyme<\/li>\n\n\n\n<li>supervivencia mensual<\/li>\n<\/ul>\n\n\n\n<p>\ud83d\udc49 Eso ya no escala.<\/p>\n\n\n\n<hr class=\"wp-block-separator has-alpha-channel-opacity\"\/>\n\n\n\n<p>\u2699\ufe0f <strong>Nuevo paradigma<\/strong><\/p>\n\n\n\n<p>No construimos negocios\u2026<br>\ud83d\udc49 construimos <strong>infraestructura comercial global<\/strong><\/p>\n\n\n\n<p>No vendemos servicios\u2026<br>\ud83d\udc49 activamos <strong>sistemas que generan ventas<\/strong><\/p>\n\n\n\n<p>No formamos alumnos\u2026<br>\ud83d\udc49 desarrollamos <strong>operadores del mercado global<\/strong><\/p>\n\n\n\n<hr class=\"wp-block-separator has-alpha-channel-opacity\"\/>\n\n\n\n<p>\ud83d\udd25 <strong>Esto es para vos si:<\/strong><\/p>\n\n\n\n<p>\u2714\ufe0f Quer\u00e9s jugar en serio<br>\u2714\ufe0f Quer\u00e9s salir del mercado local<br>\u2714\ufe0f Quer\u00e9s escalar en USD<br>\u2714\ufe0f Quer\u00e9s construir algo grande<\/p>\n\n\n\n<hr class=\"wp-block-separator has-alpha-channel-opacity\"\/>\n\n\n\n<p>\ud83e\udde0 <strong>Idea clave<\/strong><\/p>\n\n\n\n<p>Las empresas que van a dominar esta d\u00e9cada<br>no son las que mejor administran\u2026<\/p>\n\n\n\n<p>\ud83d\udc49 son las que mejor dise\u00f1an sistemas escalables desde el inicio<\/p>\n\n\n\n<hr class=\"wp-block-separator has-alpha-channel-opacity\"\/>\n\n\n\n<p>\ud83c\udf0a <strong>Momento hist\u00f3rico<\/strong><\/p>\n\n\n\n<p>La IA, el trabajo remoto y la econom\u00eda digital<br>abrieron una ventana \u00fanica.<\/p>\n\n\n\n<p>\ud83d\udc49 Pod\u00e9s entrar ahora<br>\ud83d\udc49 O mirar desde afuera<\/p>\n\n\n\n<hr class=\"wp-block-separator has-alpha-channel-opacity\"\/>\n\n\n\n<p>\ud83d\udce9 <strong>Contacto<\/strong><br>\ud83d\udc49 spacearch.solutions<\/p>\n\n\n\n<p>\u26a1 Cupos limitados para esta fase<\/p>\n\n\n\n<hr class=\"wp-block-separator has-alpha-channel-opacity\"\/>\n\n\n\n<p>\ud83d\ude80 <strong>Mensaje final<\/strong><\/p>\n\n\n\n<p>\u201cNo estamos creando startups\u2026<br>estamos activando una nueva generaci\u00f3n de empresas globales.\u201d<\/p>\n\n\n\n<p>Y s\u00ed\u2026<\/p>\n\n\n\n<p>\ud83d\udc49 <strong>Mar del Plata puede ser parte de eso.<\/strong><\/p>\n\n\n\n<p>\ud83d\ude80\ud83c\udde6\ud83c\uddf7 <strong>SPACEARCH SOLUTIONS INTERNATIONAL LLC (MIAMI)<\/strong><br><strong>Convocatoria Estrat\u00e9gica \u2013 Ecosistema Tecnol\u00f3gico Mar del Plata \/ Argentina<\/strong><\/p>\n\n\n\n<p>Con liderazgo argentino desde Mar del Plata,<br>SpaceArch Solutions International abre formalmente la invitaci\u00f3n a:<\/p>\n\n\n\n<p>\ud83d\udc49 empresas de hardware<br>\ud83d\udc49 empresas de software<br>\ud83d\udc49 programadores<br>\ud83d\udc49 ingenieros en sistemas<br>\ud83d\udc49 desarrolladores tecnol\u00f3gicos<\/p>\n\n\n\n<p>para <strong>coparticipar interasociativamente<\/strong> en el desarrollo de:<\/p>\n\n\n\n<p>\u2699\ufe0f <strong>SpaceArch XR<\/strong> (Extended Reality Systems)<br>\ud83e\udde0 <strong>EDN 0.1 \/ EDN 0.2<\/strong> (Emerging Digital Neurotechnology Platforms)<\/p>\n\n\n\n<hr class=\"wp-block-separator has-alpha-channel-opacity\"\/>\n\n\n\n<p>\ud83d\udca1 <strong>Concepto central<\/strong><\/p>\n\n\n\n<p>No se trata de proveedores ni contratos aislados.<\/p>\n\n\n\n<p>\ud83d\udc49 Se trata de integrar capacidades en un <strong>modelo colaborativo de desarrollo tecnol\u00f3gico de alto impacto<\/strong>, con proyecci\u00f3n internacional.<\/p>\n\n\n\n<hr class=\"wp-block-separator has-alpha-channel-opacity\"\/>\n\n\n\n<p>\ud83c\udf0d <strong>Arquitectura del proyecto<\/strong><\/p>\n\n\n\n<ul class=\"wp-block-list\">\n<li>Dise\u00f1o de interfaces avanzadas humano\u2013IA<\/li>\n\n\n\n<li>Sistemas XR de nueva generaci\u00f3n<\/li>\n\n\n\n<li>Integraci\u00f3n biodigital (EDN)<\/li>\n\n\n\n<li>Plataformas operativas para la pr\u00f3xima capa de interacci\u00f3n tecnol\u00f3gica<\/li>\n<\/ul>\n\n\n\n<p>\ud83d\udc49 Un nuevo paradigma en computaci\u00f3n aplicada<\/p>\n\n\n\n<hr class=\"wp-block-separator has-alpha-channel-opacity\"\/>\n\n\n\n<p>\u26a0\ufe0f <strong>Escala estrat\u00e9gica<\/strong><\/p>\n\n\n\n<p>Dadas las implicancias tecnol\u00f3gicas y geopol\u00edticas de <strong>EDN 0.2<\/strong>,<br>la convocatoria se extiende a instituciones clave:<\/p>\n\n\n\n<p>\ud83d\udc49 CONICET<br>\ud83d\udc49 CNEA<br>\ud83d\udc49 sector espacial argentino<br>\ud83d\udc49 Fuerzas Armadas<\/p>\n\n\n\n<hr class=\"wp-block-separator has-alpha-channel-opacity\"\/>\n\n\n\n<p>\ud83c\udde6\ud83c\uddf7 <strong>Visi\u00f3n<\/strong><\/p>\n\n\n\n<p>Argentina tiene la oportunidad real de posicionarse en la frontera de la alta tecnolog\u00eda global.<\/p>\n\n\n\n<p>No como consumidor.<br>\ud83d\udc49 Como <strong>desarrollador de sistemas avanzados<\/strong><\/p>\n\n\n\n<hr class=\"wp-block-separator has-alpha-channel-opacity\"\/>\n\n\n\n<p>\ud83d\udd25 <strong>Propuesta<\/strong><\/p>\n\n\n\n<ul class=\"wp-block-list\">\n<li>Participaci\u00f3n en desarrollos tecnol\u00f3gicos de nueva generaci\u00f3n<\/li>\n\n\n\n<li>Integraci\u00f3n en red de I+D+i distribuida<\/li>\n\n\n\n<li>Proyecci\u00f3n internacional desde fase inicial<\/li>\n\n\n\n<li>Acceso a un ecosistema en expansi\u00f3n global<\/li>\n<\/ul>\n\n\n\n<hr class=\"wp-block-separator has-alpha-channel-opacity\"\/>\n\n\n\n<p>\ud83e\udde0 <strong>Cambio de paradigma<\/strong><\/p>\n\n\n\n<p>Pasamos de:<\/p>\n\n\n\n<p>\u274c desarrollo fragmentado<br>\u274c dependencia tecnol\u00f3gica<br>\u274c escala limitada<\/p>\n\n\n\n<p>a:<\/p>\n\n\n\n<p>\ud83d\udc49 <strong>ecosistemas integrados<\/strong><br>\ud83d\udc49 <strong>tecnolog\u00eda propia<\/strong><br>\ud83d\udc49 <strong>proyecci\u00f3n global desde el dise\u00f1o<\/strong><\/p>\n\n\n\n<hr class=\"wp-block-separator has-alpha-channel-opacity\"\/>\n\n\n\n<p>\ud83d\ude80 <strong>Momento<\/strong><\/p>\n\n\n\n<p>Estamos en fase inicial de activaci\u00f3n.<br>Esto define posiciones futuras.<\/p>\n\n\n\n<p>\ud83d\udc49 Los que entren ahora, construyen.<br>\ud83d\udc49 Los que miren desde afuera, llegan tarde.<\/p>\n\n\n\n<hr class=\"wp-block-separator has-alpha-channel-opacity\"\/>\n\n\n\n<p>\ud83d\udce9 <strong>Contacto \/ Integraci\u00f3n al sistema<\/strong><br>\ud83d\udc49 <a href=\"https:\/\/spacearch.solutions\/\">https:\/\/spacearch.solutions<\/a><\/p>\n\n\n\n<hr class=\"wp-block-separator has-alpha-channel-opacity\"\/>\n\n\n\n<p>\ud83d\udcac <strong>Mensaje final<\/strong><\/p>\n\n\n\n<p>\u201cNo estamos desarrollando productos\u2026<br>estamos construyendo capacidades tecnol\u00f3gicas estrat\u00e9gicas.\u201d<\/p>\n\n\n\n<p>Y esta vez\u2026<\/p>\n\n\n\n<p>\ud83d\udc49 <strong>Argentina puede estar en la primera l\u00ednea.<\/strong><\/p>\n\n\n\n<p>#Tecnolog\u00eda #Argentina #Innovaci\u00f3n #XR #Neurotechnology #IA #I+D #CONICET #CNEA #Startups #DeepTech #SpaceArch<\/p>\n\n\n\n<figure class=\"wp-block-embed is-type-video is-provider-youtube wp-block-embed-youtube wp-embed-aspect-16-9 wp-has-aspect-ratio\"><div class=\"wp-block-embed__wrapper\">\n<iframe loading=\"lazy\" title=\"SPACEARCH XR ECOSYSTEM\" width=\"640\" height=\"360\" src=\"https:\/\/www.youtube.com\/embed\/2n3E4KgWBSw?feature=oembed\" frameborder=\"0\" allow=\"accelerometer; autoplay; clipboard-write; encrypted-media; gyroscope; picture-in-picture; web-share\" referrerpolicy=\"strict-origin-when-cross-origin\" allowfullscreen><\/iframe>\n<\/div><\/figure>\n\n\n\n<figure class=\"wp-block-embed is-type-video is-provider-youtube wp-block-embed-youtube wp-embed-aspect-16-9 wp-has-aspect-ratio\"><div class=\"wp-block-embed__wrapper\">\n<iframe loading=\"lazy\" title=\"Introducing SpaceArch XR + EDN = External Digital Neurocortex\" width=\"640\" height=\"360\" src=\"https:\/\/www.youtube.com\/embed\/D0n3IZqf9lM?feature=oembed\" frameborder=\"0\" allow=\"accelerometer; autoplay; clipboard-write; encrypted-media; gyroscope; picture-in-picture; web-share\" referrerpolicy=\"strict-origin-when-cross-origin\" allowfullscreen><\/iframe>\n<\/div><\/figure>\n\n\n\n<figure class=\"wp-block-embed is-type-wp-embed is-provider-gen-academy-agency-4-wave-university wp-block-embed-gen-academy-agency-4-wave-university\"><div class=\"wp-block-embed__wrapper\">\n<blockquote class=\"wp-embedded-content\" data-secret=\"XW1t4PJFwv\"><a href=\"https:\/\/globalsolidarity.live\/genacademy0.7\/%f0%9f%9a%80spacearch-xr-ecosystem\/\">\ud83d\ude80SPACEARCH XR ECOSYSTEM<\/a><\/blockquote><iframe loading=\"lazy\" class=\"wp-embedded-content\" sandbox=\"allow-scripts\" security=\"restricted\" style=\"position: absolute; visibility: hidden;\" title=\"\u00ab\ud83d\ude80SPACEARCH XR ECOSYSTEM\u00bb \u2014 GEN ACADEMY AGENCY 4\u00ba Wave University\" src=\"https:\/\/globalsolidarity.live\/genacademy0.7\/%f0%9f%9a%80spacearch-xr-ecosystem\/embed\/#?secret=GERBI4N1xt#?secret=XW1t4PJFwv\" data-secret=\"XW1t4PJFwv\" width=\"600\" height=\"338\" frameborder=\"0\" marginwidth=\"0\" marginheight=\"0\" scrolling=\"no\"><\/iframe>\n<\/div><\/figure>\n","protected":false},"excerpt":{"rendered":"<p>Programa Liderazgo Global Proactivo, una iniciativa dise\u00f1ada para fortalecer a emprendedores, fundadores y equipos en \u00e1reas cr\u00edticas para<\/p>\n","protected":false},"author":1,"featured_media":973,"comment_status":"open","ping_status":"open","sticky":false,"template":"","format":"standard","meta":{"footnotes":""},"categories":[11,32,35,5],"tags":[],"class_list":["post-995","post","type-post","status-publish","format-standard","has-post-thumbnail","hentry","category-4o-wave-university","category-cursos","category-economy","category-genacademy"],"_links":{"self":[{"href":"https:\/\/globalsolidarity.live\/genacademy0.7\/wp-json\/wp\/v2\/posts\/995","targetHints":{"allow":["GET"]}}],"collection":[{"href":"https:\/\/globalsolidarity.live\/genacademy0.7\/wp-json\/wp\/v2\/posts"}],"about":[{"href":"https:\/\/globalsolidarity.live\/genacademy0.7\/wp-json\/wp\/v2\/types\/post"}],"author":[{"embeddable":true,"href":"https:\/\/globalsolidarity.live\/genacademy0.7\/wp-json\/wp\/v2\/users\/1"}],"replies":[{"embeddable":true,"href":"https:\/\/globalsolidarity.live\/genacademy0.7\/wp-json\/wp\/v2\/comments?post=995"}],"version-history":[{"count":2,"href":"https:\/\/globalsolidarity.live\/genacademy0.7\/wp-json\/wp\/v2\/posts\/995\/revisions"}],"predecessor-version":[{"id":998,"href":"https:\/\/globalsolidarity.live\/genacademy0.7\/wp-json\/wp\/v2\/posts\/995\/revisions\/998"}],"wp:featuredmedia":[{"embeddable":true,"href":"https:\/\/globalsolidarity.live\/genacademy0.7\/wp-json\/wp\/v2\/media\/973"}],"wp:attachment":[{"href":"https:\/\/globalsolidarity.live\/genacademy0.7\/wp-json\/wp\/v2\/media?parent=995"}],"wp:term":[{"taxonomy":"category","embeddable":true,"href":"https:\/\/globalsolidarity.live\/genacademy0.7\/wp-json\/wp\/v2\/categories?post=995"},{"taxonomy":"post_tag","embeddable":true,"href":"https:\/\/globalsolidarity.live\/genacademy0.7\/wp-json\/wp\/v2\/tags?post=995"}],"curies":[{"name":"wp","href":"https:\/\/api.w.org\/{rel}","templated":true}]}}