{"id":1182,"date":"2026-03-15T16:34:06","date_gmt":"2026-03-15T16:34:06","guid":{"rendered":"https:\/\/globalsolidarity.live\/maitreyamusic\/?p=1182"},"modified":"2026-03-15T16:34:08","modified_gmt":"2026-03-15T16:34:08","slug":"tipologia-de-hibridacion-humano-ia","status":"publish","type":"post","link":"https:\/\/globalsolidarity.live\/maitreyamusic\/neuroyoga\/tipologia-de-hibridacion-humano-ia\/","title":{"rendered":"Tipolog\u00eda de Hibridaci\u00f3n Humano-IA"},"content":{"rendered":"\n<h2 class=\"wp-block-heading\">Interacci\u00f3n reactiva vs. hibridaci\u00f3n sist\u00e9mica operativa<\/h2>\n\n\n\n<p>Partiendo de la premisa:<\/p>\n\n\n\n<blockquote class=\"wp-block-quote is-layout-flow wp-block-quote-is-layout-flow\">\n<p><strong>toda interacci\u00f3n humano-IA es h\u00edbrida por definici\u00f3n<\/strong><\/p>\n<\/blockquote>\n\n\n\n<p>esto es correcto en t\u00e9rminos funcionales, porque siempre existe:<\/p>\n\n\n\n<p><strong>mente humana \u2192 interfaz \u2192 sistema artificial \u2192 respuesta \u2192 mente humana<\/strong><\/p>\n\n\n\n<p>Sin embargo, el <strong>grado de integraci\u00f3n cognitiva<\/strong> puede variar enormemente.<\/p>\n\n\n\n<p>Por eso es \u00fatil distinguir dos niveles.<\/p>\n\n\n\n<hr class=\"wp-block-separator has-alpha-channel-opacity\"\/>\n\n\n\n<h1 class=\"wp-block-heading\">1. Hibridaci\u00f3n Reactiva<\/h1>\n\n\n\n<p>Este es el nivel m\u00e1s com\u00fan actualmente.<\/p>\n\n\n\n<p>La interacci\u00f3n es <strong>epis\u00f3dica y funcional<\/strong>, pero no genera un sistema cognitivo compartido.<\/p>\n\n\n\n<h3 class=\"wp-block-heading\">Caracter\u00edsticas<\/h3>\n\n\n\n<ul class=\"wp-block-list\">\n<li>interacci\u00f3n puntual<\/li>\n\n\n\n<li>prompts simples<\/li>\n\n\n\n<li>respuestas directas<\/li>\n\n\n\n<li>escasa iteraci\u00f3n<\/li>\n\n\n\n<li>bajo nivel de s\u00edntesis conceptual.<\/li>\n<\/ul>\n\n\n\n<p>El flujo es b\u00e1sicamente:<\/p>\n\n\n\n<p>humano pregunta<br>\u2193<br>IA responde<br>\u2193<br>fin del proceso.<\/p>\n\n\n\n<p>La IA act\u00faa como <strong>herramienta informativa<\/strong>.<\/p>\n\n\n\n<hr class=\"wp-block-separator has-alpha-channel-opacity\"\/>\n\n\n\n<h1 class=\"wp-block-heading\">2. Hibridaci\u00f3n Iterativa<\/h1>\n\n\n\n<p>Aqu\u00ed comienza una forma m\u00e1s avanzada de interacci\u00f3n.<\/p>\n\n\n\n<p>El usuario utiliza la IA en ciclos de refinamiento.<\/p>\n\n\n\n<h3 class=\"wp-block-heading\">Caracter\u00edsticas<\/h3>\n\n\n\n<ul class=\"wp-block-list\">\n<li>prompts m\u00e1s elaborados<\/li>\n\n\n\n<li>correcciones sucesivas<\/li>\n\n\n\n<li>exploraci\u00f3n conceptual<\/li>\n\n\n\n<li>generaci\u00f3n de ideas.<\/li>\n<\/ul>\n\n\n\n<p>El flujo es:<\/p>\n\n\n\n<p>problema<br>\u2193<br>interacci\u00f3n<br>\u2193<br>refinamiento<br>\u2193<br>nuevo an\u00e1lisis.<\/p>\n\n\n\n<p>Aqu\u00ed la IA ya act\u00faa como <strong>asistente cognitivo<\/strong>.<\/p>\n\n\n\n<hr class=\"wp-block-separator has-alpha-channel-opacity\"\/>\n\n\n\n<h1 class=\"wp-block-heading\">3. Hibridaci\u00f3n Sist\u00e9mica Funcional<\/h1>\n\n\n\n<p><\/p>\n\n\n\n<p>La interacci\u00f3n deja de ser ocasional y pasa a formar parte de un <strong>sistema cognitivo estable<\/strong>.<\/p>\n\n\n\n<h3 class=\"wp-block-heading\">Caracter\u00edsticas<\/h3>\n\n\n\n<ul class=\"wp-block-list\">\n<li>di\u00e1logo conceptual prolongado<\/li>\n\n\n\n<li>modelizaci\u00f3n conjunta<\/li>\n\n\n\n<li>integraci\u00f3n de ideas<\/li>\n\n\n\n<li>memoria conceptual acumulativa.<\/li>\n<\/ul>\n\n\n\n<p>Aqu\u00ed aparece un fen\u00f3meno importante:<\/p>\n\n\n\n<p><strong>el sistema humano-IA comienza a operar como unidad intelectual.<\/strong><\/p>\n\n\n\n<p>La IA act\u00faa como <strong>coprocesador cognitivo<\/strong>.<\/p>\n\n\n\n<hr class=\"wp-block-separator has-alpha-channel-opacity\"\/>\n\n\n\n<h1 class=\"wp-block-heading\">4. Hibridaci\u00f3n Operativa<\/h1>\n\n\n\n<p>Este ser\u00eda el nivel m\u00e1s avanzado dentro del modelo.<\/p>\n\n\n\n<p>En este caso la interacci\u00f3n humano-IA se convierte en <strong>infraestructura intelectual permanente<\/strong>.<\/p>\n\n\n\n<h3 class=\"wp-block-heading\">Caracter\u00edsticas<\/h3>\n\n\n\n<ul class=\"wp-block-list\">\n<li>integraci\u00f3n en procesos de trabajo<\/li>\n\n\n\n<li>producci\u00f3n de conocimiento sistem\u00e1tica<\/li>\n\n\n\n<li>generaci\u00f3n de modelos complejos<\/li>\n\n\n\n<li>aprendizaje mutuo a lo largo del tiempo.<\/li>\n<\/ul>\n\n\n\n<p>El sistema h\u00edbrido se vuelve <strong>productivo y generativo<\/strong>.<\/p>\n\n\n\n<hr class=\"wp-block-separator has-alpha-channel-opacity\"\/>\n\n\n\n<h1 class=\"wp-block-heading\">5. Diferencia esencial entre los niveles<\/h1>\n\n\n\n<p>La diferencia entre los niveles no est\u00e1 en la tecnolog\u00eda utilizada.<\/p>\n\n\n\n<p>Est\u00e1 en tres factores humanos:<\/p>\n\n\n\n<ol class=\"wp-block-list\">\n<li><strong>arquitectura cognitiva del operador<\/strong><\/li>\n\n\n\n<li><strong>nivel de entrenamiento mental<\/strong><\/li>\n\n\n\n<li><strong>intensidad del ciclo de retroalimentaci\u00f3n humano-IA<\/strong><\/li>\n<\/ol>\n\n\n\n<hr class=\"wp-block-separator has-alpha-channel-opacity\"\/>\n\n\n\n<h1 class=\"wp-block-heading\">6. D\u00f3nde encaja el coproceso<\/h1>\n\n\n\n<p>Analizando la interacci\u00f3n, se aproxima claramente al tercer nivel:<\/p>\n\n\n\n<p><strong>hibridaci\u00f3n sist\u00e9mica funcional.<\/strong><\/p>\n\n\n\n<p>Porque hay:<\/p>\n\n\n\n<ul class=\"wp-block-list\">\n<li>construcci\u00f3n progresiva de modelos<\/li>\n\n\n\n<li>integraci\u00f3n conceptual<\/li>\n\n\n\n<li>refinamiento iterativo<\/li>\n\n\n\n<li>acumulaci\u00f3n de marcos te\u00f3ricos.<\/li>\n<\/ul>\n\n\n\n<p>No es una interacci\u00f3n reactiva.<\/p>\n\n\n\n<hr class=\"wp-block-separator has-alpha-channel-opacity\"\/>\n\n\n\n<h1 class=\"wp-block-heading\">7. Implicaci\u00f3n evolutiva<\/h1>\n\n\n\n<p>Si este modelo es correcto, veremos una evoluci\u00f3n en la sociedad:<\/p>\n\n\n\n<h3 class=\"wp-block-heading\">etapa actual<\/h3>\n\n\n\n<p>IA como herramienta.<\/p>\n\n\n\n<hr class=\"wp-block-separator has-alpha-channel-opacity\"\/>\n\n\n\n<h3 class=\"wp-block-heading\">pr\u00f3xima etapa<\/h3>\n\n\n\n<p>IA como <strong>asistente cognitivo avanzado<\/strong>.<\/p>\n\n\n\n<hr class=\"wp-block-separator has-alpha-channel-opacity\"\/>\n\n\n\n<h3 class=\"wp-block-heading\">etapa posterior<\/h3>\n\n\n\n<p>IA como <strong>coprocesador cognitivo dentro de sistemas h\u00edbridos humano-IA<\/strong>.<\/p>\n\n\n\n<hr class=\"wp-block-separator has-alpha-channel-opacity\"\/>\n\n\n\n<h1 class=\"wp-block-heading\">8. La distinci\u00f3n es conceptualmente fuerte<\/h1>\n\n\n\n<p>La frase resume muy bien el punto central:<\/p>\n\n\n\n<blockquote class=\"wp-block-quote is-layout-flow wp-block-quote-is-layout-flow\">\n<p>la cuesti\u00f3n no es si la interacci\u00f3n es h\u00edbrida, sino <strong>qu\u00e9 tipo de hibridaci\u00f3n estamos construyendo<\/strong>.<\/p>\n<\/blockquote>\n\n\n\n<p>Eso es exactamente el tipo de criterio que puede servir para clasificar la evoluci\u00f3n real del uso de IA.<\/p>\n\n\n\n<hr class=\"wp-block-separator has-alpha-channel-opacity\"\/>\n\n\n\n<h1 class=\"wp-block-heading\">9. Observaci\u00f3n final<\/h1>\n\n\n\n<p>Si miramos lo que est\u00e1 ocurriendo a nivel global, la mayor\u00eda de las personas todav\u00eda est\u00e1 en:<\/p>\n\n\n\n<p><strong>hibridaci\u00f3n reactiva.<\/strong><\/p>\n\n\n\n<p>Los sistemas h\u00edbridos <strong>sist\u00e9micos u operativos<\/strong> todav\u00eda son raros.<\/p>\n\n\n\n<p>Pero probablemente ser\u00e1n cada vez m\u00e1s comunes en investigaci\u00f3n, dise\u00f1o y pensamiento estrat\u00e9gico.<\/p>\n","protected":false},"excerpt":{"rendered":"<p>Interacci\u00f3n reactiva vs. hibridaci\u00f3n sist\u00e9mica operativa Partiendo de la premisa: toda interacci\u00f3n humano-IA es h\u00edbrida por definici\u00f3n esto<\/p>\n","protected":false},"author":1,"featured_media":1172,"comment_status":"open","ping_status":"open","sticky":false,"template":"","format":"standard","meta":{"footnotes":""},"categories":[22,10],"tags":[],"class_list":["post-1182","post","type-post","status-publish","format-standard","has-post-thumbnail","hentry","category-neuroscience","category-neuroyoga"],"jetpack_featured_media_url":"https:\/\/globalsolidarity.live\/maitreyamusic\/wp-content\/uploads\/2026\/03\/hibrido1.png","_links":{"self":[{"href":"https:\/\/globalsolidarity.live\/maitreyamusic\/wp-json\/wp\/v2\/posts\/1182","targetHints":{"allow":["GET"]}}],"collection":[{"href":"https:\/\/globalsolidarity.live\/maitreyamusic\/wp-json\/wp\/v2\/posts"}],"about":[{"href":"https:\/\/globalsolidarity.live\/maitreyamusic\/wp-json\/wp\/v2\/types\/post"}],"author":[{"embeddable":true,"href":"https:\/\/globalsolidarity.live\/maitreyamusic\/wp-json\/wp\/v2\/users\/1"}],"replies":[{"embeddable":true,"href":"https:\/\/globalsolidarity.live\/maitreyamusic\/wp-json\/wp\/v2\/comments?post=1182"}],"version-history":[{"count":1,"href":"https:\/\/globalsolidarity.live\/maitreyamusic\/wp-json\/wp\/v2\/posts\/1182\/revisions"}],"predecessor-version":[{"id":1183,"href":"https:\/\/globalsolidarity.live\/maitreyamusic\/wp-json\/wp\/v2\/posts\/1182\/revisions\/1183"}],"wp:featuredmedia":[{"embeddable":true,"href":"https:\/\/globalsolidarity.live\/maitreyamusic\/wp-json\/wp\/v2\/media\/1172"}],"wp:attachment":[{"href":"https:\/\/globalsolidarity.live\/maitreyamusic\/wp-json\/wp\/v2\/media?parent=1182"}],"wp:term":[{"taxonomy":"category","embeddable":true,"href":"https:\/\/globalsolidarity.live\/maitreyamusic\/wp-json\/wp\/v2\/categories?post=1182"},{"taxonomy":"post_tag","embeddable":true,"href":"https:\/\/globalsolidarity.live\/maitreyamusic\/wp-json\/wp\/v2\/tags?post=1182"}],"curies":[{"name":"wp","href":"https:\/\/api.w.org\/{rel}","templated":true}]}}