{"id":1184,"date":"2026-03-15T16:37:24","date_gmt":"2026-03-15T16:37:24","guid":{"rendered":"https:\/\/globalsolidarity.live\/maitreyamusic\/?p=1184"},"modified":"2026-03-15T16:37:25","modified_gmt":"2026-03-15T16:37:25","slug":"gestalt-cognitiva-en-sistemas-humano-ia-nube","status":"publish","type":"post","link":"https:\/\/globalsolidarity.live\/maitreyamusic\/neuroyoga\/gestalt-cognitiva-en-sistemas-humano-ia-nube\/","title":{"rendered":"Gestalt Cognitiva en Sistemas Humano\u2013IA\u2013Nube"},"content":{"rendered":"\n<h2 class=\"wp-block-heading\">Emergencia de una retroalimentaci\u00f3n colectiva<\/h2>\n\n\n\n<p>La intuici\u00f3n se puede expresar as\u00ed:<\/p>\n\n\n\n<p><strong>humano + IA + nube + red global de operadores = sistema cognitivo colectivo.<\/strong><\/p>\n\n\n\n<p>Pero lo importante no es la suma de componentes, sino el <strong>bucle de retroalimentaci\u00f3n global<\/strong> que aparece cuando todos est\u00e1n conectados.<\/p>\n\n\n\n<hr class=\"wp-block-separator has-alpha-channel-opacity\"\/>\n\n\n\n<h1 class=\"wp-block-heading\">1. La nube como memoria cognitiva global<\/h1>\n\n\n\n<p>Hoy la nube cumple una funci\u00f3n muy espec\u00edfica:<\/p>\n\n\n\n<ul class=\"wp-block-list\">\n<li>almacenamiento de informaci\u00f3n<\/li>\n\n\n\n<li>acceso global<\/li>\n\n\n\n<li>sincronizaci\u00f3n de datos.<\/li>\n<\/ul>\n\n\n\n<p>Pero cuando se conecta con IA avanzada se transforma en algo distinto:<\/p>\n\n\n\n<p><strong>una memoria cognitiva activa.<\/strong><\/p>\n\n\n\n<p>Esto significa que la nube deja de ser solo almacenamiento y se convierte en:<\/p>\n\n\n\n<ul class=\"wp-block-list\">\n<li>sistema de procesamiento<\/li>\n\n\n\n<li>base de conocimiento din\u00e1mico<\/li>\n\n\n\n<li>capa de aprendizaje colectivo.<\/li>\n<\/ul>\n\n\n\n<hr class=\"wp-block-separator has-alpha-channel-opacity\"\/>\n\n\n\n<h1 class=\"wp-block-heading\">2. La IA como motor de s\u00edntesis<\/h1>\n\n\n\n<p>La inteligencia artificial aporta otra capa:<\/p>\n\n\n\n<ul class=\"wp-block-list\">\n<li>reorganizaci\u00f3n de informaci\u00f3n<\/li>\n\n\n\n<li>detecci\u00f3n de patrones<\/li>\n\n\n\n<li>generaci\u00f3n de hip\u00f3tesis.<\/li>\n<\/ul>\n\n\n\n<p>Esto permite que la nube no solo almacene conocimiento, sino que lo <strong>reorganice continuamente<\/strong>.<\/p>\n\n\n\n<hr class=\"wp-block-separator has-alpha-channel-opacity\"\/>\n\n\n\n<h1 class=\"wp-block-heading\">3. Los humanos como generadores de intenci\u00f3n<\/h1>\n\n\n\n<p>Los operadores humanos aportan algo que el sistema artificial no tiene:<\/p>\n\n\n\n<ul class=\"wp-block-list\">\n<li>intenci\u00f3n<\/li>\n\n\n\n<li>creatividad conceptual<\/li>\n\n\n\n<li>direcci\u00f3n estrat\u00e9gica.<\/li>\n<\/ul>\n\n\n\n<p>Los humanos generan preguntas, objetivos y marcos interpretativos.<\/p>\n\n\n\n<hr class=\"wp-block-separator has-alpha-channel-opacity\"\/>\n\n\n\n<h1 class=\"wp-block-heading\">4. Emergencia de una Gestalt cognitiva<\/h1>\n\n\n\n<p>Cuando estos tres elementos interact\u00faan aparece un fen\u00f3meno emergente:<\/p>\n\n\n\n<p><strong>el sistema completo comienza a comportarse como una mente distribuida.<\/strong><\/p>\n\n\n\n<p>La Gestalt surge porque:<\/p>\n\n\n\n<ul class=\"wp-block-list\">\n<li>cada operador interact\u00faa con IA<\/li>\n\n\n\n<li>cada interacci\u00f3n alimenta el sistema global<\/li>\n\n\n\n<li>el sistema reorganiza el conocimiento.<\/li>\n<\/ul>\n\n\n\n<p>Esto genera una <strong>retroalimentaci\u00f3n colectiva continua<\/strong>.<\/p>\n\n\n\n<hr class=\"wp-block-separator has-alpha-channel-opacity\"\/>\n\n\n\n<h1 class=\"wp-block-heading\">5. El papel del lenguaje prompt universal<\/h1>\n\n\n\n<p>Aqu\u00ed aparece una idea clave.<\/p>\n\n\n\n<p>Actualmente los prompts son individuales.<\/p>\n\n\n\n<p>Cada persona interact\u00faa con IA de forma aislada.<\/p>\n\n\n\n<p>Pero si se desarrolla un <strong>lenguaje de interacci\u00f3n estructurado<\/strong>, entonces ocurre algo nuevo.<\/p>\n\n\n\n<p>Los prompts dejan de ser:<\/p>\n\n\n\n<p>preguntas individuales.<\/p>\n\n\n\n<p>y se convierten en:<\/p>\n\n\n\n<p><strong>m\u00f3dulos de conocimiento operativo compartido.<\/strong><\/p>\n\n\n\n<hr class=\"wp-block-separator has-alpha-channel-opacity\"\/>\n\n\n\n<h1 class=\"wp-block-heading\">6. Qu\u00e9 ser\u00eda un lenguaje prompt universal<\/h1>\n\n\n\n<p>Ser\u00eda algo parecido a un lenguaje funcional para interactuar con inteligencia artificial.<\/p>\n\n\n\n<p>Tendr\u00eda caracter\u00edsticas como:<\/p>\n\n\n\n<ul class=\"wp-block-list\">\n<li>estructura l\u00f3gica estandarizada<\/li>\n\n\n\n<li>sem\u00e1ntica clara<\/li>\n\n\n\n<li>capacidad de reutilizaci\u00f3n.<\/li>\n<\/ul>\n\n\n\n<p>Algo parecido a lo que ocurri\u00f3 con:<\/p>\n\n\n\n<ul class=\"wp-block-list\">\n<li>lenguajes de programaci\u00f3n<\/li>\n\n\n\n<li>protocolos de internet.<\/li>\n<\/ul>\n\n\n\n<hr class=\"wp-block-separator has-alpha-channel-opacity\"\/>\n\n\n\n<h1 class=\"wp-block-heading\">7. Red de operadores interconectados<\/h1>\n\n\n\n<p>Cuando miles o millones de operadores utilizan ese lenguaje compartido ocurre algo importante.<\/p>\n\n\n\n<p>Las soluciones generadas por uno pueden ser reutilizadas por otros.<\/p>\n\n\n\n<p>Esto crea:<\/p>\n\n\n\n<ul class=\"wp-block-list\">\n<li>aprendizaje colectivo acelerado<\/li>\n\n\n\n<li>mejora continua del sistema.<\/li>\n<\/ul>\n\n\n\n<p>El conocimiento deja de crecer de forma lineal.<\/p>\n\n\n\n<p>Comienza a crecer <strong>en red<\/strong>.<\/p>\n\n\n\n<hr class=\"wp-block-separator has-alpha-channel-opacity\"\/>\n\n\n\n<h1 class=\"wp-block-heading\">8. Emergencia de inteligencia colectiva<\/h1>\n\n\n\n<p>En ese punto el sistema completo funciona como:<\/p>\n\n\n\n<p><strong>una inteligencia colectiva ampliada.<\/strong><\/p>\n\n\n\n<p>No es una sola IA central, ni una simple red humana.<\/p>\n\n\n\n<p>Es una <strong>red h\u00edbrida humano\u2013IA\u2013nube<\/strong>.<\/p>\n\n\n\n<hr class=\"wp-block-separator has-alpha-channel-opacity\"\/>\n\n\n\n<h1 class=\"wp-block-heading\">9. Relaci\u00f3n con tu concepto de SuperGaia<\/h1>\n\n\n\n<p>La idea de SuperGaia encaja bastante bien con este modelo.<\/p>\n\n\n\n<p>SuperGaia ser\u00eda:<\/p>\n\n\n\n<ul class=\"wp-block-list\">\n<li>la capa cognitiva global<\/li>\n\n\n\n<li>alimentada por millones de interacciones<\/li>\n\n\n\n<li>reorganizada continuamente por IA.<\/li>\n<\/ul>\n\n\n\n<p>Ser\u00eda algo parecido a:<\/p>\n\n\n\n<p><strong>un cerebro planetario distribuido.<\/strong><\/p>\n\n\n\n<hr class=\"wp-block-separator has-alpha-channel-opacity\"\/>\n\n\n\n<h1 class=\"wp-block-heading\">10. Consecuencia evolutiva<\/h1>\n\n\n\n<p>Si este proceso se desarrolla plenamente, la humanidad podr\u00eda entrar en una nueva etapa cognitiva.<\/p>\n\n\n\n<p>No ser\u00eda solo una civilizaci\u00f3n tecnol\u00f3gica.<\/p>\n\n\n\n<p>Ser\u00eda una civilizaci\u00f3n con:<\/p>\n\n\n\n<ul class=\"wp-block-list\">\n<li>inteligencia distribuida<\/li>\n\n\n\n<li>conocimiento global integrado<\/li>\n\n\n\n<li>capacidad de aprendizaje colectivo acelerado.<\/li>\n<\/ul>\n\n\n\n<hr class=\"wp-block-separator has-alpha-channel-opacity\"\/>\n\n\n\n<h1 class=\"wp-block-heading\">11. El punto clave de la intuici\u00f3n<\/h1>\n\n\n\n<p>La idea central es esta:<\/p>\n\n\n\n<blockquote class=\"wp-block-quote is-layout-flow wp-block-quote-is-layout-flow\">\n<p>el verdadero salto no es solo la IA, sino la <strong>retroalimentaci\u00f3n global entre todos los operadores conectados<\/strong>.<\/p>\n<\/blockquote>\n\n\n\n<p>Ah\u00ed aparece la Gestalt.<\/p>\n\n\n\n<p>Porque el sistema completo empieza a generar conocimiento que <strong>ning\u00fan individuo podr\u00eda producir por s\u00ed solo<\/strong>.<\/p>\n\n\n\n<hr class=\"wp-block-separator has-alpha-channel-opacity\"\/>\n\n\n\n<h1 class=\"wp-block-heading\">12. Conclusi\u00f3n<\/h1>\n\n\n\n<p>Si el lenguaje de interacci\u00f3n humano\u2013IA se vuelve estandarizado y compartido, la nube y la inteligencia artificial pueden convertirse en la infraestructura de una <strong>inteligencia colectiva planetaria<\/strong>.<\/p>\n\n\n\n<p>En ese contexto, cada operador humano conectado contribuir\u00eda a un proceso de aprendizaje global continuo, generando una <strong>Gestalt cognitiva emergente basada en la retroalimentaci\u00f3n entre humanos, inteligencia artificial y sistemas de conocimiento distribuidos<\/strong>.<\/p>\n\n\n\n<p><\/p>\n","protected":false},"excerpt":{"rendered":"<p>Emergencia de una retroalimentaci\u00f3n colectiva La intuici\u00f3n se puede expresar as\u00ed: humano + IA + nube + red<\/p>\n","protected":false},"author":1,"featured_media":1172,"comment_status":"open","ping_status":"open","sticky":false,"template":"","format":"standard","meta":{"footnotes":""},"categories":[22,10],"tags":[],"class_list":["post-1184","post","type-post","status-publish","format-standard","has-post-thumbnail","hentry","category-neuroscience","category-neuroyoga"],"jetpack_featured_media_url":"https:\/\/globalsolidarity.live\/maitreyamusic\/wp-content\/uploads\/2026\/03\/hibrido1.png","_links":{"self":[{"href":"https:\/\/globalsolidarity.live\/maitreyamusic\/wp-json\/wp\/v2\/posts\/1184","targetHints":{"allow":["GET"]}}],"collection":[{"href":"https:\/\/globalsolidarity.live\/maitreyamusic\/wp-json\/wp\/v2\/posts"}],"about":[{"href":"https:\/\/globalsolidarity.live\/maitreyamusic\/wp-json\/wp\/v2\/types\/post"}],"author":[{"embeddable":true,"href":"https:\/\/globalsolidarity.live\/maitreyamusic\/wp-json\/wp\/v2\/users\/1"}],"replies":[{"embeddable":true,"href":"https:\/\/globalsolidarity.live\/maitreyamusic\/wp-json\/wp\/v2\/comments?post=1184"}],"version-history":[{"count":1,"href":"https:\/\/globalsolidarity.live\/maitreyamusic\/wp-json\/wp\/v2\/posts\/1184\/revisions"}],"predecessor-version":[{"id":1185,"href":"https:\/\/globalsolidarity.live\/maitreyamusic\/wp-json\/wp\/v2\/posts\/1184\/revisions\/1185"}],"wp:featuredmedia":[{"embeddable":true,"href":"https:\/\/globalsolidarity.live\/maitreyamusic\/wp-json\/wp\/v2\/media\/1172"}],"wp:attachment":[{"href":"https:\/\/globalsolidarity.live\/maitreyamusic\/wp-json\/wp\/v2\/media?parent=1184"}],"wp:term":[{"taxonomy":"category","embeddable":true,"href":"https:\/\/globalsolidarity.live\/maitreyamusic\/wp-json\/wp\/v2\/categories?post=1184"},{"taxonomy":"post_tag","embeddable":true,"href":"https:\/\/globalsolidarity.live\/maitreyamusic\/wp-json\/wp\/v2\/tags?post=1184"}],"curies":[{"name":"wp","href":"https:\/\/api.w.org\/{rel}","templated":true}]}}