{"id":1179,"date":"2025-09-26T02:50:03","date_gmt":"2025-09-26T02:50:03","guid":{"rendered":"https:\/\/globalsolidarity.live\/news\/?p=1179"},"modified":"2025-09-26T02:50:56","modified_gmt":"2025-09-26T02:50:56","slug":"incendios-forestales-y-cambio-climatico-un-vinculo-que-ya-no-se-puede-ignorar","status":"publish","type":"post","link":"https:\/\/globalsolidarity.live\/news\/news\/incendios-forestales-y-cambio-climatico-un-vinculo-que-ya-no-se-puede-ignorar\/","title":{"rendered":"<strong>Incendios forestales y cambio clim\u00e1tico: un v\u00ednculo que ya no se puede ignorar<\/strong>"},"content":{"rendered":"\n<figure class=\"wp-block-image alignwide size-large\"><a href=\"https:\/\/globalsolidarity.live\/news\/wp-content\/uploads\/2025\/09\/image-128.png\"><img loading=\"lazy\" decoding=\"async\" width=\"1024\" height=\"576\" src=\"https:\/\/globalsolidarity.live\/news\/wp-content\/uploads\/2025\/09\/image-128-1024x576.png\" alt=\"\" class=\"wp-image-1180\" srcset=\"https:\/\/globalsolidarity.live\/news\/wp-content\/uploads\/2025\/09\/image-128-1024x576.png 1024w, https:\/\/globalsolidarity.live\/news\/wp-content\/uploads\/2025\/09\/image-128-300x169.png 300w, https:\/\/globalsolidarity.live\/news\/wp-content\/uploads\/2025\/09\/image-128-768x432.png 768w, https:\/\/globalsolidarity.live\/news\/wp-content\/uploads\/2025\/09\/image-128.png 1536w\" sizes=\"auto, (max-width: 1024px) 100vw, 1024px\" \/><\/a><\/figure>\n\n\n\n<p>Cuando los bosques se queman, el humo que se produce es diferente. Es un humo denso, oscuro, cargado de gases t\u00f3xicos y part\u00edculas finas que complican la visibilidad. Una visibilidad tan reducida como las salidas a esta crisis que parece avanzar sin freno.<br><br>En 2024, la temporada de incendios bati\u00f3 r\u00e9cords en toda Sudam\u00e9rica, con m\u00e1s de 346.000 focos de incendio detectados en el continente. Los incendios forestales han afectado a 22 de las 24 regiones de Per\u00fa. En Bolivia, arrasaron m\u00e1s de 10 millones de hect\u00e1reas, lo que representa casi el 9% del territorio nacional. En comparaci\u00f3n con 2023, los focos de incendios aumentaron significativamente en los principales biomas de Brasil: un 51% en la Amazon\u00eda, casi un 70% en el Cerrado y m\u00e1s de un 600% en el Pantanal. En Argentina la situaci\u00f3n es igualmente cr\u00edtica y desde diciembre de 2024, se registran m\u00e1s de 15.000 hect\u00e1reas afectadas por el fuego en las provincias de Chubut, R\u00edo Negro y Neuqu\u00e9n.<\/p>\n\n\n\n<p>Estas cifras muestran un panorama cr\u00edtico de cambios. Adem\u00e1s, en un contexto de escepticismo clim\u00e1tico, donde se niega a la acci\u00f3n humana como principal responsable del cambio clim\u00e1tico, es urgente visibilizar con evidencia el v\u00ednculo que existe entre el aumento en magnitud y frecuencia de eventos extremos como los incendios forestales y el cambio clim\u00e1tico. Contar con informaci\u00f3n confiable, permite dise\u00f1ar estrategias efectivas de prevenci\u00f3n, respuesta a la emergencia y recuperaci\u00f3n.<\/p>\n\n\n\n<p><strong>Estableciendo el v\u00ednculo entre los incendios forestales y el cambio clim\u00e1tico<\/strong><\/p>\n\n\n\n<p>El aumento de las emisiones de gases de efecto invernadero debido a las actividades humanas ha intensificado la magnitud y las caracter\u00edsticas de los incendios. A la fecha, la ciencia indica que la influencia del cambio clim\u00e1tico en los incendios pueden clasificarse en: Efectos directos sobre las condiciones meteorol\u00f3gicas propicias para los incendios forestales (temperaturas altas, sequ\u00eda y vientos); Efectos indirectos derivados de cambios en la naturaleza y disponibilidad de biomasa, que sirve como combustible para la propagaci\u00f3n del fuego; Cambios directos e indirectos en los patrones de ignici\u00f3n, tanto naturales como provocados por el ser humano, as\u00ed como en la demograf\u00eda y el comportamiento humano.<\/p>\n\n\n\n<p>En estas tres formas, el cambio clim\u00e1tico est\u00e1 generando condiciones &#8220;favorables&#8221; para que los incendios sean m\u00e1s severos y frecuentes, lo que hace que los ecosistemas sean menos resilientes y capaces de regenerarse.<\/p>\n\n\n\n<p>Para romper este c\u00edrculo vicioso, es fundamental avanzar en estrategias que fortalezcan la prevenci\u00f3n, mejoren la respuesta y promuevan la restauraci\u00f3n de los ecosistemas afectados. Un esfuerzo innovador en este marco es la iniciativa BASE que con el apoyo de la Fundaci\u00f3n Skoll, buscar\u00e1 trabajar bajo tres aristas: financiamiento local, investigaci\u00f3n e incidencia. Junto a actores locales del bioma amaz\u00f3nico se financiar\u00e1n acciones lideradas localmente en prevenci\u00f3n, respuesta y\/o recuperaci\u00f3n, y ser\u00e1n una fuente clave de informaci\u00f3n que provenga directamente de los territorios impactados. \u201cJunto con My Climate Risk, una iniciativa liderada por cient\u00edficos y cient\u00edficas de todo el mundo, que implementan un enfoque \u2018de abajo hacia arriba\u2019 para evaluar el riesgo clim\u00e1tico regional, analizaremos diferentes l\u00edneas de evidencia. La meta es simple: entender el v\u00ednculo entre los incendios forestales y el cambio clim\u00e1tico. Esta informaci\u00f3n no solo es fundamental para facilitar el acceso a fondos clim\u00e1ticos, sino tambi\u00e9n para que las comunidades cuenten con informaci\u00f3n clara y \u00fatil para adaptarse mejor a un clima cambiante y hacerle frente con m\u00e1s herramientas a las posibles p\u00e9rdidas y da\u00f1os\u201d, comenta Victoria Matusevich, responsable de la iniciativa BASE y coordinadora program\u00e1tica de Fundaci\u00f3n Avina.<\/p>\n\n\n\n<p>En Argentina, por ejemplo, la Ley 26.815 cre\u00f3 el Sistema Federal de Manejo del Fuego (SNMF) que establece los presupuestos m\u00ednimos de protecci\u00f3n ambiental en materia de incendios forestales y establece un Fondo Nacional del Manejo del Fuego a ser conformado por partidas de diferentes fuentes. En 2022, los fondos para el sector rondaron los $6.700 millones. Estas partidas no s\u00f3lo son insuficientes, sino que en el proyecto de Ley de Presupuesto 2025 se observa una dram\u00e1tica ca\u00edda, de entre el 31,8% y el 41,9% en t\u00e9rminos reales.<\/p>\n\n\n\n<p>\u201cEs urgente la necesidad de desarrollar respuestas sist\u00e9micas que puedan escalar e influir en el \u00e1mbito p\u00fablico, empresarial y en el ecosistema de financiamiento para p\u00e9rdidas y da\u00f1os, apoyando iniciativas espec\u00edficas que generen un cambio significativo, empoderen a las comunidades en la primera l\u00ednea de los impactos y catalicen una resiliencia duradera donde m\u00e1s se necesita. Mientras se genera evidencia m\u00e1s clara sobre el v\u00ednculo entre el cambio clim\u00e1tico y los incendios forestales, la emergencia contin\u00faa avanzando. Es crucial que los tomadores de decisi\u00f3n se comprometan con financiamiento adecuado, predecible y directo para la prevenci\u00f3n, respuesta y recuperaci\u00f3n de ecosistemas y comunidades afectadas\u201d, reflexiona Matusevich.<br>&nbsp;<\/p>\n\n\n\n<p><strong>Para consultas sobre este tema contactar a:&nbsp;<\/strong><br>Ana (Nani) Maria Vela:&nbsp;<a rel=\"noreferrer noopener\" href=\"mailto:nani.vela@avina.net\" target=\"_blank\">nani.vela@avina.net<\/a><\/p>\n\n\n\n<p>Fuente:&nbsp;<a href=\"https:\/\/inncontext.net\/agencia-de-noticias\/\">Agencia de Noticias InnContext<\/a><\/p>\n","protected":false},"excerpt":{"rendered":"<p>Cuando los bosques se queman, el humo que se produce es diferente. Es un humo denso, oscuro, cargado<\/p>\n","protected":false},"author":1,"featured_media":1180,"comment_status":"open","ping_status":"open","sticky":false,"template":"","format":"standard","meta":{"footnotes":"","jetpack_publicize_message":"","jetpack_publicize_feature_enabled":true,"jetpack_social_post_already_shared":true,"jetpack_social_options":{"image_generator_settings":{"template":"highway","default_image_id":0,"font":"","enabled":false},"version":2}},"categories":[7,3,6],"tags":[],"class_list":["post-1179","post","type-post","status-publish","format-standard","has-post-thumbnail","hentry","category-global-warming","category-news","category-news-now"],"jetpack_publicize_connections":[],"_links":{"self":[{"href":"https:\/\/globalsolidarity.live\/news\/wp-json\/wp\/v2\/posts\/1179","targetHints":{"allow":["GET"]}}],"collection":[{"href":"https:\/\/globalsolidarity.live\/news\/wp-json\/wp\/v2\/posts"}],"about":[{"href":"https:\/\/globalsolidarity.live\/news\/wp-json\/wp\/v2\/types\/post"}],"author":[{"embeddable":true,"href":"https:\/\/globalsolidarity.live\/news\/wp-json\/wp\/v2\/users\/1"}],"replies":[{"embeddable":true,"href":"https:\/\/globalsolidarity.live\/news\/wp-json\/wp\/v2\/comments?post=1179"}],"version-history":[{"count":2,"href":"https:\/\/globalsolidarity.live\/news\/wp-json\/wp\/v2\/posts\/1179\/revisions"}],"predecessor-version":[{"id":1182,"href":"https:\/\/globalsolidarity.live\/news\/wp-json\/wp\/v2\/posts\/1179\/revisions\/1182"}],"wp:featuredmedia":[{"embeddable":true,"href":"https:\/\/globalsolidarity.live\/news\/wp-json\/wp\/v2\/media\/1180"}],"wp:attachment":[{"href":"https:\/\/globalsolidarity.live\/news\/wp-json\/wp\/v2\/media?parent=1179"}],"wp:term":[{"taxonomy":"category","embeddable":true,"href":"https:\/\/globalsolidarity.live\/news\/wp-json\/wp\/v2\/categories?post=1179"},{"taxonomy":"post_tag","embeddable":true,"href":"https:\/\/globalsolidarity.live\/news\/wp-json\/wp\/v2\/tags?post=1179"}],"curies":[{"name":"wp","href":"https:\/\/api.w.org\/{rel}","templated":true}]}}