{"id":1189,"date":"2025-09-26T02:59:03","date_gmt":"2025-09-26T02:59:03","guid":{"rendered":"https:\/\/globalsolidarity.live\/news\/?p=1189"},"modified":"2025-09-26T02:59:03","modified_gmt":"2025-09-26T02:59:03","slug":"eventos-climaticos-pueden-afectar-la-seguridad-alimentaria-de-al-menos-20-paises-en-america-latina-y-el-caribe","status":"publish","type":"post","link":"https:\/\/globalsolidarity.live\/news\/news\/eventos-climaticos-pueden-afectar-la-seguridad-alimentaria-de-al-menos-20-paises-en-america-latina-y-el-caribe\/","title":{"rendered":"<strong>Eventos clim\u00e1ticos pueden afectar la seguridad alimentaria\u00a0de al menos 20 pa\u00edses en Am\u00e9rica Latina y el Caribe<\/strong>"},"content":{"rendered":"\n<figure class=\"wp-block-image alignwide size-large\"><a href=\"https:\/\/globalsolidarity.live\/news\/wp-content\/uploads\/2025\/09\/image-131.png\"><img loading=\"lazy\" decoding=\"async\" width=\"1024\" height=\"683\" src=\"https:\/\/globalsolidarity.live\/news\/wp-content\/uploads\/2025\/09\/image-131-1024x683.png\" alt=\"\" class=\"wp-image-1190\" srcset=\"https:\/\/globalsolidarity.live\/news\/wp-content\/uploads\/2025\/09\/image-131-1024x683.png 1024w, https:\/\/globalsolidarity.live\/news\/wp-content\/uploads\/2025\/09\/image-131-300x200.png 300w, https:\/\/globalsolidarity.live\/news\/wp-content\/uploads\/2025\/09\/image-131-768x513.png 768w, https:\/\/globalsolidarity.live\/news\/wp-content\/uploads\/2025\/09\/image-131.png 1536w\" sizes=\"auto, (max-width: 1024px) 100vw, 1024px\" \/><\/a><\/figure>\n\n\n\n<p>Se lanz\u00f3 el nuevo&nbsp;<em>Panorama regional de la seguridad alimentaria y la nutrici\u00f3n en Am\u00e9rica Latina y el Caribe,&nbsp;<\/em>realizado en conjunto por la Organizaci\u00f3n de Naciones Unidas para la Alimentaci\u00f3n y la Agricultura (FAO), el Fondo Internacional de Desarrollo Agr\u00edcola (FIDA), la Organizaci\u00f3n Panamericana de la Salud (OPS), el Programa Mundial de Alimentos (WFP) y el Fondo de Naciones Unidas para la Infancia (UNICEF).<\/p>\n\n\n\n<p>El reporte entrega una visi\u00f3n detallada de los indicadores de hambre, inseguridad alimentaria y malnutrici\u00f3n en cada uno de los pa\u00edses de Am\u00e9rica Latina y el Caribe y explica las causas por las que la inseguridad alimentaria de la regi\u00f3n cae por debajo del promedio mundial, por primera vez en 10 a\u00f1os.&nbsp;<\/p>\n\n\n\n<p>Al mismo tiempo, la edici\u00f3n 2024 del&nbsp;<em>Panorama&nbsp;<\/em>se concentra en el fomento de la resiliencia frente a la variabilidad del clima y los eventos extremos para la seguridad alimentaria y la nutrici\u00f3n. El reporte busca apoyar a los pa\u00edses en la elaboraci\u00f3n de pol\u00edticas p\u00fablicas para fortalecer la resiliencia de los sistemas agroalimentarios, permitiendo la consecuci\u00f3n del Objetivo de Desarrollo Sostenible 2 (Hambre Cero).\u202f&nbsp;<\/p>\n\n\n\n<p>El reporte concluye que 20 pa\u00edses de la regi\u00f3n tienen alta exposici\u00f3n a eventos clim\u00e1ticos extremos, mientras que 14 se han definido como vulnerables frente a los mismos. Al analizar los pa\u00edses afectados (que presentan una combinaci\u00f3n de ambas categor\u00edas) se observa un aumento del hambre de 1,5 puntos porcentuales, lo que representa un desaf\u00edo para que la disminuci\u00f3n de la prevalencia de hambre e inseguridad alimentaria de la regi\u00f3n en los \u00faltimos dos a\u00f1os pueda ser una tendencia para acelerar el cumplimiento de las metas del ODS2.&nbsp;<\/p>\n\n\n\n<p>Puede acceder al informe completo de Panorama 2024:\u00a0<a rel=\"noreferrer noopener\" href=\"https:\/\/avina.us4.list-manage.com\/track\/click?u=e86baf6a933dcb6c0233dcc29&amp;id=50b01a0738&amp;e=d24a8afccc\" target=\"_blank\">https:\/\/bit.ly\/FAOPanorama2024<\/a>\u00a0\u202f\u00a0<\/p>\n\n\n\n<p>Fuente:&nbsp;<a href=\"https:\/\/inncontext.net\/agencia-de-noticias\/\">Agencia de Noticias InnContext<\/a><\/p>\n","protected":false},"excerpt":{"rendered":"<p>Se lanz\u00f3 el nuevo&nbsp;Panorama regional de la seguridad alimentaria y la nutrici\u00f3n en Am\u00e9rica Latina y el Caribe,&nbsp;realizado<\/p>\n","protected":false},"author":1,"featured_media":1190,"comment_status":"open","ping_status":"open","sticky":false,"template":"","format":"standard","meta":{"footnotes":"","jetpack_publicize_message":"","jetpack_publicize_feature_enabled":true,"jetpack_social_post_already_shared":true,"jetpack_social_options":{"image_generator_settings":{"template":"highway","default_image_id":0,"font":"","enabled":false},"version":2}},"categories":[7,17,3,6],"tags":[],"class_list":["post-1189","post","type-post","status-publish","format-standard","has-post-thumbnail","hentry","category-global-warming","category-nature","category-news","category-news-now"],"jetpack_publicize_connections":[],"_links":{"self":[{"href":"https:\/\/globalsolidarity.live\/news\/wp-json\/wp\/v2\/posts\/1189","targetHints":{"allow":["GET"]}}],"collection":[{"href":"https:\/\/globalsolidarity.live\/news\/wp-json\/wp\/v2\/posts"}],"about":[{"href":"https:\/\/globalsolidarity.live\/news\/wp-json\/wp\/v2\/types\/post"}],"author":[{"embeddable":true,"href":"https:\/\/globalsolidarity.live\/news\/wp-json\/wp\/v2\/users\/1"}],"replies":[{"embeddable":true,"href":"https:\/\/globalsolidarity.live\/news\/wp-json\/wp\/v2\/comments?post=1189"}],"version-history":[{"count":1,"href":"https:\/\/globalsolidarity.live\/news\/wp-json\/wp\/v2\/posts\/1189\/revisions"}],"predecessor-version":[{"id":1191,"href":"https:\/\/globalsolidarity.live\/news\/wp-json\/wp\/v2\/posts\/1189\/revisions\/1191"}],"wp:featuredmedia":[{"embeddable":true,"href":"https:\/\/globalsolidarity.live\/news\/wp-json\/wp\/v2\/media\/1190"}],"wp:attachment":[{"href":"https:\/\/globalsolidarity.live\/news\/wp-json\/wp\/v2\/media?parent=1189"}],"wp:term":[{"taxonomy":"category","embeddable":true,"href":"https:\/\/globalsolidarity.live\/news\/wp-json\/wp\/v2\/categories?post=1189"},{"taxonomy":"post_tag","embeddable":true,"href":"https:\/\/globalsolidarity.live\/news\/wp-json\/wp\/v2\/tags?post=1189"}],"curies":[{"name":"wp","href":"https:\/\/api.w.org\/{rel}","templated":true}]}}