{"id":2066,"date":"2025-10-02T22:00:08","date_gmt":"2025-10-02T22:00:08","guid":{"rendered":"https:\/\/globalsolidarity.live\/news\/?p=2066"},"modified":"2025-10-02T22:00:08","modified_gmt":"2025-10-02T22:00:08","slug":"el-sector-pesquero-advierte-las-retenciones-al-15-destruiran-mercados-empleo-y-valor-agregado","status":"publish","type":"post","link":"https:\/\/globalsolidarity.live\/news\/fishnews\/el-sector-pesquero-advierte-las-retenciones-al-15-destruiran-mercados-empleo-y-valor-agregado\/","title":{"rendered":"\u201cEl sector pesquero advierte: las retenciones al 15% destruir\u00e1n mercados, empleo y valor agregado\u201d"},"content":{"rendered":"\n<h3 class=\"wp-block-heading\"> \u2013 Econ\u00f3mico<\/h3>\n\n\n\n<p><strong> FISHAGENCY.NET.-<\/strong> <em>\u201cLa suba de retenciones al 15% golpea a la pesca: p\u00e9rdida de competitividad y empleo\u201d<\/em><br> El sector advierte que un aumento de esta magnitud dejar\u00eda a Argentina fuera de mercados internacionales clave.<\/p>\n\n\n\n<h3 class=\"wp-block-heading\"> \u2013 Institucional<\/h3>\n\n\n\n<p> <em>\u201cEl sector pesquero pide revertir la suba de retenciones\u201d<\/em><br> C\u00e1maras empresarias se\u00f1alan que la medida contradice la pol\u00edtica de incentivo al valor agregado anunciada en 2021.<\/p>\n\n\n\n<h3 class=\"wp-block-heading\"> \u2013 Social<\/h3>\n\n\n\n<p><em>\u201cRetenciones: riesgo de cierre de plantas y p\u00e9rdida de empleo en provincias pesqueras\u201d<\/em><br> La industria advierte que el 15% de gravamen desincentivar\u00e1 el procesamiento local y afectar\u00e1 comunidades costeras.<\/p>\n\n\n\n<hr class=\"wp-block-separator has-alpha-channel-opacity\"\/>\n\n\n\n<p>Las c\u00e1maras y empresas de la industria pesquera expresaron su <strong>rechazo a la propuesta de elevar las retenciones a los productos elaborados al 15%<\/strong>, medida que consideran un <strong>retroceso<\/strong> frente a la pol\u00edtica de reducci\u00f3n aplicada en 2021.<\/p>\n\n\n\n<hr class=\"wp-block-separator has-alpha-channel-opacity\"\/>\n\n\n\n<h3 class=\"wp-block-heading\">\u2693 Datos clave<\/h3>\n\n\n\n<ul class=\"wp-block-list\">\n<li>En 2021, el <strong>Bolet\u00edn Oficial<\/strong> redujo retenciones para promover el <strong>valor agregado<\/strong>: conservas (0%), filetes (3%), langostino \u201ceasypeel\u201d (1%).<\/li>\n\n\n\n<li>La suba al <strong>15%<\/strong> implica <strong>perder entre 12 y 15 puntos de competitividad internacional<\/strong>.<\/li>\n\n\n\n<li>Un incremento de apenas <strong>2\u20133% basta para ser desplazados en mercados externos<\/strong>.<\/li>\n\n\n\n<li>La industria elaboradora genera m\u00e1s <strong>empleo intensivo<\/strong> que la exportaci\u00f3n de materia prima sin procesar.<\/li>\n\n\n\n<li>Se pone en riesgo la apertura de mercados lograda con <strong>2\u20133 a\u00f1os de inversi\u00f3n y promoci\u00f3n internacional<\/strong>.<\/li>\n<\/ul>\n\n\n\n<hr class=\"wp-block-separator has-alpha-channel-opacity\"\/>\n\n\n\n<h3 class=\"wp-block-heading\">\ud83d\udce2 Declaraci\u00f3n (borrador)<\/h3>\n\n\n\n<blockquote class=\"wp-block-quote is-layout-flow wp-block-quote-is-layout-flow\">\n<p><em>\u201cSubir las retenciones al 15% significa destruir en semanas lo que tardamos a\u00f1os en construir. Perderemos mercados, empleo y valor agregado en beneficio de competidores como China, Vietnam o Marruecos\u201d<\/em>, se\u00f1alaron desde las c\u00e1maras del sector.<\/p>\n<\/blockquote>\n\n\n\n<hr class=\"wp-block-separator has-alpha-channel-opacity\"\/>\n\n\n\n<h3 class=\"wp-block-heading\">\ud83d\udccd Conclusi\u00f3n<\/h3>\n\n\n\n<p>El sector advierte que la medida <strong>penaliza el empleo y la inversi\u00f3n en valor agregado<\/strong>, contradice la pol\u00edtica de incentivo de 2021 y puede derivar en la <strong>p\u00e9rdida definitiva de mercados internacionales<\/strong>.<\/p>\n\n\n\n<p><strong>Fuente:<\/strong> Informe sectorial sobre retenciones en productos elaborados de pesca (2024) + Bolet\u00edn Oficial 06\/11\/2021.<\/p>\n\n\n\n<hr class=\"wp-block-separator has-alpha-channel-opacity\"\/>\n\n\n\n<h1 class=\"wp-block-heading\">\u2693 Impacto del aumento de retenciones en la pesca industrial argentina<\/h1>\n\n\n\n<h2 class=\"wp-block-heading\">1. Contexto<\/h2>\n\n\n\n<p>El gobierno anunci\u00f3 la posibilidad de elevar las <strong>retenciones a las exportaciones de productos elaborados de la pesca al 15%<\/strong>, contradiciendo la pol\u00edtica previa de reducir o eliminar este gravamen.<br>En 2021, se hab\u00edan eliminado o disminuido al\u00edcuotas para promover el <strong>valor agregado<\/strong> en el sector pesquero. Ahora, la suba significar\u00eda un <strong>retroceso<\/strong> en competitividad frente a pa\u00edses competidores como <strong>China, Vietnam, Marruecos, Taiw\u00e1n y Per\u00fa<\/strong>INFORME-AUMENTO-DE-RETENCIONES-\u2026.<\/p>\n\n\n\n<hr class=\"wp-block-separator has-alpha-channel-opacity\"\/>\n\n\n\n<h2 class=\"wp-block-heading\">2. Conceptos clave<\/h2>\n\n\n\n<ul class=\"wp-block-list\">\n<li><strong>Retenciones \/ Derechos de Exportaci\u00f3n (DEX):<\/strong> Impuestos aplicados al valor FOB de productos exportados. Se usan para recaudar fiscalmente y controlar precios internos, pero generan p\u00e9rdida de competitividad externa.<\/li>\n\n\n\n<li><strong>Gravamen perverso:<\/strong> t\u00e9rmino usado en el informe para se\u00f1alar que los DEX <strong>penalizan la producci\u00f3n y el agregado de valor<\/strong>, desincentivando la exportaci\u00f3n.<\/li>\n\n\n\n<li><strong>Valor agregado:<\/strong> transformaci\u00f3n del pescado en productos elaborados (conservas, filetes, preparaciones), que generan m\u00e1s empleo y diversificaci\u00f3n de mercados.<\/li>\n\n\n\n<li><strong>Competitividad internacional:<\/strong> capacidad de sostener mercados externos frente a competidores con menores costos impositivos.<\/li>\n<\/ul>\n\n\n\n<hr class=\"wp-block-separator has-alpha-channel-opacity\"\/>\n\n\n\n<h2 class=\"wp-block-heading\">3. Evoluci\u00f3n de las retenciones (seg\u00fan Bolet\u00edn Oficial 06\/11\/2021)<\/h2>\n\n\n\n<figure class=\"wp-block-table\"><table><thead><tr><th>Producto pesquero elaborado\/exportado<\/th><th>Retenci\u00f3n previa<\/th><th>Retenci\u00f3n 2021<\/th><th>Situaci\u00f3n actual proyectada<\/th><\/tr><\/thead><tbody><tr><td>Conservas y preparaciones completas<\/td><td>4,5%<\/td><td>0% (eliminada)<\/td><td>15% (propuesta)<\/td><\/tr><tr><td>Langostino \u201ceasypeel\u201d o \u201ctail on\u201d<\/td><td>5%<\/td><td>1%<\/td><td>15%<\/td><\/tr><tr><td>Tubo limpio de calamar (\u22641 kg envase)<\/td><td>7%<\/td><td>5%<\/td><td>15%<\/td><\/tr><tr><td>Filetes congelados (corvina, lenguado, mero, besugo, etc.)<\/td><td>5%<\/td><td>3%<\/td><td>15%<\/td><\/tr><\/tbody><\/table><\/figure>\n\n\n\n<p>\ud83d\udc49 La pol\u00edtica inicial se presentaba como <strong>\u201cincentivo al desarrollo y agregado de valor\u201d<\/strong>, pero la nueva propuesta invierte esa l\u00f3gicaINFORME-AUMENTO-DE-RETENCIONES-\u2026.<\/p>\n\n\n\n<hr class=\"wp-block-separator has-alpha-channel-opacity\"\/>\n\n\n\n<h2 class=\"wp-block-heading\">4. An\u00e1lisis del impacto<\/h2>\n\n\n\n<h3 class=\"wp-block-heading\">A. Econ\u00f3mico<\/h3>\n\n\n\n<ul class=\"wp-block-list\">\n<li>La suba del 15% equivale a <strong>eliminar de golpe entre 12 y 15 puntos de competitividad<\/strong>, destruyendo la apertura de mercados lograda en <strong>2\u20133 a\u00f1os de inversi\u00f3n<\/strong> en ferias, promoci\u00f3n y negociaciones.<\/li>\n\n\n\n<li>Incluso absorbiendo la mitad del impuesto (7%), se perder\u00edan clientes, ya que <strong>incrementos del 2\u20133% bastan para quedar fuera de mercado internacional<\/strong>INFORME-AUMENTO-DE-RETENCIONES-\u2026.<\/li>\n<\/ul>\n\n\n\n<h3 class=\"wp-block-heading\">B. Comercial<\/h3>\n\n\n\n<ul class=\"wp-block-list\">\n<li>Riesgo de <strong>desplazamiento inmediato<\/strong> en g\u00f3ndolas internacionales frente a proveedores de menor costo.<\/li>\n\n\n\n<li>Impacto mayor en productos <strong>\u201cready to eat\u201d<\/strong> (listas para consumo) y <strong>envases para supermercados<\/strong>, que requieren <strong>a\u00f1os de negociaci\u00f3n comercial<\/strong>.<\/li>\n<\/ul>\n\n\n\n<h3 class=\"wp-block-heading\">C. Social y laboral<\/h3>\n\n\n\n<ul class=\"wp-block-list\">\n<li>La industria elaboradora genera m\u00e1s <strong>mano de obra intensiva<\/strong> que la exportaci\u00f3n de commodities sin procesar.<\/li>\n\n\n\n<li>Aumentar retenciones castiga <strong>el empleo en plantas de procesamiento<\/strong> en provincias costeras.<\/li>\n<\/ul>\n\n\n\n<h3 class=\"wp-block-heading\">D. Institucional<\/h3>\n\n\n\n<ul class=\"wp-block-list\">\n<li>Contradicci\u00f3n entre el discurso del propio Ministro de Econom\u00eda Luis Caputo (\u201clos derechos de exportaci\u00f3n son un gravamen perverso\u201d) y la pr\u00e1ctica de aumentarlos.<\/li>\n\n\n\n<li>Mensaje confuso a <strong>inversores y mercados externos<\/strong>.<\/li>\n<\/ul>\n\n\n\n<hr class=\"wp-block-separator has-alpha-channel-opacity\"\/>\n\n\n\n<h2 class=\"wp-block-heading\">5. Conclusi\u00f3n estrat\u00e9gica<\/h2>\n\n\n\n<ul class=\"wp-block-list\">\n<li>El aumento de retenciones <strong>penaliza el valor agregado<\/strong> y expone al pa\u00eds a perder mercados internacionales clave.<\/li>\n\n\n\n<li>La medida contradice los principios de <strong>incentivo a la producci\u00f3n y al empleo<\/strong> expresados en 2021.<\/li>\n\n\n\n<li>Se recomienda abrir un <strong>canal de di\u00e1logo urgente<\/strong> con el Gobierno para revertir la propuesta y sostener la pol\u00edtica de reducci\u00f3n\/eliminaci\u00f3n de retenciones.<\/li>\n<\/ul>\n\n\n\n<hr class=\"wp-block-separator has-alpha-channel-opacity\"\/>\n\n\n\n<h2 class=\"wp-block-heading\">6. Tabla s\u00edntesis: efectos esperados<\/h2>\n\n\n\n<figure class=\"wp-block-table\"><table><thead><tr><th>Eje de an\u00e1lisis<\/th><th>Impacto con retenciones al 15%<\/th><\/tr><\/thead><tbody><tr><td>Competitividad internacional<\/td><td>Ca\u00edda inmediata frente a competidores (China, Vietnam, Marruecos, Per\u00fa).<\/td><\/tr><tr><td>Mercados abiertos<\/td><td>Riesgo de perderlos en semanas, tras 2\u20133 a\u00f1os de inversi\u00f3n.<\/td><\/tr><tr><td>Empleo<\/td><td>Reducci\u00f3n en plantas elaboradoras, m\u00e1s desempleo en provincias costeras.<\/td><\/tr><tr><td>Inversiones<\/td><td>Freno a nuevos proyectos de valor agregado.<\/td><\/tr><tr><td>Recaudaci\u00f3n fiscal<\/td><td>Ganancia transitoria, pero ca\u00edda posterior por menor volumen exportado.<\/td><\/tr><\/tbody><\/table><\/figure>\n\n\n\n<hr class=\"wp-block-separator has-alpha-channel-opacity\"\/>\n\n\n\n<p>\ud83d\udccc <strong>Fuentes principales:<\/strong><\/p>\n\n\n\n<ul class=\"wp-block-list\">\n<li><em>Informe sectorial sobre retenciones en productos elaborados de pesca<\/em>INFORME-AUMENTO-DE-RETENCIONES-\u2026<\/li>\n\n\n\n<li>Bolet\u00edn Oficial, 6 de noviembre de 2021 (modificaciones arancelarias sector pesca).<\/li>\n<\/ul>\n\n\n\n<p><strong>Fuente principal:<\/strong> <em><a href=\"https:\/\/capearalfa.com.ar\/informe-aumento-retenciones\/\">Informe sobre impacto del aumento de retenciones en productos elaborados de la pesca<\/a><\/em><\/p>\n\n\n\n<figure class=\"wp-block-embed is-type-wp-embed is-provider-fishagency-net wp-block-embed-fishagency-net\"><div class=\"wp-block-embed__wrapper\">\n<blockquote class=\"wp-embedded-content\" data-secret=\"MeA3HoBawk\"><a href=\"https:\/\/globalsolidarity.live\/news\/aiomega-international-strategy-unit\/\">\u2600\ufe0f+AIOmega International Strategy Unit<\/a><\/blockquote><iframe loading=\"lazy\" class=\"wp-embedded-content\" sandbox=\"allow-scripts\" security=\"restricted\" style=\"position: absolute; visibility: hidden;\" title=\"&#8220;\u2600\ufe0f+AIOmega International Strategy Unit&#8221; &#8212; portsfish.agency\" src=\"https:\/\/globalsolidarity.live\/news\/aiomega-international-strategy-unit\/embed\/#?secret=wAPoHIvxoW#?secret=MeA3HoBawk\" data-secret=\"MeA3HoBawk\" width=\"600\" height=\"338\" frameborder=\"0\" marginwidth=\"0\" marginheight=\"0\" scrolling=\"no\"><\/iframe>\n<\/div><\/figure>\n\n\n\n<figure class=\"wp-block-embed is-type-wp-embed is-provider-fishagency-net wp-block-embed-fishagency-net\"><div class=\"wp-block-embed__wrapper\">\n<blockquote class=\"wp-embedded-content\" data-secret=\"uClhe66xVy\"><a href=\"https:\/\/globalsolidarity.live\/news\/fishnetworknewstelesalerstrade\/\">FISHNETWORK=NEWS+TELESALERS+TRADE<\/a><\/blockquote><iframe loading=\"lazy\" class=\"wp-embedded-content\" sandbox=\"allow-scripts\" security=\"restricted\" style=\"position: absolute; visibility: hidden;\" title=\"&#8220;FISHNETWORK=NEWS+TELESALERS+TRADE&#8221; &#8212; portsfish.agency\" src=\"https:\/\/globalsolidarity.live\/news\/fishnetworknewstelesalerstrade\/embed\/#?secret=zxPk54eG29#?secret=uClhe66xVy\" data-secret=\"uClhe66xVy\" width=\"600\" height=\"338\" frameborder=\"0\" marginwidth=\"0\" marginheight=\"0\" scrolling=\"no\"><\/iframe>\n<\/div><\/figure>\n\n\n\n<p>wearetheecoplanet@gmail.com<\/p>\n\n\n\n<figure class=\"wp-block-image size-large\"><a href=\"https:\/\/globalsolidarity.live\/news\/links-de-pesca-claves\/\"><img loading=\"lazy\" decoding=\"async\" width=\"1024\" height=\"683\" src=\"https:\/\/globalsolidarity.live\/news\/wp-content\/uploads\/2025\/10\/image-1-1024x683.png\" alt=\"\" class=\"wp-image-1880\" srcset=\"https:\/\/globalsolidarity.live\/news\/wp-content\/uploads\/2025\/10\/image-1-1024x683.png 1024w, https:\/\/globalsolidarity.live\/news\/wp-content\/uploads\/2025\/10\/image-1-300x200.png 300w, https:\/\/globalsolidarity.live\/news\/wp-content\/uploads\/2025\/10\/image-1-768x512.png 768w, https:\/\/globalsolidarity.live\/news\/wp-content\/uploads\/2025\/10\/image-1.png 1536w\" sizes=\"auto, (max-width: 1024px) 100vw, 1024px\" \/><\/a><\/figure>\n","protected":false},"excerpt":{"rendered":"<p>\u2013 Econ\u00f3mico FISHAGENCY.NET.- \u201cLa suba de retenciones al 15% golpea a la pesca: p\u00e9rdida de competitividad y empleo\u201d<\/p>\n","protected":false},"author":1,"featured_media":2067,"comment_status":"open","ping_status":"open","sticky":false,"template":"","format":"standard","meta":{"footnotes":"","jetpack_publicize_message":"","jetpack_publicize_feature_enabled":true,"jetpack_social_post_already_shared":true,"jetpack_social_options":{"image_generator_settings":{"template":"highway","default_image_id":0,"font":"","enabled":false},"version":2}},"categories":[22,19],"tags":[],"class_list":["post-2066","post","type-post","status-publish","format-standard","has-post-thumbnail","hentry","category-fishing-cameras","category-fishnews"],"jetpack_publicize_connections":[],"_links":{"self":[{"href":"https:\/\/globalsolidarity.live\/news\/wp-json\/wp\/v2\/posts\/2066","targetHints":{"allow":["GET"]}}],"collection":[{"href":"https:\/\/globalsolidarity.live\/news\/wp-json\/wp\/v2\/posts"}],"about":[{"href":"https:\/\/globalsolidarity.live\/news\/wp-json\/wp\/v2\/types\/post"}],"author":[{"embeddable":true,"href":"https:\/\/globalsolidarity.live\/news\/wp-json\/wp\/v2\/users\/1"}],"replies":[{"embeddable":true,"href":"https:\/\/globalsolidarity.live\/news\/wp-json\/wp\/v2\/comments?post=2066"}],"version-history":[{"count":1,"href":"https:\/\/globalsolidarity.live\/news\/wp-json\/wp\/v2\/posts\/2066\/revisions"}],"predecessor-version":[{"id":2068,"href":"https:\/\/globalsolidarity.live\/news\/wp-json\/wp\/v2\/posts\/2066\/revisions\/2068"}],"wp:featuredmedia":[{"embeddable":true,"href":"https:\/\/globalsolidarity.live\/news\/wp-json\/wp\/v2\/media\/2067"}],"wp:attachment":[{"href":"https:\/\/globalsolidarity.live\/news\/wp-json\/wp\/v2\/media?parent=2066"}],"wp:term":[{"taxonomy":"category","embeddable":true,"href":"https:\/\/globalsolidarity.live\/news\/wp-json\/wp\/v2\/categories?post=2066"},{"taxonomy":"post_tag","embeddable":true,"href":"https:\/\/globalsolidarity.live\/news\/wp-json\/wp\/v2\/tags?post=2066"}],"curies":[{"name":"wp","href":"https:\/\/api.w.org\/{rel}","templated":true}]}}