{"id":2084,"date":"2025-10-02T23:30:26","date_gmt":"2025-10-02T23:30:26","guid":{"rendered":"https:\/\/globalsolidarity.live\/news\/?p=2084"},"modified":"2025-10-06T07:23:36","modified_gmt":"2025-10-06T07:23:36","slug":"%e2%9a%93-retenciones-cero-competitividad-global-y-mirada-estrategica-la-agenda-pesquera-segun-capip","status":"publish","type":"post","link":"https:\/\/globalsolidarity.live\/news\/fishnews\/%e2%9a%93-retenciones-cero-competitividad-global-y-mirada-estrategica-la-agenda-pesquera-segun-capip\/","title":{"rendered":"\u2693 Retenciones cero, competitividad global y mirada estrat\u00e9gica: la agenda pesquera seg\u00fan CAPIP"},"content":{"rendered":"\n<h2 class=\"wp-block-heading\">\ud83d\udccc Introducci\u00f3n<\/h2>\n\n\n\n<p><strong>FISHAGENCY.NET.- <\/strong>Tras participar en la presentaci\u00f3n de <strong>Provincias Unidas<\/strong>, el presidente de la <strong>C\u00e1mara Argentina Patag\u00f3nica de Industrias Pesqueras (CAPIP)<\/strong>, <strong>Agust\u00edn De la Fuente<\/strong>, dialog\u00f3 con el programa <em>La Parada<\/em> (Tiempo FM 97.5) y volvi\u00f3 a poner sobre la mesa uno de los principales reclamos del sector: <strong>la eliminaci\u00f3n de las retenciones a las exportaciones pesqueras<\/strong>.<\/p>\n\n\n\n<p>Seg\u00fan De la Fuente, el pedido se fundamenta en una <strong>promesa de campa\u00f1a del actual gobierno nacional<\/strong> y en la necesidad de recuperar competitividad en un escenario internacional adverso.<\/p>\n\n\n\n<hr class=\"wp-block-separator has-alpha-channel-opacity\"\/>\n\n\n\n<h2 class=\"wp-block-heading\">\ud83c\udfaf Ejes principales del reclamo<\/h2>\n\n\n\n<h3 class=\"wp-block-heading\">1. <strong>Retenciones cero como pol\u00edtica de Estado<\/strong><\/h3>\n\n\n\n<blockquote class=\"wp-block-quote is-layout-flow wp-block-quote-is-layout-flow\">\n<p>\u201cPresentamos al gobernador Claudio Vidal y a Ignacio Torres el tratamiento en la ley de presupuesto de la gesti\u00f3n de la quita de retenciones, o por lo menos el debate de por qu\u00e9 pretendemos esta quita\u201d (<em>Tiempo FM 97.5<\/em>).<\/p>\n<\/blockquote>\n\n\n\n<p>De la Fuente sostiene que el sector pesquero, considerado una <strong>econom\u00eda regional clave<\/strong>, se siente discriminado frente a otros complejos exportadores. La carga impositiva \u2013retenciones y aranceles internacionales\u2013 limita su competitividad.<\/p>\n\n\n\n<hr class=\"wp-block-separator has-alpha-channel-opacity\"\/>\n\n\n\n<h3 class=\"wp-block-heading\">2. <strong>Costos y competitividad global<\/strong><\/h3>\n\n\n\n<ul class=\"wp-block-list\">\n<li>Actualmente, el <strong>langostino argentino paga 10% para ingresar al mercado de EE.UU.<\/strong> y <strong>12% en la Uni\u00f3n Europea<\/strong> por la ausencia de un acuerdo Mercosur-UE.<\/li>\n\n\n\n<li>Estas condiciones, sumadas a la presi\u00f3n fiscal interna, reducen el margen para negociar con gremios y afectan la rentabilidad.<\/li>\n\n\n\n<li>El dirigente advierte que sin un <strong>plan nacional integral<\/strong> es imposible generar divisas de manera sostenible.<\/li>\n<\/ul>\n\n\n\n<hr class=\"wp-block-separator has-alpha-channel-opacity\"\/>\n\n\n\n<h3 class=\"wp-block-heading\">3. <strong>Desconocimiento institucional y debates legislativos<\/strong><\/h3>\n\n\n\n<blockquote class=\"wp-block-quote is-layout-flow wp-block-quote-is-layout-flow\">\n<p>\u201cTuvimos que salir r\u00e1pidamente a explicar de qu\u00e9 se trata el sector, qu\u00e9 produce, cu\u00e1nto exporta y me parece que ese trabajo termina dando sus frutos\u201d.<\/p>\n<\/blockquote>\n\n\n\n<ul class=\"wp-block-list\">\n<li>De la Fuente cuestion\u00f3 el <strong>desconocimiento de las econom\u00edas regionales<\/strong> por parte de funcionarios nacionales.<\/li>\n\n\n\n<li>Critic\u00f3 la <strong>Ley Bases<\/strong>, que a su juicio planteaba una reforma pesquera \u201cabsurda e incoherente\u201d.<\/li>\n\n\n\n<li>Valor\u00f3 el trabajo parlamentario que permiti\u00f3 dar visibilidad a los aportes del sector: <strong>USD 2.000 millones anuales en exportaciones y m\u00e1s de 100.000 empleos directos e indirectos<\/strong>.<\/li>\n<\/ul>\n\n\n\n<hr class=\"wp-block-separator has-alpha-channel-opacity\"\/>\n\n\n\n<h3 class=\"wp-block-heading\">4. <strong>Hacia una mirada estrat\u00e9gica al 2026<\/strong><\/h3>\n\n\n\n<p>El presidente de CAPIP inst\u00f3 a los legisladores a asumir una <strong>visi\u00f3n productiva de largo plazo<\/strong>:<\/p>\n\n\n\n<ul class=\"wp-block-list\">\n<li>Inversiones en infraestructura portuaria.<\/li>\n\n\n\n<li>Servicios eficientes y estabilidad social en los puertos.<\/li>\n\n\n\n<li>Estrategias de negociaci\u00f3n que incluyan a todos los actores de la cadena de valor.<\/li>\n<\/ul>\n\n\n\n<blockquote class=\"wp-block-quote is-layout-flow wp-block-quote-is-layout-flow\">\n<p>\u201cTodos somos socios en un producto que llega a las mejores g\u00f3ndolas del mundo. Todos aportamos, todos tenemos que tener un valor coherente sobre cada \u00edtem que hace a esa estructura\u201d.<\/p>\n<\/blockquote>\n\n\n\n<hr class=\"wp-block-separator has-alpha-channel-opacity\"\/>\n\n\n\n<h2 class=\"wp-block-heading\">\ud83d\udd0e Conceptos clave definidos<\/h2>\n\n\n\n<ul class=\"wp-block-list\">\n<li><strong>Retenciones<\/strong>: impuesto a la exportaci\u00f3n que busca recaudar divisas para el Estado, pero que reduce la competitividad de las econom\u00edas regionales.<\/li>\n\n\n\n<li><strong>Econom\u00edas regionales<\/strong>: sectores productivos localizados fuera del \u00e1rea metropolitana, que generan divisas y empleo en provincias.<\/li>\n\n\n\n<li><strong>Competitividad global<\/strong>: capacidad de un sector para mantener precios y calidad frente a competidores internacionales, considerando impuestos, aranceles y costos internos.<\/li>\n\n\n\n<li><strong>Visi\u00f3n estrat\u00e9gica<\/strong>: enfoque de largo plazo que integra producci\u00f3n, infraestructura, acuerdos internacionales y armon\u00eda social.<\/li>\n<\/ul>\n\n\n\n<hr class=\"wp-block-separator has-alpha-channel-opacity\"\/>\n\n\n\n<h2 class=\"wp-block-heading\">\ud83d\udcd1 Fuentes citadas<\/h2>\n\n\n\n<ul class=\"wp-block-list\">\n<li>Entrevista a Agust\u00edn De la Fuente en <em>La Parada<\/em> (Tiempo FM 97.5).<\/li>\n\n\n\n<li>C\u00e1mara Argentina Patag\u00f3nica de Industrias Pesqueras (CAPIP).<\/li>\n\n\n\n<li>Datos de exportaciones y aranceles internacionales (CAPIP \/ Canciller\u00eda \/ FAO).<\/li>\n<\/ul>\n\n\n\n<hr class=\"wp-block-separator has-alpha-channel-opacity\"\/>\n\n\n\n<p>\u2705 Con esta relectura, el reclamo de CAPIP deja de ser solo un pedido sectorial y se enmarca en un <strong>debate m\u00e1s amplio sobre la pol\u00edtica pesquera argentina, la inserci\u00f3n internacional y el rol de las econom\u00edas regionales<\/strong> en la generaci\u00f3n de divisas.<\/p>\n\n\n\n<figure class=\"wp-block-embed is-type-wp-embed is-provider-fishagency-net wp-block-embed-fishagency-net\"><div class=\"wp-block-embed__wrapper\">\n<blockquote class=\"wp-embedded-content\" data-secret=\"DC5Bgv223v\"><a href=\"https:\/\/globalsolidarity.live\/news\/aiomega-international-strategy-unit\/\">\u2600\ufe0f+AIOmega International Strategy Unit<\/a><\/blockquote><iframe loading=\"lazy\" class=\"wp-embedded-content\" sandbox=\"allow-scripts\" security=\"restricted\" style=\"position: absolute; visibility: hidden;\" title=\"&#8220;\u2600\ufe0f+AIOmega International Strategy Unit&#8221; &#8212; portsfish.agency\" src=\"https:\/\/globalsolidarity.live\/news\/aiomega-international-strategy-unit\/embed\/#?secret=y2SShmmK7c#?secret=DC5Bgv223v\" data-secret=\"DC5Bgv223v\" width=\"600\" height=\"338\" frameborder=\"0\" marginwidth=\"0\" marginheight=\"0\" scrolling=\"no\"><\/iframe>\n<\/div><\/figure>\n\n\n\n<figure class=\"wp-block-embed is-type-wp-embed is-provider-fishagency-net wp-block-embed-fishagency-net\"><div class=\"wp-block-embed__wrapper\">\n<blockquote class=\"wp-embedded-content\" data-secret=\"zEn8rm4qfk\"><a href=\"https:\/\/globalsolidarity.live\/news\/fishnetworknewstelesalerstrade\/\">FISHNETWORK=NEWS+TELESALERS+TRADE<\/a><\/blockquote><iframe loading=\"lazy\" class=\"wp-embedded-content\" sandbox=\"allow-scripts\" security=\"restricted\" style=\"position: absolute; visibility: hidden;\" title=\"&#8220;FISHNETWORK=NEWS+TELESALERS+TRADE&#8221; &#8212; portsfish.agency\" src=\"https:\/\/globalsolidarity.live\/news\/fishnetworknewstelesalerstrade\/embed\/#?secret=of5GEHu8AO#?secret=zEn8rm4qfk\" data-secret=\"zEn8rm4qfk\" width=\"600\" height=\"338\" frameborder=\"0\" marginwidth=\"0\" marginheight=\"0\" scrolling=\"no\"><\/iframe>\n<\/div><\/figure>\n\n\n\n<p>wearetheecoplanet@gmail.com<\/p>\n\n\n\n<p><\/p>\n\n\n\n<figure class=\"wp-block-image size-large\"><a href=\"https:\/\/globalsolidarity.live\/news\/links-de-pesca-claves\/\"><img loading=\"lazy\" decoding=\"async\" width=\"1024\" height=\"683\" src=\"https:\/\/globalsolidarity.live\/news\/wp-content\/uploads\/2025\/10\/image-1-1024x683.png\" alt=\"\" class=\"wp-image-1880\" srcset=\"https:\/\/globalsolidarity.live\/news\/wp-content\/uploads\/2025\/10\/image-1-1024x683.png 1024w, https:\/\/globalsolidarity.live\/news\/wp-content\/uploads\/2025\/10\/image-1-300x200.png 300w, https:\/\/globalsolidarity.live\/news\/wp-content\/uploads\/2025\/10\/image-1-768x512.png 768w, https:\/\/globalsolidarity.live\/news\/wp-content\/uploads\/2025\/10\/image-1.png 1536w\" sizes=\"auto, (max-width: 1024px) 100vw, 1024px\" \/><\/a><\/figure>\n","protected":false},"excerpt":{"rendered":"<p>\ud83d\udccc Introducci\u00f3n FISHAGENCY.NET.- Tras participar en la presentaci\u00f3n de Provincias Unidas, el presidente de la C\u00e1mara Argentina Patag\u00f3nica<\/p>\n","protected":false},"author":1,"featured_media":2085,"comment_status":"open","ping_status":"open","sticky":false,"template":"","format":"standard","meta":{"footnotes":"","jetpack_publicize_message":"","jetpack_publicize_feature_enabled":true,"jetpack_social_post_already_shared":true,"jetpack_social_options":{"image_generator_settings":{"template":"highway","default_image_id":0,"font":"","enabled":false},"version":2}},"categories":[22,19],"tags":[],"class_list":["post-2084","post","type-post","status-publish","format-standard","has-post-thumbnail","hentry","category-fishing-cameras","category-fishnews"],"jetpack_publicize_connections":[],"_links":{"self":[{"href":"https:\/\/globalsolidarity.live\/news\/wp-json\/wp\/v2\/posts\/2084","targetHints":{"allow":["GET"]}}],"collection":[{"href":"https:\/\/globalsolidarity.live\/news\/wp-json\/wp\/v2\/posts"}],"about":[{"href":"https:\/\/globalsolidarity.live\/news\/wp-json\/wp\/v2\/types\/post"}],"author":[{"embeddable":true,"href":"https:\/\/globalsolidarity.live\/news\/wp-json\/wp\/v2\/users\/1"}],"replies":[{"embeddable":true,"href":"https:\/\/globalsolidarity.live\/news\/wp-json\/wp\/v2\/comments?post=2084"}],"version-history":[{"count":3,"href":"https:\/\/globalsolidarity.live\/news\/wp-json\/wp\/v2\/posts\/2084\/revisions"}],"predecessor-version":[{"id":2454,"href":"https:\/\/globalsolidarity.live\/news\/wp-json\/wp\/v2\/posts\/2084\/revisions\/2454"}],"wp:featuredmedia":[{"embeddable":true,"href":"https:\/\/globalsolidarity.live\/news\/wp-json\/wp\/v2\/media\/2085"}],"wp:attachment":[{"href":"https:\/\/globalsolidarity.live\/news\/wp-json\/wp\/v2\/media?parent=2084"}],"wp:term":[{"taxonomy":"category","embeddable":true,"href":"https:\/\/globalsolidarity.live\/news\/wp-json\/wp\/v2\/categories?post=2084"},{"taxonomy":"post_tag","embeddable":true,"href":"https:\/\/globalsolidarity.live\/news\/wp-json\/wp\/v2\/tags?post=2084"}],"curies":[{"name":"wp","href":"https:\/\/api.w.org\/{rel}","templated":true}]}}