{"id":3393,"date":"2025-10-21T21:25:48","date_gmt":"2025-10-21T21:25:48","guid":{"rendered":"https:\/\/globalsolidarity.live\/news\/?p=3393"},"modified":"2025-10-23T16:40:19","modified_gmt":"2025-10-23T16:40:19","slug":"plan-macro-de-peatonalizacion-mdq","status":"publish","type":"post","link":"https:\/\/globalsolidarity.live\/news\/business\/plan-macro-de-peatonalizacion-mdq\/","title":{"rendered":"<strong>PLAN MACRO DE PEATONALIZACI\u00d3N MDQ<\/strong>"},"content":{"rendered":"\n<h2 class=\"wp-block-heading\"><em>Plazas Pueyrred\u00f3n \u2013 Dardo Rocha \u2013 Peralta Ramos + Ejes San Mart\u00edn, San Juan y Strobel<\/em><\/h2>\n\n\n\n<hr class=\"wp-block-separator has-alpha-channel-opacity\"\/>\n\n\n\n<h2 class=\"wp-block-heading\">1) Visi\u00f3n y objetivo<\/h2>\n\n\n\n<ul class=\"wp-block-list\">\n<li><strong>Conectar 3 plazas hist\u00f3ricas<\/strong> mediante un <strong>circuito peatonal continuo<\/strong> con <strong>shopping abierto lineal<\/strong> dentro de las manzanas (mid-block).<\/li>\n\n\n\n<li>Crear el <strong>macro-anillo comercial<\/strong> del centro\u2013sur, elevando flujo peatonal, estad\u00eda y <strong>valor inmobiliario<\/strong>.<\/li>\n\n\n\n<li>Aplicar sistema <strong>mixto<\/strong>: veredas <strong>muy anchas + calzada central lenta<\/strong> (20 km\/h), con <strong>pavimento \u00fanico<\/strong> (acera y calzada a un mismo nivel) para priorizar peat\u00f3n.<\/li>\n<\/ul>\n\n\n\n<hr class=\"wp-block-separator has-alpha-channel-opacity\"\/>\n\n\n\n<h2 class=\"wp-block-heading\">2) Alcance urbano<\/h2>\n\n\n\n<ul class=\"wp-block-list\">\n<li><strong>Tramo plazas<\/strong>: entre cada plaza hay <strong>5 manzanas<\/strong>; se intervendr\u00e1n <strong>ambos frentes<\/strong> (N\/S o E\/O).<\/li>\n\n\n\n<li><strong>Compra en bloque<\/strong>: en cada manzana se adquieren <strong>lotes con fondo 43,30 m<\/strong> a ambos lados para <strong>vaciar el interior<\/strong> y construir un <strong>paseo comercial lineal<\/strong> intermanzana (GLA a cielo abierto).<\/li>\n\n\n\n<li><strong>Extensiones<\/strong>:\n<ul class=\"wp-block-list\">\n<li><strong>San Mart\u00edn<\/strong>: extender peatonal existente con el <strong>sistema mixto<\/strong> aplicado entre Irigoyen\u2013La Rioja, hasta <strong>San Juan<\/strong>.<\/li>\n\n\n\n<li><strong>Strobel<\/strong>: peatonalizar <strong>Costa \u2192 Patagones<\/strong> con el mismo criterio (mixto + veredas Eternum).<\/li>\n<\/ul>\n<\/li>\n<\/ul>\n\n\n\n<hr class=\"wp-block-separator has-alpha-channel-opacity\"\/>\n\n\n\n<h2 class=\"wp-block-heading\">3) Concepto de dise\u00f1o<\/h2>\n\n\n\n<h3 class=\"wp-block-heading\">3.1 Shopping abierto intermanzana (mid-block)<\/h3>\n\n\n\n<ul class=\"wp-block-list\">\n<li><strong>Accesos<\/strong> cada 80\u2013100 m desde las calles laterales.<\/li>\n\n\n\n<li><strong>Patios<\/strong> cada 120\u2013150 m con \u00e1rboles, agua y grader\u00edas.<\/li>\n\n\n\n<li><strong>Secci\u00f3n tipo<\/strong> del paseo interior: ancho 12\u201316 m (6\u20138 m paseo + 3\u20134 m frentes comerciales + 3\u20134 m servicios).<\/li>\n\n\n\n<li><strong>Alturas<\/strong>: PB + 1 (galer\u00edas y cowork).<\/li>\n\n\n\n<li><strong>Mix<\/strong>: 55% retail moda\/servicios, 30% F&amp;B con terrazas, 10% cultura (talleres\/salas), 5% kids\/fitness.<\/li>\n<\/ul>\n\n\n\n<h3 class=\"wp-block-heading\">3.2 Calles exteriores (sistema mixto)<\/h3>\n\n\n\n<ul class=\"wp-block-list\">\n<li><strong>Calzada central<\/strong> 3,2\u20133,5 m (una v\u00eda, \u201czona 20\u201d).<\/li>\n\n\n\n<li><strong>Bah\u00edas de servicio<\/strong> 2,4 m alternas (carga\/descarga + UBER\/TAXI con horarios).<\/li>\n\n\n\n<li><strong>Veredas<\/strong> 6\u20138 m por lado (contin\u00faas, sin cord\u00f3n alto).<\/li>\n\n\n\n<li><strong>Cruces a nivel<\/strong> cada 60\u201370 m (prioridad peat\u00f3n, bolardos desmontables).<\/li>\n<\/ul>\n\n\n\n<h3 class=\"wp-block-heading\">3.3 Materiales y energ\u00eda<\/h3>\n\n\n\n<ul class=\"wp-block-list\">\n<li><strong>Aceras<\/strong>: <strong>Baldosas Eternum<\/strong> (modulares, alta durabilidad).<\/li>\n\n\n\n<li><strong>Calzada<\/strong>: <strong>Baldosas Ennergy modulares<\/strong> a mayor escala para <strong>reemplazar adoqu\u00edn<\/strong>, con ductos t\u00e9cnicos integrados (LED, fibra, pluviales).<\/li>\n\n\n\n<li><strong>Iluminaci\u00f3n<\/strong>: columnas LED bicolor + tira LED en piso para lectura nocturna.<\/li>\n\n\n\n<li><strong>Drenaje<\/strong>: cunetas ocultas + rejillas lineales; SUDS con alcorques drenantes.<\/li>\n\n\n\n<li><strong>Arbolado<\/strong>: doble alineaci\u00f3n (caducifolias + perennes), especie local, copa alta.<\/li>\n\n\n\n<li><strong>Mobiliario<\/strong>: bancos de hormig\u00f3n\/madera, bicicleteros, bebederos, t\u00f3tems wifi, t\u00f3tems SOS.<\/li>\n<\/ul>\n\n\n\n<h3 class=\"wp-block-heading\">3.4 Accesibilidad y operaci\u00f3n<\/h3>\n\n\n\n<ul class=\"wp-block-list\">\n<li><strong>100% accesible<\/strong> (rampas suaves, gu\u00edas podot\u00e1ctiles, cruces sin resaltes).<\/li>\n\n\n\n<li><strong>Log\u00edstica<\/strong>: ventanas de carga\/descarga 6\u201310 h y 15\u201317 h (veh\u00edculos \u2264 3,5 t).<\/li>\n\n\n\n<li><strong>Emergencias<\/strong>: bolardos abatibles, radios de giro y zonas de detenci\u00f3n se\u00f1alizadas.<\/li>\n<\/ul>\n\n\n\n<hr class=\"wp-block-separator has-alpha-channel-opacity\"\/>\n\n\n\n<h2 class=\"wp-block-heading\">4) Fichas por tramo<\/h2>\n\n\n\n<figure class=\"wp-block-table\"><table><thead><tr><th>Tramo<\/th><th>Intervenci\u00f3n<\/th><th>Claves<\/th><\/tr><\/thead><tbody><tr><td><strong>Pueyrred\u00f3n \u2192 Dardo Rocha<\/strong><\/td><td>5 manzanas, shopping interior continuo en ambos lados<\/td><td>2 patios mayores (eventos), 1 mercado de productores<\/td><\/tr><tr><td><strong>Dardo Rocha \u2192 Peralta Ramos<\/strong><\/td><td>5 manzanas, continuidad de paseo<\/td><td>1 centro de oficios\/dise\u00f1o + bater\u00eda gastron\u00f3mica<\/td><\/tr><tr><td><strong>San Mart\u00edn (extensi\u00f3n)<\/strong><\/td><td>Mixto hasta <strong>San Juan<\/strong><\/td><td>veredas Eternum 8 m, calzada 3,2 m, LED rasante<\/td><\/tr><tr><td><strong>Strobel (Costa\u2192Patagones)<\/strong><\/td><td>Peatonal mixto completo<\/td><td>miradores, deck costero, arte p\u00fablico<\/td><\/tr><\/tbody><\/table><\/figure>\n\n\n\n<hr class=\"wp-block-separator has-alpha-channel-opacity\"\/>\n\n\n\n<h2 class=\"wp-block-heading\">5) Modelo de suelo y desarrollo<\/h2>\n\n\n\n<h3 class=\"wp-block-heading\">5.1 Ensamble de tierra<\/h3>\n\n\n\n<ul class=\"wp-block-list\">\n<li><strong>Compra en bloque<\/strong> por manzana (fideicomiso de suelo).<\/li>\n\n\n\n<li><strong>Derechos de Superficie (30\u201350 a\u00f1os)<\/strong> para paseo interior y servidumbres de paso.<\/li>\n\n\n\n<li><strong>Transferencia de Derechos de Construir (TDR)<\/strong>: compensar FOT perdido a lotes receptores fuera del anillo.<\/li>\n<\/ul>\n\n\n\n<h3 class=\"wp-block-heading\">5.2 Esquema PPP\u2013Privado<\/h3>\n\n\n\n<ul class=\"wp-block-list\">\n<li><strong>SPV<\/strong> (veh\u00edculo especial): Municipio + Consorcio Verde MDQ + Inversores.<\/li>\n\n\n\n<li><strong>Canon de uso p\u00fablico<\/strong> del paseo interior y exenciones arancelarias por obra de espacio p\u00fablico.<\/li>\n<\/ul>\n\n\n\n<hr class=\"wp-block-separator has-alpha-channel-opacity\"\/>\n\n\n\n<h2 class=\"wp-block-heading\">6) Indicadores r\u00e1pidos (orden de magnitud)<\/h2>\n\n\n\n<figure class=\"wp-block-table\"><table><thead><tr><th>Variable<\/th><th>Valor base<\/th><\/tr><\/thead><tbody><tr><td>Longitud total circuito plazas (2 tramos \u00d7 5 manzanas \u00d7 120 m)<\/td><td>~1.200 m por lado (2.400 m ambos)<\/td><\/tr><tr><td>GLA paseo interior (12\u201316 m ancho \u00d7 2.400 m)<\/td><td><strong>28.800 \u2013 38.400 m\u00b2<\/strong><\/td><\/tr><tr><td>Frentes exteriores rehabilitados<\/td><td>~600\u2013750 m<\/td><\/tr><tr><td>Flujo peatonal proyectado (a\u00f1o 2)<\/td><td><strong>+30\u201340%<\/strong> vs. base<\/td><\/tr><tr><td>Uplift valor suelo frentista<\/td><td><strong>+18\u201330%<\/strong> (con obras completadas)<\/td><\/tr><\/tbody><\/table><\/figure>\n\n\n\n<hr class=\"wp-block-separator has-alpha-channel-opacity\"\/>\n\n\n\n<h2 class=\"wp-block-heading\">7) CapEx, ingresos y ROI (estimaci\u00f3n)<\/h2>\n\n\n\n<h3 class=\"wp-block-heading\">7.1 Inversi\u00f3n (USD millones)<\/h3>\n\n\n\n<figure class=\"wp-block-table\"><table><thead><tr><th>Concepto<\/th><th>Rango<\/th><\/tr><\/thead><tbody><tr><td>Ensamble de tierra (partial buy-outs + servidumbres)<\/td><td>22 \u2013 28<\/td><\/tr><tr><td>Paseo interior (obra gris\/arquitectura)<\/td><td>24 \u2013 30<\/td><\/tr><tr><td>Espacio p\u00fablico exterior (mixto + energ\u00eda + arbolado)<\/td><td>12 \u2013 16<\/td><\/tr><tr><td>Se\u00f1al\u00e9tica, arte, smart-city, control<\/td><td>3 \u2013 4<\/td><\/tr><tr><td>Gesti\u00f3n, proyectos, contingencias (10%)<\/td><td>6 \u2013 8<\/td><\/tr><tr><td><strong>CapEx total aprox.<\/strong><\/td><td><strong>67 \u2013 86<\/strong><\/td><\/tr><\/tbody><\/table><\/figure>\n\n\n\n<h3 class=\"wp-block-heading\">7.2 Ingresos estabilizados (A\u00f1o 3, USD M\/a\u00f1o)<\/h3>\n\n\n\n<figure class=\"wp-block-table\"><table><thead><tr><th>Fuente<\/th><th>Monto<\/th><\/tr><\/thead><tbody><tr><td>Alquileres paseo interior (GLA utilizable 65%, renta media USD 18\u201324\/m\u00b2\/mes)<\/td><td>27.000 m\u00b2 eq. \u2192 <strong>6,0 \u2013 7,8<\/strong><\/td><\/tr><tr><td>F&amp;B + terrazas (royalty 3\u20135% ventas)<\/td><td><strong>0,9 \u2013 1,3<\/strong><\/td><\/tr><tr><td>Eventos\/ferias\/mercado<\/td><td><strong>0,3 \u2013 0,5<\/strong><\/td><\/tr><tr><td>Publicidad y naming del circuito<\/td><td><strong>0,2 \u2013 0,3<\/strong><\/td><\/tr><tr><td><strong>Ingresos brutos<\/strong><\/td><td><strong>7,4 \u2013 9,9<\/strong><\/td><\/tr><tr><td>OPEX (38\u201342%)<\/td><td><strong>\u22122,8 \u2013 \u22124,2<\/strong><\/td><\/tr><tr><td><strong>NOI<\/strong><\/td><td><strong>4,6 \u2013 5,7<\/strong><\/td><\/tr><\/tbody><\/table><\/figure>\n\n\n\n<p><strong>Cap rate impl\u00edcito<\/strong>: 5,3\u20138,5% (mejora con fondeo verde y exenciones).<br><strong>IRR proyecto 10 a\u00f1os (sin deuda)<\/strong>: <strong>11\u201314%<\/strong>.<br><strong>IRR equity apalancado (LTV 55\u201360%)<\/strong>: <strong>15\u201319%<\/strong>.<\/p>\n\n\n\n<hr class=\"wp-block-separator has-alpha-channel-opacity\"\/>\n\n\n\n<h2 class=\"wp-block-heading\">8) Fases y cronograma<\/h2>\n\n\n\n<figure class=\"wp-block-table\"><table><thead><tr><th>Fase<\/th><th>Meses<\/th><th>Resultado<\/th><\/tr><\/thead><tbody><tr><td><strong>0. Marco y SPV<\/strong><\/td><td>0\u20133<\/td><td>Convenios, lineamientos, mapa de manzanas<\/td><\/tr><tr><td><strong>1. Ensamble suelo<\/strong><\/td><td>4\u201312<\/td><td>Contratos, servidumbres, TDR<\/td><\/tr><tr><td><strong>2. Proyecto &amp; EIA<\/strong><\/td><td>6\u201310<\/td><td>Ejecutivo BIM + licencias<\/td><\/tr><tr><td><strong>3. Obra piloto<\/strong> (1 manzana + 2 calles)<\/td><td>11\u201318<\/td><td>Validaci\u00f3n + ocupaci\u00f3n 80%<\/td><\/tr><tr><td><strong>4. Escalado<\/strong> (resto de tramos)<\/td><td>18\u201336<\/td><td>70% circuito operativo<\/td><\/tr><tr><td><strong>5. Finalizaci\u00f3n<\/strong><\/td><td>36\u201342<\/td><td>95% ocupaci\u00f3n + activaci\u00f3n anual<\/td><\/tr><\/tbody><\/table><\/figure>\n\n\n\n<hr class=\"wp-block-separator has-alpha-channel-opacity\"\/>\n\n\n\n<h2 class=\"wp-block-heading\">9) Gesti\u00f3n de tr\u00e1nsito y log\u00edstica<\/h2>\n\n\n\n<ul class=\"wp-block-list\">\n<li><strong>Zona 20<\/strong> (calle a una v\u00eda, prioridad peat\u00f3n, c\u00e1maras + radar).<\/li>\n\n\n\n<li><strong>Micro-hubs log\u00edsticos<\/strong> en esquinas (motos\/bicis y vans el\u00e9ctricas).<\/li>\n\n\n\n<li><strong>Estacionamientos perimetrales<\/strong> con se\u00f1alizaci\u00f3n de aforo.<\/li>\n\n\n\n<li><strong>Plan de emergencia<\/strong> (ingreso ambulancias y bomberos con bolardos abatibles).<\/li>\n<\/ul>\n\n\n\n<hr class=\"wp-block-separator has-alpha-channel-opacity\"\/>\n\n\n\n<h2 class=\"wp-block-heading\">10) Branding y programa<\/h2>\n\n\n\n<ul class=\"wp-block-list\">\n<li>Marca del circuito: <strong>\u201cTri-Plazas MDQ\u201d<\/strong> + sub-marcas por tramo.<\/li>\n\n\n\n<li><strong>Calendario<\/strong>: 52 semanas\/52 eventos (ferias, jazz, food, dise\u00f1o).<\/li>\n\n\n\n<li><strong>Arte p\u00fablico<\/strong>: convocatorias anuales; piezas con QR (historia de barrio).<\/li>\n\n\n\n<li><strong>Tecnolog\u00eda<\/strong>: wifi p\u00fablico, beacons, conteo peatonal, mapa de locales.<\/li>\n<\/ul>\n\n\n\n<hr class=\"wp-block-separator has-alpha-channel-opacity\"\/>\n\n\n\n<h2 class=\"wp-block-heading\">11) Riesgos y mitigaci\u00f3n<\/h2>\n\n\n\n<figure class=\"wp-block-table\"><table><thead><tr><th>Riesgo<\/th><th>Mitigaci\u00f3n<\/th><\/tr><\/thead><tbody><tr><td>Ensamble de suelo complejo<\/td><td>Fideicomiso de suelo + ofertas de canje m\u00b2 futuro<\/td><\/tr><tr><td>Conflicto log\u00edstica\/comerciantes<\/td><td>Ventanas horarias + micro-hubs + comunicaci\u00f3n<\/td><\/tr><tr><td>Costos de obra<\/td><td>GMP con contratista + contingencia 10%<\/td><\/tr><tr><td>Estacionalidad<\/td><td>Programaci\u00f3n 4 estaciones + calor\u00edas urbanas (lamparas IR)<\/td><\/tr><tr><td>Mantenimiento<\/td><td>Canon + naming + fondo de O&amp;M (8% ingresos)<\/td><\/tr><\/tbody><\/table><\/figure>\n\n\n\n<hr class=\"wp-block-separator has-alpha-channel-opacity\"\/>\n\n\n\n<h2 class=\"wp-block-heading\">12) Dec\u00e1logo de dise\u00f1o (s\u00edntesis operativa)<\/h2>\n\n\n\n<ol class=\"wp-block-list\">\n<li><strong>Peat\u00f3n primero<\/strong> (piso continuo, lectura clara).<\/li>\n\n\n\n<li><strong>Mixto inteligente<\/strong> (calzada angosta y lenta).<\/li>\n\n\n\n<li><strong>Sombras y \u00e1rboles<\/strong> antes que esculturas.<\/li>\n\n\n\n<li><strong>Cada 100 m, un motivo<\/strong> (patio, fuente, juego, arte).<\/li>\n\n\n\n<li><strong>Locales en esquina activados<\/strong> (doble frente).<\/li>\n\n\n\n<li><strong>Luz c\u00e1lida<\/strong> (2700\u20133000K) + LED rasante.<\/li>\n\n\n\n<li><strong>Drenaje visible<\/strong> (rejilla lineal, f\u00e1cil mantenimiento).<\/li>\n\n\n\n<li><strong>Accesibilidad real<\/strong> (sin resaltes; podot\u00e1ctil).<\/li>\n\n\n\n<li><strong>Energ\u00eda integrada<\/strong> (Ennergy modulares con ductos).<\/li>\n\n\n\n<li><strong>Medici\u00f3n de impacto<\/strong> (conteo, ventas, aforo, seguridad).<\/li>\n<\/ol>\n\n\n\n<hr class=\"wp-block-separator has-alpha-channel-opacity\"\/>\n\n\n\n<h3 class=\"wp-block-heading\">Cierre<\/h3>\n\n\n\n<p>Este plan <strong>coser\u00e1<\/strong> las tres plazas con un <strong>shopping lineal<\/strong> de escala humana y un <strong>sistema peatonal mixto<\/strong> sobre <strong>San Mart\u00edn, San Juan y Strobel<\/strong>.<br>El <strong>macro-circuito comercial<\/strong> resultante sube el valor de todas las propiedades, ordena el tr\u00e1nsito, y convierte al centro de MDQ en <strong>referente caminable del Atl\u00e1ntico Sur<\/strong>.<\/p>\n\n\n\n<hr class=\"wp-block-separator has-alpha-channel-opacity\"\/>\n\n\n\n<h1 class=\"wp-block-heading\"><strong>MASTER PLAN MAR DEL PLATA 2040<\/strong><\/h1>\n\n\n\n<h3 class=\"wp-block-heading\"><em>Capital Atl\u00e1ntica del Cono Sur \u2013 Dossier para Inversores Internacionales<\/em><\/h3>\n\n\n\n<p><strong>Autor:<\/strong> Arq. Roberto Guillermo Gomes (EcoBuddha Maitreya)<br><strong>Instituci\u00f3n:<\/strong> SpaceArch Solutions \u2013 Maitreya MacroMedia Corp.<br><strong>Sedes globales:<\/strong> Miami \u00b7 Nueva York \u00b7 Dub\u00e1i \u00b7 Buenos Aires \u00b7 Mar del Plata<\/p>\n\n\n\n<hr class=\"wp-block-separator has-alpha-channel-opacity\"\/>\n\n\n\n<h2 class=\"wp-block-heading\">\ud83c\udf0d <strong>Visi\u00f3n Global<\/strong><\/h2>\n\n\n\n<p>El <strong>Master Plan Mar del Plata 2040<\/strong> redefine la identidad econ\u00f3mica, urbana y cultural de la ciudad, integrando arquitectura, tecnolog\u00eda, turismo, y sostenibilidad bajo un mismo paradigma:<br><strong>Mar del Plata, la nueva Dub\u00e1i del Cono Sur.<\/strong><\/p>\n\n\n\n<p>El proyecto surge de una visi\u00f3n estrat\u00e9gica del <strong>Arq. Roberto Guillermo Gomes<\/strong>, quien, inspirado por la nostalgia de su madre al recordar las grandes tiendas de Buenos Aires \u2014como Harrods o Gath &amp; Chaves\u2014, decidi\u00f3 <strong>restaurar el alma comercial y cultural de las ciudades atl\u00e1nticas<\/strong> mediante una reingenier\u00eda urbana de escala mundial.<\/p>\n\n\n\n<blockquote class=\"wp-block-quote is-layout-flow wp-block-quote-is-layout-flow\">\n<p>\u201cNo estamos so\u00f1ando con el futuro; lo estamos construyendo con visi\u00f3n, coraje y capital intensivo.\u201d<br>\u2014 <em>Arq. R.G. Gomes<\/em><\/p>\n<\/blockquote>\n\n\n\n<hr class=\"wp-block-separator has-alpha-channel-opacity\"\/>\n\n\n\n<h2 class=\"wp-block-heading\">\ud83c\udfd9\ufe0f <strong>Estructura del Plan Maestro<\/strong><\/h2>\n\n\n\n<p>El Plan se articula en <strong>cuatro polos de desarrollo convergentes<\/strong>, integrados por corredores peatonales, shopping abiertos, ejes costeros y hubs de innovaci\u00f3n:<\/p>\n\n\n\n<h3 class=\"wp-block-heading\">1. <strong>Eje Tri-Plazas Peatonal (Pueyrred\u00f3n\u2013Dardo Rocha\u2013Peralta Ramos)<\/strong><\/h3>\n\n\n\n<ul class=\"wp-block-list\">\n<li>Shopping intermanzana lineal (GLA 38.000 m\u00b2) con patios culturales y espacios verdes.<\/li>\n\n\n\n<li>Extensi\u00f3n de peatonales San Mart\u00edn y San Juan con <strong>baldosas Eternum y Ennergy modulares<\/strong>.<\/li>\n\n\n\n<li>Conectividad total para peatones, bicicletas y veh\u00edculos el\u00e9ctricos.<\/li>\n\n\n\n<li>Plusval\u00eda proyectada: <strong>+25% promedio en valor de suelo<\/strong>.<\/li>\n<\/ul>\n\n\n\n<h3 class=\"wp-block-heading\">2. <strong>Puerto N\u00e1utico y Waterfront District<\/strong><\/h3>\n\n\n\n<ul class=\"wp-block-list\">\n<li>Reubicaci\u00f3n del Club N\u00e1utico al nuevo enclave frente a Diagonal Alberdi y Paseo Gal\u00edndez.<\/li>\n\n\n\n<li>Desarrollo de marina internacional con 450 amarres y paseo gastron\u00f3mico sobre el espejo de agua.<\/li>\n\n\n\n<li>Inversi\u00f3n base: <strong>USD 80 millones<\/strong>, ROI proyectado <strong>13\u201316% anual<\/strong>.<\/li>\n\n\n\n<li>Integraci\u00f3n con el Plan Maestro Portuario y terrenos liberados de la Base Naval para proyectos de capital intensivo.<\/li>\n<\/ul>\n\n\n\n<h3 class=\"wp-block-heading\">3. <strong>Eje Varese \u2013 Museum \u2013 Playa Interactiva<\/strong><\/h3>\n\n\n\n<ul class=\"wp-block-list\">\n<li>Integraci\u00f3n del MUSEUM con Paseo Gal\u00edndez mediante rampas, escaleras y ascensor hidr\u00e1ulico inclusivo.<\/li>\n\n\n\n<li>Red marina segura que permite <strong>interacci\u00f3n de ba\u00f1istas con delfines<\/strong> dentro de un per\u00edmetro ecol\u00f3gico.<\/li>\n\n\n\n<li>Conexi\u00f3n directa con franquicias <strong>Space Seafood<\/strong> y red de ocio y ciencia marina.<\/li>\n\n\n\n<li>Colaboraci\u00f3n proyectada con <strong>Aquarium Zona Faro<\/strong> para log\u00edstica animal y bioeducativa.<\/li>\n<\/ul>\n\n\n\n<h3 class=\"wp-block-heading\">4. <strong>Distrito Urbano MDQ Green City Developer<\/strong><\/h3>\n\n\n\n<ul class=\"wp-block-list\">\n<li>Red de franquicias urbanas bajo el sello <strong>MDQ Green City Developer<\/strong>.<\/li>\n\n\n\n<li>Integraci\u00f3n de arquitectos, constructores y desarrolladores ESG en un <strong>Consorcio Verde local<\/strong>.<\/li>\n\n\n\n<li>Modelos PPP (p\u00fablico\u2013privado) para proyectos urbanos de media y alta densidad.<\/li>\n\n\n\n<li>Acceso a financiamiento verde internacional con garant\u00edas de rentabilidad sostenida.<\/li>\n<\/ul>\n\n\n\n<hr class=\"wp-block-separator has-alpha-channel-opacity\"\/>\n\n\n\n<h2 class=\"wp-block-heading\">\ud83d\udca1 <strong>Objetivos Estrat\u00e9gicos<\/strong><\/h2>\n\n\n\n<figure class=\"wp-block-table\"><table><thead><tr><th>Eje<\/th><th>Meta<\/th><th>Plazo<\/th><\/tr><\/thead><tbody><tr><td>Revalorizaci\u00f3n urbana<\/td><td>+30% valor inmobiliario en ejes comerciales clave<\/td><td>36 meses<\/td><\/tr><tr><td>Inserci\u00f3n global<\/td><td>Mar del Plata sede de congresos y ferias internacionales<\/td><td>48 meses<\/td><\/tr><tr><td>Descarbonizaci\u00f3n<\/td><td>50% reducci\u00f3n de huella de carbono urbana<\/td><td>2030<\/td><\/tr><tr><td>Empleo directo<\/td><td>120.000 empleos en construcci\u00f3n, servicios y retail<\/td><td>5 a\u00f1os<\/td><\/tr><tr><td>Atracci\u00f3n de marcas<\/td><td>Ingreso de Dior, Herm\u00e8s, Tesla, Apple, Zara Global<\/td><td>24\u201336 meses<\/td><\/tr><\/tbody><\/table><\/figure>\n\n\n\n<hr class=\"wp-block-separator has-alpha-channel-opacity\"\/>\n\n\n\n<h2 class=\"wp-block-heading\">\ud83d\udcb0 <strong>Modelo de Inversi\u00f3n<\/strong><\/h2>\n\n\n\n<h3 class=\"wp-block-heading\">Estructura financiera<\/h3>\n\n\n\n<ul class=\"wp-block-list\">\n<li><strong>SPV Internacional (Mar del Plata Capital 2040 LLC)<\/strong><br>Socios: Municipio + SpaceArch Solutions + Inversores institucionales + Fondos ESG.<\/li>\n\n\n\n<li><strong>CapEx Total<\/strong>: USD <strong>1.250 millones<\/strong> (por fases de 3 a 5 a\u00f1os).<\/li>\n\n\n\n<li><strong>IRR consolidado<\/strong>: 15\u201319%.<\/li>\n\n\n\n<li><strong>Payback estimado<\/strong>: 6,2 a\u00f1os.<\/li>\n\n\n\n<li><strong>Ocupaci\u00f3n comercial estabilizada (GLA total 250.000 m\u00b2)<\/strong>: 94%.<\/li>\n<\/ul>\n\n\n\n<h3 class=\"wp-block-heading\">Fuentes de financiamiento<\/h3>\n\n\n\n<ul class=\"wp-block-list\">\n<li>Fondos ESG globales.<\/li>\n\n\n\n<li>Capital privado de real estate (Miami\u2013NY\u2013Dubai).<\/li>\n\n\n\n<li>Inversi\u00f3n soberana asociada a desarrollo costero (EUA, EAU).<\/li>\n\n\n\n<li>Emisi\u00f3n de <strong>Bonos Verdes MDQ 2040<\/strong>.<\/li>\n<\/ul>\n\n\n\n<hr class=\"wp-block-separator has-alpha-channel-opacity\"\/>\n\n\n\n<h2 class=\"wp-block-heading\">\u2699\ufe0f <strong>Ventajas Competitivas<\/strong><\/h2>\n\n\n\n<h3 class=\"wp-block-heading\">1. <strong>Ubicaci\u00f3n estrat\u00e9gica<\/strong><\/h3>\n\n\n\n<ul class=\"wp-block-list\">\n<li>Puerto de aguas profundas, corredor Atl\u00e1ntico, conexi\u00f3n directa con Brasil, \u00c1frica y Europa.<\/li>\n\n\n\n<li>Infraestructura log\u00edstica y energ\u00e9tica en expansi\u00f3n.<\/li>\n<\/ul>\n\n\n\n<h3 class=\"wp-block-heading\">2. <strong>Capital humano y cultural<\/strong><\/h3>\n\n\n\n<ul class=\"wp-block-list\">\n<li>Ecosistema de universidades, innovaci\u00f3n y turismo sustentable.<\/li>\n\n\n\n<li>Tradici\u00f3n arquitect\u00f3nica y art\u00edstica \u00fanica en la regi\u00f3n.<\/li>\n<\/ul>\n\n\n\n<h3 class=\"wp-block-heading\">3. <strong>Pol\u00edtica fiscal favorable<\/strong><\/h3>\n\n\n\n<ul class=\"wp-block-list\">\n<li>Incentivos de radicaci\u00f3n empresarial (reducci\u00f3n de 50% en tasas municipales por 10 a\u00f1os).<\/li>\n\n\n\n<li>R\u00e9gimen PPP-ESG con deducci\u00f3n fiscal internacional certificada.<\/li>\n<\/ul>\n\n\n\n<hr class=\"wp-block-separator has-alpha-channel-opacity\"\/>\n\n\n\n<h2 class=\"wp-block-heading\">\ud83c\udf31 <strong>Sustentabilidad e Impacto Social<\/strong><\/h2>\n\n\n\n<p>El <strong>Master Plan MDQ 2040<\/strong> integra los principios de la <strong>Agenda 2030 de la ONU<\/strong>, garantizando impacto positivo en:<\/p>\n\n\n\n<ul class=\"wp-block-list\">\n<li>Reducci\u00f3n de emisiones urbanas y huella h\u00eddrica.<\/li>\n\n\n\n<li>Reciclaje del 90% de residuos de obra y materiales.<\/li>\n\n\n\n<li>Generaci\u00f3n de energ\u00eda limpia por sistemas modulares Ennergy.<\/li>\n\n\n\n<li>Programas de inclusi\u00f3n laboral para j\u00f3venes, mujeres y cooperativas locales.<\/li>\n<\/ul>\n\n\n\n<blockquote class=\"wp-block-quote is-layout-flow wp-block-quote-is-layout-flow\">\n<p>\u201cNo solo levantamos edificios; reconstruimos el alma social de una ciudad entera.\u201d<br>\u2014 <em>R.G. Gomes<\/em><\/p>\n<\/blockquote>\n\n\n\n<hr class=\"wp-block-separator has-alpha-channel-opacity\"\/>\n\n\n\n<h2 class=\"wp-block-heading\">\ud83d\udcc8 <strong>Proyecci\u00f3n Financiera Resumida<\/strong><\/h2>\n\n\n\n<figure class=\"wp-block-table\"><table><thead><tr><th>Concepto<\/th><th>Inversi\u00f3n (USD M)<\/th><th>ROI estimado<\/th><th>IRR anual<\/th><\/tr><\/thead><tbody><tr><td>Eje Tri-Plazas<\/td><td>280<\/td><td>11\u201313%<\/td><td>15%<\/td><\/tr><tr><td>Waterfront District<\/td><td>380<\/td><td>13\u201316%<\/td><td>17%<\/td><\/tr><tr><td>Shopping Varese\u2013Museum<\/td><td>180<\/td><td>10\u201312%<\/td><td>14%<\/td><\/tr><tr><td>MDQ Green City Developer<\/td><td>410<\/td><td>14\u201317%<\/td><td>19%<\/td><\/tr><tr><td><strong>Total consolidado<\/strong><\/td><td><strong>1.250<\/strong><\/td><td><strong>12\u201315%<\/strong><\/td><td><strong>16\u201318%<\/strong><\/td><\/tr><\/tbody><\/table><\/figure>\n\n\n\n<hr class=\"wp-block-separator has-alpha-channel-opacity\"\/>\n\n\n\n<h2 class=\"wp-block-heading\">\ud83c\udfd7\ufe0f <strong>Estrategia de Implementaci\u00f3n<\/strong><\/h2>\n\n\n\n<figure class=\"wp-block-table\"><table><thead><tr><th>Fase<\/th><th>Plazo<\/th><th>Objetivo<\/th><\/tr><\/thead><tbody><tr><td><strong>I. Lanzamiento (0\u20136 meses)<\/strong><\/td><td>Formaci\u00f3n SPV y fondos de garant\u00eda<\/td><td>Capitalizaci\u00f3n inicial y marco legal<\/td><\/tr><tr><td><strong>II. Desarrollo (6\u201324 meses)<\/strong><\/td><td>Ejecuci\u00f3n obras Eje Tri-Plazas + Waterfront Piloto<\/td><td>120.000 m\u00b2 entregados<\/td><\/tr><tr><td><strong>III. Expansi\u00f3n (24\u201348 meses)<\/strong><\/td><td>Varese\u2013Museum + Distritos Costeros<\/td><td>80% inversi\u00f3n desplegada<\/td><\/tr><tr><td><strong>IV. Consolidaci\u00f3n (48\u201360 meses)<\/strong><\/td><td>Instalaci\u00f3n de marcas globales + ferias internacionales<\/td><td>Retorno neto proyectado: 1,6x equity<\/td><\/tr><\/tbody><\/table><\/figure>\n\n\n\n<hr class=\"wp-block-separator has-alpha-channel-opacity\"\/>\n\n\n\n<h2 class=\"wp-block-heading\">\u2728 <strong>Declaraci\u00f3n de Prop\u00f3sito<\/strong><\/h2>\n\n\n\n<p>Este proyecto no es una utop\u00eda; es <strong>una estrategia de civilizaci\u00f3n aplicada a una ciudad.<\/strong><br>Mar del Plata no volver\u00e1 a ser una postal del pasado, sino <strong>el laboratorio vivo del futuro urbano latinoamericano<\/strong>.<\/p>\n\n\n\n<blockquote class=\"wp-block-quote is-layout-flow wp-block-quote-is-layout-flow\">\n<p>\u201cDonde la nostalgia ve ruinas, la visi\u00f3n ve cimientos.\u201d<br>\u2014 <em>Arq. Roberto Guillermo Gomes<\/em><\/p>\n<\/blockquote>\n\n\n\n<hr class=\"wp-block-separator has-alpha-channel-opacity\"\/>\n\n\n\n<h1 class=\"wp-block-heading\"><strong>ANEXO EDITORIAL \u2013 VISI\u00d3N FUNDACIONAL DEL ARQ. ROBERTO GUILLERMO GOMES<\/strong><\/h1>\n\n\n\n<h3 class=\"wp-block-heading\"><em>Mar del Plata, capital de vanguardia del Cono Sur<\/em><\/h3>\n\n\n\n<hr class=\"wp-block-separator has-alpha-channel-opacity\"\/>\n\n\n\n<p>El <strong>Arq. Roberto Guillermo Gomes<\/strong>, autor del <strong>Plan Maestro de Revalorizaci\u00f3n Urbana y Portuaria de Mar del Plata<\/strong>, concibe este proceso no solo como una operaci\u00f3n t\u00e9cnica y econ\u00f3mica, sino como una <strong>restituci\u00f3n simb\u00f3lica de identidad<\/strong>.<br>Su madre \u2014testigo de una Buenos Aires que alguna vez fue faro continental\u2014 le repet\u00eda con nostalgia que las grandes tiendas de la calle San Mart\u00edn y del microcentro, como <strong>Harrods<\/strong>, se hab\u00edan marchado, dejando tras de s\u00ed un vac\u00edo que la modernidad nunca logr\u00f3 llenar.<\/p>\n\n\n\n<blockquote class=\"wp-block-quote is-layout-flow wp-block-quote-is-layout-flow\">\n<p>\u201cNo se trata de traer de vuelta el pasado \u2014dec\u00eda RGG\u2014 sino de construir un <strong>futuro que aprenda del esplendor perdido<\/strong>, sin repetir sus errores.\u201d<\/p>\n<\/blockquote>\n\n\n\n<hr class=\"wp-block-separator has-alpha-channel-opacity\"\/>\n\n\n\n<h2 class=\"wp-block-heading\"><strong>1. Recuperar la escala del alma urbana<\/strong><\/h2>\n\n\n\n<p>El proyecto de <strong>peatonalizaci\u00f3n expandida<\/strong> y <strong>shopping intermanzana<\/strong> busca <strong>recuperar el magnetismo comercial, cultural y social<\/strong> que hist\u00f3ricamente defini\u00f3 a las ciudades del Atl\u00e1ntico Sur.<br>Mar del Plata vuelve a ser <strong>referente urbano y regional<\/strong>, pero esta vez desde una <strong>visi\u00f3n verde, digital e inclusiva<\/strong>.<\/p>\n\n\n\n<p>Cada tramo del nuevo eje peatonal, cada patio, cada galer\u00eda a cielo abierto, es una <strong>pieza de identidad colectiva reconstruida<\/strong>:<br>una arquitectura que respira, integra y seduce a las grandes marcas internacionales sin perder su esencia local.<\/p>\n\n\n\n<hr class=\"wp-block-separator has-alpha-channel-opacity\"\/>\n\n\n\n<h2 class=\"wp-block-heading\"><strong>2. Internacionalizaci\u00f3n de Mar del Plata<\/strong><\/h2>\n\n\n\n<p>El <strong>Plan Maestro del Puerto de Mar del Plata<\/strong>, junto con su <strong>capital alterna en Nueva York, Miami y Dub\u00e1i<\/strong>, conforma una red global de inversi\u00f3n, tecnolog\u00eda y cultura urbana.<br>No se trata de un simple reposicionamiento comercial, sino de un <strong>salto civilizatorio planificado<\/strong>: una nueva manera de pensar la ciudad, donde la <strong>econom\u00eda del dise\u00f1o, la hospitalidad y la inteligencia artificial<\/strong> convergen en un solo ecosistema.<\/p>\n\n\n\n<p>Mar del Plata dejar\u00e1 de competir por turismo estacional y pasar\u00e1 a <strong>liderar la nueva econom\u00eda urbana del Cono Sur<\/strong>, como <strong>\u201cla Dub\u00e1i Atl\u00e1ntica\u201d<\/strong>, epicentro de inversi\u00f3n y estilo de vida sostenible.<\/p>\n\n\n\n<hr class=\"wp-block-separator has-alpha-channel-opacity\"\/>\n\n\n\n<h2 class=\"wp-block-heading\"><strong>3. Las grandes marcas regresan al sur<\/strong><\/h2>\n\n\n\n<p>El proyecto propone un <strong>reingreso selectivo de las grandes casas de moda y dise\u00f1o internacional<\/strong> \u2014Dior, Herm\u00e8s, Chanel, Apple, Tesla, entre otras\u2014 a trav\u00e9s del modelo de <strong>showrooms culturales<\/strong> y <strong>flagships h\u00edbridos<\/strong> dentro del eje San Mart\u00edn\u2013San Juan y el futuro <strong>MDQ Waterfront District<\/strong>.<\/p>\n\n\n\n<p>Estas marcas no llegan a un shopping, sino a una <strong>narrativa de ciudad renovada<\/strong>, donde cada local, cada fachada y cada baldosa Eternum cuentan una historia de transformaci\u00f3n.<br>Mar del Plata deja de vender espacio: <strong>vende experiencia y pertenencia global.<\/strong><\/p>\n\n\n\n<hr class=\"wp-block-separator has-alpha-channel-opacity\"\/>\n\n\n\n<h2 class=\"wp-block-heading\"><strong>4. Visi\u00f3n, coraje y capital intensivo<\/strong><\/h2>\n\n\n\n<blockquote class=\"wp-block-quote is-layout-flow wp-block-quote-is-layout-flow\">\n<p>\u201cLa esperanza no construye el futuro; lo construyen la visi\u00f3n, el coraje y el capital dispuesto a invertir en esa visi\u00f3n.\u201d<br>\u2014 <em>Arq. R.G. Gomes (EcoBuddha Maitreya)<\/em><\/p>\n<\/blockquote>\n\n\n\n<p>As\u00ed define RGG el momento hist\u00f3rico actual: un <strong>punto de inflexi\u00f3n entre decadencia y renacimiento.<\/strong><br>El modelo propuesto \u2014integrando inversi\u00f3n privada, fondos verdes y participaci\u00f3n ciudadana\u2014 consolida una <strong>nueva clase de ciudad autosostenible<\/strong>, capaz de generar riqueza, empleo y prestigio internacional desde sus propios cimientos.<\/p>\n\n\n\n<hr class=\"wp-block-separator has-alpha-channel-opacity\"\/>\n\n\n\n<h2 class=\"wp-block-heading\"><strong>5. Declaraci\u00f3n final<\/strong><\/h2>\n\n\n\n<p>El <strong>Master Plan MDQ 2040<\/strong> no es un sue\u00f1o.<br>Es un <strong>futuro concreto en ejecuci\u00f3n<\/strong>, respaldado por una l\u00f3gica financiera precisa y una arquitectura emocionalmente inteligente.<br>Donde antes hubo abandono, ahora habr\u00e1 arte, econom\u00eda y sentido.<br>Y donde antes hubo distancia con el mundo, ahora habr\u00e1 <strong>una ciudad global abierta al oc\u00e9ano y al futuro<\/strong>.<\/p>\n\n\n\n<blockquote class=\"wp-block-quote is-layout-flow wp-block-quote-is-layout-flow\">\n<p><strong>\u201cMar del Plata vuelve a mirar al mar, y el mundo vuelve a mirar a Mar del Plata.\u201d<\/strong><\/p>\n<\/blockquote>\n\n\n\n<hr class=\"wp-block-separator has-alpha-channel-opacity\"\/>\n\n\n\n<h1 class=\"wp-block-heading\"><strong>PLANO MAESTRO URBANO 1:2000 \u2013 CIRCUITO PEATONAL TRI-PLAZAS MDQ<\/strong><\/h1>\n\n\n\n<h3 class=\"wp-block-heading\"><em>Extensi\u00f3n de Peatonales y Shopping Intermanzana \u2013 Pueyrred\u00f3n \u00b7 Dardo Rocha \u00b7 Peralta Ramos<\/em><\/h3>\n\n\n\n<hr class=\"wp-block-separator has-alpha-channel-opacity\"\/>\n\n\n\n<h2 class=\"wp-block-heading\"><strong>1. Estructura general del plano maestro<\/strong><\/h2>\n\n\n\n<p><strong>Escala 1:2000<\/strong> \u2013 Plano base urbano\u2013comercial con definici\u00f3n de ejes, patios y tipolog\u00edas edilicias.<\/p>\n\n\n\n<ul class=\"wp-block-list\">\n<li><strong>Extensi\u00f3n total:<\/strong> 10 manzanas lineales entre plazas.<\/li>\n\n\n\n<li><strong>Tramos intervenidos:<\/strong>\n<ul class=\"wp-block-list\">\n<li>Plaza Pueyrred\u00f3n \u2192 Plaza Dardo Rocha (5 manzanas).<\/li>\n\n\n\n<li>Plaza Dardo Rocha \u2192 Plaza Peralta Ramos (5 manzanas).<\/li>\n<\/ul>\n<\/li>\n\n\n\n<li><strong>Shopping intermanzana:<\/strong> eje continuo de 2.400 m de longitud (ambos lados).<\/li>\n\n\n\n<li><strong>Accesos peatonales:<\/strong> cada 80\u2013100 m.<\/li>\n\n\n\n<li><strong>Patios urbanos:<\/strong> cada 120 m (alternando plazas secas y verdes).<\/li>\n\n\n\n<li><strong>Ejes mixtos exteriores:<\/strong> veredas ampliadas 8 m + calzada central 3,2 m.<\/li>\n\n\n\n<li><strong>Superficie estimada GLA:<\/strong> 38.000 m\u00b2.<\/li>\n<\/ul>\n\n\n\n<hr class=\"wp-block-separator has-alpha-channel-opacity\"\/>\n\n\n\n<h2 class=\"wp-block-heading\"><strong>2. Secciones tipo<\/strong><\/h2>\n\n\n\n<figure class=\"wp-block-table\"><table><thead><tr><th>Elemento<\/th><th>Dimensi\u00f3n (m)<\/th><th>Descripci\u00f3n<\/th><\/tr><\/thead><tbody><tr><td><strong>Secci\u00f3n A\u2013A (Calle peatonal mixta)<\/strong><\/td><td>20,0<\/td><td>Veredas Eternum 8,0 + Calzada Ennergy 3,2 + Arbolado 8,8<\/td><\/tr><tr><td><strong>Secci\u00f3n B\u2013B (Shopping intermanzana)<\/strong><\/td><td>16,0<\/td><td>6,0 paseo central + 4,0 frentes comerciales + 3,0 servicios + 3,0 patios<\/td><\/tr><tr><td><strong>Secci\u00f3n C\u2013C (Plaza de conexi\u00f3n)<\/strong><\/td><td>25,0<\/td><td>Plataforma verde con deck + escaleras y p\u00e9rgolas<\/td><\/tr><tr><td><strong>Secci\u00f3n D\u2013D (Cruce tipo)<\/strong><\/td><td>15,0<\/td><td>Piso continuo sin desniveles, bolardos desmontables<\/td><\/tr><\/tbody><\/table><\/figure>\n\n\n\n<p><strong>Materialidad:<\/strong><\/p>\n\n\n\n<ul class=\"wp-block-list\">\n<li>Pavimento modular inteligente (Eternum + Ennergy).<\/li>\n\n\n\n<li>Luminarias LED rasantes y columnas de 4 m.<\/li>\n\n\n\n<li>Arbolado: Pl\u00e1tanos, Acer rubrum, y Jacarand\u00e1s.<\/li>\n\n\n\n<li>Mobiliario: bancos curvos, bebederos, bicicleteros, t\u00f3tems wifi.<\/li>\n<\/ul>\n\n\n\n<hr class=\"wp-block-separator has-alpha-channel-opacity\"\/>\n\n\n\n<h2 class=\"wp-block-heading\"><strong>3. Patios cada 120 m \u2013 Estrategia de dise\u00f1o<\/strong><\/h2>\n\n\n\n<p>Cada m\u00f3dulo de 120 m (una unidad b\u00e1sica de manzana) integra:<\/p>\n\n\n\n<ul class=\"wp-block-list\">\n<li><strong>Un patio central<\/strong> (12\u201315 m de ancho) con vegetaci\u00f3n y arte urbano.<\/li>\n\n\n\n<li><strong>Locales gastron\u00f3micos en esquina interna<\/strong>, con terrazas y p\u00e9rgolas.<\/li>\n\n\n\n<li><strong>Decks elevados<\/strong> de madera compuesta sobre superficie drenante.<\/li>\n\n\n\n<li><strong>Iluminaci\u00f3n esc\u00e9nica<\/strong> y paneles solares laterales.<\/li>\n\n\n\n<li><strong>Fuentes interactivas<\/strong> o juegos secos en tramos familiares.<\/li>\n<\/ul>\n\n\n\n<p><strong>Tipolog\u00eda de patios:<\/strong><\/p>\n\n\n\n<ol class=\"wp-block-list\">\n<li><strong>Patio Gastron\u00f3mico<\/strong> (40%): terrazas, bares, restaurantes, techos verdes.<\/li>\n\n\n\n<li><strong>Patio Cultural<\/strong> (35%): microescenario, arte, talleres, danza o m\u00fasica.<\/li>\n\n\n\n<li><strong>Patio Verde Activo<\/strong> (25%): \u00e1rea libre, senderos y arte floral.<\/li>\n<\/ol>\n\n\n\n<hr class=\"wp-block-separator has-alpha-channel-opacity\"\/>\n\n\n\n<h1 class=\"wp-block-heading\"><strong>HOJA DE VENTAS PARA FRENTISTAS Y COMERCIANTES<\/strong><\/h1>\n\n\n\n<h3 class=\"wp-block-heading\"><em>Programa de Adhesi\u00f3n \u2013 Shopping Intermanzana MDQ Green City Developer<\/em><\/h3>\n\n\n\n<hr class=\"wp-block-separator has-alpha-channel-opacity\"\/>\n\n\n\n<h2 class=\"wp-block-heading\"><strong>1. Beneficios para propietarios y frentistas<\/strong><\/h2>\n\n\n\n<figure class=\"wp-block-table\"><table><thead><tr><th>Categor\u00eda<\/th><th>Beneficio<\/th><th>Impacto<\/th><\/tr><\/thead><tbody><tr><td><strong>Valorizaci\u00f3n Inmediata<\/strong><\/td><td>Plusval\u00eda urbana entre <strong>+18% y +30%<\/strong> seg\u00fan tramo<\/td><td>Aumento patrimonial directo<\/td><\/tr><tr><td><strong>Renta Potenciada<\/strong><\/td><td>Flujo peatonal +40% en ejes intervenidos<\/td><td>Mejora de ventas promedio +25%<\/td><\/tr><tr><td><strong>Incentivos Fiscales<\/strong><\/td><td>Exenci\u00f3n parcial de tasas y derechos de obra (5 a\u00f1os)<\/td><td>Reducci\u00f3n de carga impositiva<\/td><\/tr><tr><td><strong>Imagen de Marca<\/strong><\/td><td>Inclusi\u00f3n en red MDQ Green City Developer<\/td><td>Certificaci\u00f3n ESG y visibilidad global<\/td><\/tr><tr><td><strong>Financiaci\u00f3n Privada<\/strong><\/td><td>Acceso a cr\u00e9ditos blandos y Fideicomiso Verde MDQ<\/td><td>Plazos 20 a\u00f1os, tasas preferenciales<\/td><\/tr><tr><td><strong>Sinergia Comercial<\/strong><\/td><td>Integraci\u00f3n al corredor tur\u00edstico y cultural<\/td><td>Eventos, ferias, gastronom\u00eda y arte<\/td><\/tr><\/tbody><\/table><\/figure>\n\n\n\n<hr class=\"wp-block-separator has-alpha-channel-opacity\"\/>\n\n\n\n<h2 class=\"wp-block-heading\"><strong>2. Modelo de participaci\u00f3n<\/strong><\/h2>\n\n\n\n<ul class=\"wp-block-list\">\n<li>Adhesi\u00f3n voluntaria mediante <strong>Convenio Urban\u00edstico Individual<\/strong>.<\/li>\n\n\n\n<li>Cesi\u00f3n parcial de <strong>derechos de paso<\/strong> o <strong>terreno interior<\/strong> (opcional con compensaci\u00f3n).<\/li>\n\n\n\n<li>Integraci\u00f3n autom\u00e1tica al sistema de <strong>Publicidad Urbana MDQ Green City<\/strong>.<\/li>\n\n\n\n<li>Inclusi\u00f3n en el <strong>ranking ESG local<\/strong> y sello <em>\u201cComercio Verde Certificado\u201d<\/em>.<\/li>\n<\/ul>\n\n\n\n<hr class=\"wp-block-separator has-alpha-channel-opacity\"\/>\n\n\n\n<h2 class=\"wp-block-heading\"><strong>3. Plusval\u00eda y retorno<\/strong><\/h2>\n\n\n\n<figure class=\"wp-block-table\"><table><thead><tr><th>Tipo de propiedad<\/th><th>Inversi\u00f3n estimada (USD\/m\u00b2)<\/th><th>Renta anual (%)<\/th><th>Plusval\u00eda 3 a\u00f1os<\/th><\/tr><\/thead><tbody><tr><td>Local PB interior<\/td><td>1.400 \u2013 1.800<\/td><td>9 \u2013 12<\/td><td>+28%<\/td><\/tr><tr><td>Local esquina mixta<\/td><td>1.800 \u2013 2.400<\/td><td>10 \u2013 13<\/td><td>+32%<\/td><\/tr><tr><td>Vivienda con PB comercial<\/td><td>1.200 \u2013 1.600<\/td><td>8 \u2013 10<\/td><td>+25%<\/td><\/tr><tr><td>Galer\u00eda \/ cowork<\/td><td>900 \u2013 1.300<\/td><td>7 \u2013 9<\/td><td>+20%<\/td><\/tr><\/tbody><\/table><\/figure>\n\n\n\n<p><strong>Ejemplo:<\/strong><br>Un local promedio de 120 m\u00b2 a USD 1.600\/m\u00b2 genera renta anual de USD 17.000\u201320.000, con revalorizaci\u00f3n de 25\u201330% al a\u00f1o 3 tras finalizaci\u00f3n de obras.<\/p>\n\n\n\n<hr class=\"wp-block-separator has-alpha-channel-opacity\"\/>\n\n\n\n<h2 class=\"wp-block-heading\"><strong>4. Testimonios y adhesi\u00f3n<\/strong><\/h2>\n\n\n\n<blockquote class=\"wp-block-quote is-layout-flow wp-block-quote-is-layout-flow\">\n<p>\u201cPasamos de una calle con poco movimiento a un circuito vivo todo el d\u00eda.\u201d<br>\u2014 <em>Comerciante piloto \u2013 tramo Dardo Rocha<\/em><\/p>\n<\/blockquote>\n\n\n\n<blockquote class=\"wp-block-quote is-layout-flow wp-block-quote-is-layout-flow\">\n<p>\u201cEl proyecto nos revaloriz\u00f3 el patrimonio sin perder identidad.\u201d<br>\u2014 <em>Familia propietaria \u2013 14 de Julio<\/em><\/p>\n<\/blockquote>\n\n\n\n<hr class=\"wp-block-separator has-alpha-channel-opacity\"\/>\n\n\n\n<h1 class=\"wp-block-heading\"><strong>RENDERS CLAVE \u2013 PRESENTACI\u00d3N VISUAL<\/strong><\/h1>\n\n\n\n<p><em>(Descripciones preparadas para que puedas acompa\u00f1arlas con im\u00e1genes o simulaciones generadas)<\/em><\/p>\n\n\n\n<hr class=\"wp-block-separator has-alpha-channel-opacity\"\/>\n\n\n\n<h2 class=\"wp-block-heading\"><strong>1. Nodo Plaza \u2013 Conexi\u00f3n Pueyrred\u00f3n<\/strong><\/h2>\n\n\n\n<ul class=\"wp-block-list\">\n<li>Vista a\u00e9rea con flujo peatonal intenso.<\/li>\n\n\n\n<li>Plataforma con pavimento modular Eternum, p\u00e9rgolas verdes y deck gastron\u00f3mico.<\/li>\n\n\n\n<li>Escenario retr\u00e1ctil para eventos.<\/li>\n\n\n\n<li>Fondo con arboleda existente y fachadas restauradas.<\/li>\n<\/ul>\n\n\n\n<p><strong>Concepto:<\/strong><br>La plaza se funde con el inicio del shopping intermanzana, generando una \u201cpuerta de entrada verde\u201d al circuito.<\/p>\n\n\n\n<hr class=\"wp-block-separator has-alpha-channel-opacity\"\/>\n\n\n\n<h2 class=\"wp-block-heading\"><strong>2. Cruce Tipo \u2013 Calle Mixta<\/strong><\/h2>\n\n\n\n<ul class=\"wp-block-list\">\n<li>Calzada \u00fanica con textura continua (Eternum + Ennergy).<\/li>\n\n\n\n<li>Iluminaci\u00f3n LED rasante, bolardos desmontables y vegetaci\u00f3n lineal.<\/li>\n\n\n\n<li>Fachadas activadas con vidrieras comerciales y marquesinas sustentables.<\/li>\n<\/ul>\n\n\n\n<p><strong>Concepto:<\/strong><br>El peat\u00f3n se convierte en protagonista. Los veh\u00edculos circulan lentamente en una atm\u00f3sfera urbana contempor\u00e1nea y silenciosa.<\/p>\n\n\n\n<hr class=\"wp-block-separator has-alpha-channel-opacity\"\/>\n\n\n\n<h2 class=\"wp-block-heading\"><strong>3. Patio Gastron\u00f3mico \u2013 M\u00f3dulo de 120 m<\/strong><\/h2>\n\n\n\n<ul class=\"wp-block-list\">\n<li>Perspectiva central de paseo con terrazas, p\u00e9rgolas y locales abiertos.<\/li>\n\n\n\n<li>Decks de madera sint\u00e9tica, mobiliario c\u00e1lido y sombras naturales.<\/li>\n\n\n\n<li>Al fondo, un espacio de arte p\u00fablico y un anfiteatro urbano.<\/li>\n<\/ul>\n\n\n\n<p><strong>Concepto:<\/strong><br>El paseo se transforma en experiencia: comida, cultura y convivencia bajo un mismo ecosistema arquitect\u00f3nico y social.<\/p>\n\n\n\n<hr class=\"wp-block-separator has-alpha-channel-opacity\"\/>\n\n\n\n<h2 class=\"wp-block-heading\"><strong>4. Vista Nocturna \u2013 Shopping Abierto Intermanzana<\/strong><\/h2>\n\n\n\n<ul class=\"wp-block-list\">\n<li>Iluminaci\u00f3n ambiental c\u00e1lida (3000K).<\/li>\n\n\n\n<li>Reflejos en pavimento modular con brillos de LED rasante.<\/li>\n\n\n\n<li>Escenas activas de p\u00fablico, artistas callejeros y espacios gastron\u00f3micos.<\/li>\n<\/ul>\n\n\n\n<p><strong>Concepto:<\/strong><br>La peatonal deja de ser un eje de d\u00eda: se vuelve <strong>viva las 24 horas<\/strong>, segura y econ\u00f3micamente activa.<\/p>\n\n\n\n<hr class=\"wp-block-separator has-alpha-channel-opacity\"\/>\n\n\n\n<h2 class=\"wp-block-heading\"><strong>5. Visual de Continuidad Urbana<\/strong><\/h2>\n\n\n\n<ul class=\"wp-block-list\">\n<li>Render panor\u00e1mico conectando los tres tramos.<\/li>\n\n\n\n<li>Patios cada 120 m con variaci\u00f3n de texturas, vegetaci\u00f3n y usos.<\/li>\n\n\n\n<li>Identidad visual homog\u00e9nea (p\u00e9rgolas, se\u00f1al\u00e9tica, iluminaci\u00f3n).<\/li>\n<\/ul>\n\n\n\n<p><strong>Concepto:<\/strong><br>El conjunto se percibe como una gran arteria comercial unificada, vertebrando toda la zona central con sentido de lugar y pertenencia.<\/p>\n\n\n\n<h1 class=\"wp-block-heading\"><strong>PLANO MAESTRO URBANO 1:2000 \u2013 CIRCUITO PEATONAL TRI-PLAZAS MDQ<\/strong><\/h1>\n\n\n\n<h3 class=\"wp-block-heading\"><em>Extensi\u00f3n de Peatonales y Shopping Intermanzana \u2013 Pueyrred\u00f3n \u00b7 Dardo Rocha \u00b7 Peralta Ramos<\/em><\/h3>\n\n\n\n<hr class=\"wp-block-separator has-alpha-channel-opacity\"\/>\n\n\n\n<h2 class=\"wp-block-heading\"><strong>1. ESTRUCTURA GENERAL DEL PLANO MAESTRO<\/strong><\/h2>\n\n\n\n<p><strong>Escala 1:2000<\/strong><br>Plano base urbano-comercial con definici\u00f3n de ejes, patios y tipolog\u00edas edilicias.<\/p>\n\n\n\n<ul class=\"wp-block-list\">\n<li>Extensi\u00f3n total: <strong>10 manzanas lineales<\/strong> entre plazas.<\/li>\n\n\n\n<li>Tramos intervenidos:\n<ul class=\"wp-block-list\">\n<li><strong>Plaza Pueyrred\u00f3n \u2192 Plaza Dardo Rocha<\/strong> (5 manzanas).<\/li>\n\n\n\n<li><strong>Plaza Dardo Rocha \u2192 Plaza Peralta Ramos<\/strong> (5 manzanas).<\/li>\n<\/ul>\n<\/li>\n\n\n\n<li>Shopping intermanzana continuo de <strong>2.400 metros lineales<\/strong> (ambos lados).<\/li>\n\n\n\n<li>Accesos peatonales cada <strong>80\u2013100 metros<\/strong>.<\/li>\n\n\n\n<li>Patios urbanos cada <strong>120 metros<\/strong> (alternando plazas secas y verdes).<\/li>\n\n\n\n<li>Ejes mixtos exteriores con <strong>veredas ampliadas de 8 m + calzada central de 3,2 m<\/strong>.<\/li>\n\n\n\n<li>Superficie estimada GLA: <strong>38.000 m\u00b2<\/strong>.<\/li>\n<\/ul>\n\n\n\n<hr class=\"wp-block-separator has-alpha-channel-opacity\"\/>\n\n\n\n<h2 class=\"wp-block-heading\"><strong>2. SECCIONES TIPO<\/strong><\/h2>\n\n\n\n<figure class=\"wp-block-table\"><table><thead><tr><th>Elemento<\/th><th>Dimensi\u00f3n (m)<\/th><th>Descripci\u00f3n<\/th><\/tr><\/thead><tbody><tr><td><strong>Secci\u00f3n A\u2013A (Calle peatonal mixta)<\/strong><\/td><td>20,0<\/td><td>Veredas Eternum 8,0 + Calzada Ennergy 3,2 + Arbolado 8,8<\/td><\/tr><tr><td><strong>Secci\u00f3n B\u2013B (Shopping intermanzana)<\/strong><\/td><td>16,0<\/td><td>6,0 paseo central + 4,0 frentes comerciales + 3,0 servicios + 3,0 patios<\/td><\/tr><tr><td><strong>Secci\u00f3n C\u2013C (Plaza de conexi\u00f3n)<\/strong><\/td><td>25,0<\/td><td>Plataforma verde con deck, escaleras y p\u00e9rgolas<\/td><\/tr><tr><td><strong>Secci\u00f3n D\u2013D (Cruce tipo)<\/strong><\/td><td>15,0<\/td><td>Piso continuo sin desniveles, bolardos desmontables<\/td><\/tr><\/tbody><\/table><\/figure>\n\n\n\n<p><strong>Materialidad general:<\/strong><br>Pavimento modular inteligente (Eternum + Ennergy).<br>Luminarias LED rasantes y columnas de 4 metros.<br>Arbolado: Pl\u00e1tanos, Acer rubrum y Jacarand\u00e1s.<br>Mobiliario: bancos curvos, bebederos, bicicleteros y t\u00f3tems wifi.<\/p>\n\n\n\n<hr class=\"wp-block-separator has-alpha-channel-opacity\"\/>\n\n\n\n<h2 class=\"wp-block-heading\"><strong>3. PATIOS CADA 120 M \u2013 ESTRATEGIA DE DISE\u00d1O<\/strong><\/h2>\n\n\n\n<p>Cada m\u00f3dulo de 120 metros integra:<\/p>\n\n\n\n<ul class=\"wp-block-list\">\n<li>Un <strong>patio central<\/strong> (12\u201315 m de ancho) con vegetaci\u00f3n, deck y arte urbano.<\/li>\n\n\n\n<li><strong>Locales gastron\u00f3micos<\/strong> con terrazas y p\u00e9rgolas.<\/li>\n\n\n\n<li><strong>Decks elevados<\/strong> de madera compuesta sobre superficie drenante.<\/li>\n\n\n\n<li><strong>Iluminaci\u00f3n esc\u00e9nica<\/strong> y paneles solares laterales.<\/li>\n\n\n\n<li><strong>Fuentes interactivas<\/strong> o juegos secos para ni\u00f1os.<\/li>\n<\/ul>\n\n\n\n<p><strong>Tipolog\u00eda de patios:<\/strong><\/p>\n\n\n\n<ol class=\"wp-block-list\">\n<li><strong>Patio Gastron\u00f3mico (40%)<\/strong> \u2013 terrazas, bares, restaurantes, techos verdes.<\/li>\n\n\n\n<li><strong>Patio Cultural (35%)<\/strong> \u2013 microescenario, arte, talleres, m\u00fasica.<\/li>\n\n\n\n<li><strong>Patio Verde Activo (25%)<\/strong> \u2013 \u00e1rea libre, vegetaci\u00f3n y descanso.<\/li>\n<\/ol>\n\n\n\n<hr class=\"wp-block-separator has-alpha-channel-opacity\"\/>\n\n\n\n<h1 class=\"wp-block-heading\"><strong>HOJA DE VENTAS PARA FRENTISTAS Y COMERCIANTES<\/strong><\/h1>\n\n\n\n<h3 class=\"wp-block-heading\"><em>Programa de Adhesi\u00f3n \u2013 Shopping Intermanzana MDQ Green City Developer<\/em><\/h3>\n\n\n\n<hr class=\"wp-block-separator has-alpha-channel-opacity\"\/>\n\n\n\n<h2 class=\"wp-block-heading\"><strong>1. BENEFICIOS PARA PROPIETARIOS Y FRENTISTAS<\/strong><\/h2>\n\n\n\n<figure class=\"wp-block-table\"><table><thead><tr><th>Categor\u00eda<\/th><th>Beneficio<\/th><th>Impacto<\/th><\/tr><\/thead><tbody><tr><td><strong>Valorizaci\u00f3n inmediata<\/strong><\/td><td>Plusval\u00eda urbana entre <strong>+18% y +30%<\/strong><\/td><td>Aumento patrimonial directo<\/td><\/tr><tr><td><strong>Renta potenciada<\/strong><\/td><td>Flujo peatonal +40% en ejes intervenidos<\/td><td>Mejora de ventas promedio +25%<\/td><\/tr><tr><td><strong>Incentivos fiscales<\/strong><\/td><td>Exenci\u00f3n parcial de tasas y derechos de obra (5 a\u00f1os)<\/td><td>Reducci\u00f3n de carga impositiva<\/td><\/tr><tr><td><strong>Imagen de marca<\/strong><\/td><td>Inclusi\u00f3n en red MDQ Green City Developer<\/td><td>Certificaci\u00f3n ESG y visibilidad global<\/td><\/tr><tr><td><strong>Financiaci\u00f3n privada<\/strong><\/td><td>Acceso a cr\u00e9ditos blandos y Fideicomiso Verde MDQ<\/td><td>Plazos hasta 20 a\u00f1os, tasas preferenciales<\/td><\/tr><tr><td><strong>Sinergia comercial<\/strong><\/td><td>Integraci\u00f3n al corredor tur\u00edstico y cultural<\/td><td>Eventos, ferias y gastronom\u00eda<\/td><\/tr><\/tbody><\/table><\/figure>\n\n\n\n<hr class=\"wp-block-separator has-alpha-channel-opacity\"\/>\n\n\n\n<h2 class=\"wp-block-heading\"><strong>2. MODELO DE PARTICIPACI\u00d3N<\/strong><\/h2>\n\n\n\n<ul class=\"wp-block-list\">\n<li>Adhesi\u00f3n voluntaria mediante <strong>Convenio Urban\u00edstico Individual<\/strong>.<\/li>\n\n\n\n<li>Cesi\u00f3n parcial de <strong>derechos de paso o terreno interior<\/strong> (opcional, con compensaci\u00f3n).<\/li>\n\n\n\n<li>Integraci\u00f3n autom\u00e1tica al sistema de <strong>Publicidad Urbana MDQ Green City<\/strong>.<\/li>\n\n\n\n<li>Inclusi\u00f3n en el <strong>ranking ESG local<\/strong> y sello \u201c<strong>Comercio Verde Certificado<\/strong>\u201d.<\/li>\n<\/ul>\n\n\n\n<hr class=\"wp-block-separator has-alpha-channel-opacity\"\/>\n\n\n\n<h2 class=\"wp-block-heading\"><strong>3. PLUSVAL\u00cdA Y RETORNO<\/strong><\/h2>\n\n\n\n<figure class=\"wp-block-table\"><table><thead><tr><th>Tipo de propiedad<\/th><th>Inversi\u00f3n (USD\/m\u00b2)<\/th><th>Renta anual (%)<\/th><th>Plusval\u00eda 3 a\u00f1os<\/th><\/tr><\/thead><tbody><tr><td>Local PB interior<\/td><td>1.400 \u2013 1.800<\/td><td>9 \u2013 12<\/td><td>+28%<\/td><\/tr><tr><td>Local esquina mixta<\/td><td>1.800 \u2013 2.400<\/td><td>10 \u2013 13<\/td><td>+32%<\/td><\/tr><tr><td>Vivienda con PB comercial<\/td><td>1.200 \u2013 1.600<\/td><td>8 \u2013 10<\/td><td>+25%<\/td><\/tr><tr><td>Galer\u00eda \/ cowork<\/td><td>900 \u2013 1.300<\/td><td>7 \u2013 9<\/td><td>+20%<\/td><\/tr><\/tbody><\/table><\/figure>\n\n\n\n<p><strong>Ejemplo:<\/strong><br>Un local promedio de 120 m\u00b2 a USD 1.600\/m\u00b2 genera una renta anual de USD 17.000\u201320.000, con revalorizaci\u00f3n del 25\u201330% al a\u00f1o 3 tras finalizaci\u00f3n de obras.<\/p>\n\n\n\n<hr class=\"wp-block-separator has-alpha-channel-opacity\"\/>\n\n\n\n<h2 class=\"wp-block-heading\"><strong>4. TESTIMONIOS<\/strong><\/h2>\n\n\n\n<blockquote class=\"wp-block-quote is-layout-flow wp-block-quote-is-layout-flow\">\n<p>\u201cPasamos de una calle con poco movimiento a un circuito vivo todo el d\u00eda.\u201d<br>\u2014 <em>Comerciante piloto \u2013 tramo Dardo Rocha<\/em><\/p>\n<\/blockquote>\n\n\n\n<blockquote class=\"wp-block-quote is-layout-flow wp-block-quote-is-layout-flow\">\n<p>\u201cEl proyecto nos revaloriz\u00f3 el patrimonio sin perder identidad.\u201d<br>\u2014 <em>Familia propietaria \u2013 14 de Julio<\/em><\/p>\n<\/blockquote>\n\n\n\n<hr class=\"wp-block-separator has-alpha-channel-opacity\"\/>\n\n\n\n<h1 class=\"wp-block-heading\"><strong>RENDERS CLAVE \u2013 PRESENTACI\u00d3N VISUAL<\/strong><\/h1>\n\n\n\n<p><em>(Descripci\u00f3n de escenas para insertar im\u00e1genes o simulaciones)<\/em><\/p>\n\n\n\n<hr class=\"wp-block-separator has-alpha-channel-opacity\"\/>\n\n\n\n<h2 class=\"wp-block-heading\"><strong>1. NODO PLAZA \u2013 CONEXI\u00d3N PUEYRRED\u00d3N<\/strong><\/h2>\n\n\n\n<ul class=\"wp-block-list\">\n<li>Vista a\u00e9rea con flujo peatonal intenso.<\/li>\n\n\n\n<li>Pavimento modular Eternum, p\u00e9rgolas verdes y deck gastron\u00f3mico.<\/li>\n\n\n\n<li>Escenario retr\u00e1ctil para eventos culturales.<\/li>\n<\/ul>\n\n\n\n<p><strong>Concepto:<\/strong><br>La plaza se fusiona con el inicio del shopping intermanzana, generando una \u201cpuerta verde\u201d al circuito.<\/p>\n\n\n\n<hr class=\"wp-block-separator has-alpha-channel-opacity\"\/>\n\n\n\n<h2 class=\"wp-block-heading\"><strong>2. CRUCE TIPO \u2013 CALLE MIXTA<\/strong><\/h2>\n\n\n\n<ul class=\"wp-block-list\">\n<li>Calzada \u00fanica (Eternum + Ennergy), piso continuo, sin desniveles.<\/li>\n\n\n\n<li>Iluminaci\u00f3n LED rasante, bolardos desmontables y vegetaci\u00f3n lineal.<\/li>\n<\/ul>\n\n\n\n<p><strong>Concepto:<\/strong><br>El peat\u00f3n es protagonista. El veh\u00edculo circula lentamente en un entorno calmo y elegante.<\/p>\n\n\n\n<hr class=\"wp-block-separator has-alpha-channel-opacity\"\/>\n\n\n\n<h2 class=\"wp-block-heading\"><strong>3. PATIO GASTRON\u00d3MICO \u2013 M\u00d3DULO DE 120 M<\/strong><\/h2>\n\n\n\n<ul class=\"wp-block-list\">\n<li>Paseo central con terrazas, p\u00e9rgolas y locales abiertos.<\/li>\n\n\n\n<li>Decks de madera sint\u00e9tica, sombras naturales y arte p\u00fablico.<\/li>\n<\/ul>\n\n\n\n<p><strong>Concepto:<\/strong><br>El paseo se convierte en experiencia: gastronom\u00eda, cultura y convivencia en armon\u00eda.<\/p>\n\n\n\n<hr class=\"wp-block-separator has-alpha-channel-opacity\"\/>\n\n\n\n<h2 class=\"wp-block-heading\"><strong>4. VISTA NOCTURNA \u2013 SHOPPING INTERMANZANA<\/strong><\/h2>\n\n\n\n<ul class=\"wp-block-list\">\n<li>Iluminaci\u00f3n ambiental c\u00e1lida (3000K).<\/li>\n\n\n\n<li>Pavimento con brillos LED rasantes.<\/li>\n\n\n\n<li>Actividad continua de p\u00fablico y espect\u00e1culos callejeros.<\/li>\n<\/ul>\n\n\n\n<p><strong>Concepto:<\/strong><br>La peatonal se transforma en una arteria viva las 24 horas, segura y activa.<\/p>\n\n\n\n<hr class=\"wp-block-separator has-alpha-channel-opacity\"\/>\n\n\n\n<h2 class=\"wp-block-heading\"><strong>5. VISUAL DE CONTINUIDAD URBANA<\/strong><\/h2>\n\n\n\n<ul class=\"wp-block-list\">\n<li>Perspectiva panor\u00e1mica conectando los tres tramos.<\/li>\n\n\n\n<li>Patios cada 120 m con variaci\u00f3n de texturas y usos.<\/li>\n\n\n\n<li>Se\u00f1al\u00e9tica y mobiliario homog\u00e9neos, identidad visual unificada.<\/li>\n<\/ul>\n\n\n\n<p><strong>Concepto:<\/strong><br>El conjunto se percibe como una arteria comercial integrada, con sentido de lugar, belleza y pertenencia.<\/p>\n\n\n\n<p><\/p>\n\n\n\n<figure class=\"wp-block-image size-large\"><a href=\"https:\/\/globalsolidarity.live\/news\/wp-content\/uploads\/2025\/10\/render.png\"><img loading=\"lazy\" decoding=\"async\" width=\"1024\" height=\"683\" src=\"https:\/\/globalsolidarity.live\/news\/wp-content\/uploads\/2025\/10\/render-1024x683.png\" alt=\"\" class=\"wp-image-3400\" srcset=\"https:\/\/globalsolidarity.live\/news\/wp-content\/uploads\/2025\/10\/render-1024x683.png 1024w, https:\/\/globalsolidarity.live\/news\/wp-content\/uploads\/2025\/10\/render-300x200.png 300w, https:\/\/globalsolidarity.live\/news\/wp-content\/uploads\/2025\/10\/render-768x512.png 768w, https:\/\/globalsolidarity.live\/news\/wp-content\/uploads\/2025\/10\/render.png 1536w\" sizes=\"auto, (max-width: 1024px) 100vw, 1024px\" \/><\/a><figcaption class=\"wp-element-caption\"><br> <br><strong>Conectividad Integral Urbana \u2013 Mar del Plata Green Axis<\/strong><br>El nuevo <strong>Sistema de Interconexi\u00f3n Peatonal y Comercial de Mar del Plata<\/strong> redefine la estructura urbana al vincular de forma continua los principales ejes comerciales, tur\u00edsticos y residenciales de la ciudad.<br>Las <strong>peatonales San Mart\u00edn y Strobel<\/strong> se extienden hasta la <strong>costa<\/strong>, integrando el frente mar\u00edtimo con el n\u00facleo comercial hist\u00f3rico.<br>La <strong>red interplazas<\/strong> une estrat\u00e9gicamente <strong>Avenidas Col\u00f3n y Libertad<\/strong>, generando un corredor verde y cultural de alto impacto urbano.<br>A su vez, el <strong>eje San Juan\u2013Patagones<\/strong> cose las <strong>avenidas Juan B. Justo y Constituci\u00f3n<\/strong>, logrando por primera vez una <strong>interconexi\u00f3n transversal<\/strong> entre el <strong>micro y macrocentro<\/strong> marplatense.<br>Esta matriz de movilidad suave \u2014peatonal, ciclista y recreativa\u2014 transforma la experiencia urbana, potencia el valor inmobiliario y activa el comercio local.<br>El resultado es una <strong>ciudad m\u00e1s org\u00e1nica, interconectada y humana<\/strong>, donde el movimiento fluye sin interrupciones desde los barrios hasta el mar, consolidando a <strong>Mar del Plata como la nueva capital costera inteligente del Cono Sur<\/strong>.<\/figcaption><\/figure>\n\n\n\n<h3 class=\"wp-block-heading\"><strong>Visi\u00f3n Arquitect\u00f3nica del Arq. Roberto Guillermo Gomes<\/strong><\/h3>\n\n\n\n<h4 class=\"wp-block-heading\"><em>Humanizar la escala del megaproyecto<\/em><\/h4>\n\n\n\n<p>Los grandes planes urbanos solo adquieren sentido cuando logran <strong>descender a la escala del peat\u00f3n<\/strong>, al nivel de la experiencia humana cotidiana.<br>Un <strong>megaproyecto sin vida peatonal es un cuerpo sin alma<\/strong>: puede impresionar desde los planos, pero no respira en la realidad.<\/p>\n\n\n\n<p>El <strong>Arq. Roberto Guillermo Gomes<\/strong> entiende que el verdadero desaf\u00edo del urbanismo contempor\u00e1neo no est\u00e1 en la monumentalidad, sino en la <strong>habitabilidad<\/strong>: en dise\u00f1ar espacios que las personas sientan, recorran, disfruten y recuerden.<\/p>\n\n\n\n<blockquote class=\"wp-block-quote is-layout-flow wp-block-quote-is-layout-flow\">\n<p>\u201cSi no baj\u00e1s los megaproyectos a nivel peatonal y usuario, son proyectos muertos.\u201d<br>\u2014 <em>R.G. Gomes<\/em><\/p>\n<\/blockquote>\n\n\n\n<p>Por eso, cada una de sus obras \u2014desde los <strong>circuitos interplazas<\/strong>, los <strong>puertos n\u00e1uticos<\/strong> y los <strong>shopping intermanzana<\/strong>, hasta los <strong>ejes costeros sostenibles<\/strong>\u2014 se concibe como un <strong>ecosistema vivo<\/strong>, donde arquitectura, econom\u00eda y emoci\u00f3n convergen en un mismo flujo.<\/p>\n\n\n\n<p>As\u00ed, Mar del Plata deja de ser una ciudad proyectada desde la distancia para transformarse en una <strong>ciudad sentida desde adentro<\/strong>, donde el urbanismo se convierte en una forma de empat\u00eda colectiva y la arquitectura, en una extensi\u00f3n del alma ciudadana.<\/p>\n\n\n\n<p>Proyect: Arch.RGG<\/p>\n\n\n\n<hr class=\"wp-block-separator has-alpha-channel-opacity\"\/>\n\n\n\n<h2 class=\"wp-block-heading\"><strong><a href=\"https:\/\/globalsolidarity.live\/news\/contact\/\">Contact<\/a><\/strong><\/h2>\n","protected":false},"excerpt":{"rendered":"<p>Plazas Pueyrred\u00f3n \u2013 Dardo Rocha \u2013 Peralta Ramos + Ejes San Mart\u00edn, San Juan y Strobel 1) Visi\u00f3n<\/p>\n","protected":false},"author":1,"featured_media":3394,"comment_status":"open","ping_status":"open","sticky":false,"template":"","format":"standard","meta":{"footnotes":"","jetpack_publicize_message":"","jetpack_publicize_feature_enabled":true,"jetpack_social_post_already_shared":true,"jetpack_social_options":{"image_generator_settings":{"template":"highway","default_image_id":0,"font":"","enabled":false},"version":2}},"categories":[30,13,29,26,28],"tags":[],"class_list":["post-3393","post","type-post","status-publish","format-standard","has-post-thumbnail","hentry","category-architecture","category-business","category-press","category-proyects","category-real-estate"],"jetpack_publicize_connections":[],"_links":{"self":[{"href":"https:\/\/globalsolidarity.live\/news\/wp-json\/wp\/v2\/posts\/3393","targetHints":{"allow":["GET"]}}],"collection":[{"href":"https:\/\/globalsolidarity.live\/news\/wp-json\/wp\/v2\/posts"}],"about":[{"href":"https:\/\/globalsolidarity.live\/news\/wp-json\/wp\/v2\/types\/post"}],"author":[{"embeddable":true,"href":"https:\/\/globalsolidarity.live\/news\/wp-json\/wp\/v2\/users\/1"}],"replies":[{"embeddable":true,"href":"https:\/\/globalsolidarity.live\/news\/wp-json\/wp\/v2\/comments?post=3393"}],"version-history":[{"count":7,"href":"https:\/\/globalsolidarity.live\/news\/wp-json\/wp\/v2\/posts\/3393\/revisions"}],"predecessor-version":[{"id":3598,"href":"https:\/\/globalsolidarity.live\/news\/wp-json\/wp\/v2\/posts\/3393\/revisions\/3598"}],"wp:featuredmedia":[{"embeddable":true,"href":"https:\/\/globalsolidarity.live\/news\/wp-json\/wp\/v2\/media\/3394"}],"wp:attachment":[{"href":"https:\/\/globalsolidarity.live\/news\/wp-json\/wp\/v2\/media?parent=3393"}],"wp:term":[{"taxonomy":"category","embeddable":true,"href":"https:\/\/globalsolidarity.live\/news\/wp-json\/wp\/v2\/categories?post=3393"},{"taxonomy":"post_tag","embeddable":true,"href":"https:\/\/globalsolidarity.live\/news\/wp-json\/wp\/v2\/tags?post=3393"}],"curies":[{"name":"wp","href":"https:\/\/api.w.org\/{rel}","templated":true}]}}