{"id":3949,"date":"2025-10-31T23:38:29","date_gmt":"2025-10-31T23:38:29","guid":{"rendered":"https:\/\/globalsolidarity.live\/news\/?p=3949"},"modified":"2025-11-01T04:09:39","modified_gmt":"2025-11-01T04:09:39","slug":"%e2%9a%96%ef%b8%8f-pacto-milei-rgg-por-el-futuro-de-45-millones-de-argentinos","status":"publish","type":"post","link":"https:\/\/globalsolidarity.live\/news\/policy\/%e2%9a%96%ef%b8%8f-pacto-milei-rgg-por-el-futuro-de-45-millones-de-argentinos\/","title":{"rendered":"\u2696\ufe0f Pacto Milei\u2013RGG por el Futuro de 45 Millones de Argentinos"},"content":{"rendered":"\n<h3 class=\"wp-block-heading\"><em>Una alianza entre el poder pol\u00edtico y la ingenier\u00eda civilizatoria<\/em><\/h3>\n\n\n\n<hr class=\"wp-block-separator has-alpha-channel-opacity\"\/>\n\n\n\n<h3 class=\"wp-block-heading\">\ud83e\udded <strong>1. Esencia del Acuerdo<\/strong><\/h3>\n\n\n\n<p>El pacto propone un <strong>nuevo contrato nacional<\/strong> entre Estado y sociedad, donde cada parte aporta lo que mejor sabe hacer:<\/p>\n\n\n\n<ul class=\"wp-block-list\">\n<li><strong>Javier Milei<\/strong> garantiza el marco pol\u00edtico, legal y econ\u00f3mico: modernizaci\u00f3n del Estado, reducci\u00f3n de la corrupci\u00f3n, respeto por la propiedad privada y libertad de inversi\u00f3n.<\/li>\n\n\n\n<li><strong>Roberto Guillermo Gomes (RGG)<\/strong>, mediante <strong>SpaceArch Solutions LLC (Miami)<\/strong> y su red corporativa global, ofrece <strong>219 megaproyectos listos para activarse<\/strong>, con capacidad de atraer <strong>capitales internacionales por varios <em>trillions<\/em> de d\u00f3lares<\/strong>, generando empleo, producci\u00f3n y tecnolog\u00eda de frontera.<\/li>\n<\/ul>\n\n\n\n<p>Es una alianza <strong>sin subordinaci\u00f3n ni intereses personales<\/strong>, donde el poder pol\u00edtico y el poder creativo se complementan para <strong>reconstruir la naci\u00f3n desde la eficiencia y la visi\u00f3n de futuro.<\/strong><\/p>\n\n\n\n<hr class=\"wp-block-separator has-alpha-channel-opacity\"\/>\n\n\n\n<h3 class=\"wp-block-heading\">\ud83e\udde0 <strong>2. Fundamento Filos\u00f3fico<\/strong><\/h3>\n\n\n\n<p>RGG lo expresa con claridad:<\/p>\n\n\n\n<blockquote class=\"wp-block-quote is-layout-flow wp-block-quote-is-layout-flow\">\n<p>\u201cNo estoy interesado en ninguna forma de poder, ni en su ejercicio. Mi tarea est\u00e1 en la ingenier\u00eda de sistemas, procesos y supertecnolog\u00edas que aseguren la supervivencia de la especie humana, su progreso, bienestar y equidad social m\u00e1xima dentro de una estabilidad hiperetica.\u201d<\/p>\n<\/blockquote>\n\n\n\n<p>Esa frase define una nueva forma de liderazgo: el del <strong>arquitecto de civilizaciones<\/strong>, que dise\u00f1a sin dominar, coordina sin imponerse y ejecuta sin aspirar al poder pol\u00edtico.<\/p>\n\n\n\n<hr class=\"wp-block-separator has-alpha-channel-opacity\"\/>\n\n\n\n<h3 class=\"wp-block-heading\">\ud83d\udcbc <strong>3. Complementariedad Perfecta<\/strong><\/h3>\n\n\n\n<figure class=\"wp-block-table\"><table><thead><tr><th>Milei<\/th><th>RGG<\/th><\/tr><\/thead><tbody><tr><td>Reforma estructural del Estado<\/td><td>Creaci\u00f3n de la nueva econom\u00eda cognitiva<\/td><\/tr><tr><td>Garant\u00eda de libertades econ\u00f3micas<\/td><td>Implementaci\u00f3n de megaproyectos y sistemas globales<\/td><\/tr><tr><td>Atrae capital mediante confianza jur\u00eddica<\/td><td>Canaliza capital hacia proyectos concretos<\/td><\/tr><tr><td>Reduce corrupci\u00f3n<\/td><td>Multiplica productividad y transparencia<\/td><\/tr><tr><td>Representa el poder institucional<\/td><td>Representa el poder tecnol\u00f3gico-evolutivo<\/td><\/tr><\/tbody><\/table><\/figure>\n\n\n\n<p>Ambos modelos \u2014el pol\u00edtico y el tecnol\u00f3gico\u2014 <strong>no se superponen: se sincronizan.<\/strong><\/p>\n\n\n\n<hr class=\"wp-block-separator has-alpha-channel-opacity\"\/>\n\n\n\n<h3 class=\"wp-block-heading\">\ud83c\udf0d <strong>4. Escala e Impacto<\/strong><\/h3>\n\n\n\n<p>Los 219 megaproyectos abarcan los ejes fundamentales:<\/p>\n\n\n\n<ul class=\"wp-block-list\">\n<li>Energ\u00eda limpia y autosuficiencia industrial<\/li>\n\n\n\n<li>Reconversi\u00f3n urbana e infraestructura inteligente<\/li>\n\n\n\n<li>Agroindustria avanzada y biotecnolog\u00eda<\/li>\n\n\n\n<li>Educaci\u00f3n, m\u00fasica, cultura y econom\u00eda digital<\/li>\n\n\n\n<li>Fintech verde y comercio global<\/li>\n\n\n\n<li>Transparencia y democracia digital<\/li>\n<\/ul>\n\n\n\n<p>La proyecci\u00f3n de inversi\u00f3n supera los <strong>tres trillones de d\u00f3lares<\/strong>, distribuidos en fases progresivas, con efectos inmediatos en generaci\u00f3n de empleo, exportaciones y PBI.<\/p>\n\n\n\n<hr class=\"wp-block-separator has-alpha-channel-opacity\"\/>\n\n\n\n<h3 class=\"wp-block-heading\">\ud83d\ude80 <strong>5. Horizonte Pol\u00edtico<\/strong><\/h3>\n\n\n\n<p>RGG ha sido expl\u00edcito:<\/p>\n\n\n\n<blockquote class=\"wp-block-quote is-layout-flow wp-block-quote-is-layout-flow\">\n<p>\u201cSolo si Milei bloquea este plan, presentar\u00e9 mi candidatura presidencial 2027.\u201d<\/p>\n<\/blockquote>\n\n\n\n<p>Esa afirmaci\u00f3n no es amenaza, sino <strong>garant\u00eda \u00e9tica<\/strong>: el poder no es un fin, sino un medio para concretar la misi\u00f3n.<br>El objetivo no es gobernar, sino <strong>asegurar que el conocimiento gobierne.<\/strong><\/p>\n\n\n\n<hr class=\"wp-block-separator has-alpha-channel-opacity\"\/>\n\n\n\n<h3 class=\"wp-block-heading\">\ud83c\udf31 <strong>6. El Sentido del Pacto<\/strong><\/h3>\n\n\n\n<p>Este pacto no busca un gobierno, sino <strong>una refundaci\u00f3n nacional.<\/strong><\/p>\n\n\n\n<ul class=\"wp-block-list\">\n<li>Milei representa el <strong>orden pol\u00edtico.<\/strong><\/li>\n\n\n\n<li>RGG representa el <strong>orden evolutivo.<\/strong><br>Ambos son necesarios para que Argentina deje atr\u00e1s el atraso estructural y se convierta en <strong>laboratorio de la econom\u00eda del futuro.<\/strong><\/li>\n<\/ul>\n\n\n\n<hr class=\"wp-block-separator has-alpha-channel-opacity\"\/>\n\n\n\n<h3 class=\"wp-block-heading\">\ud83c\udfc1 <strong>Conclusi\u00f3n<\/strong><\/h3>\n\n\n\n<p>El <strong>Pacto Milei\u2013RGG<\/strong> sintetiza el equilibrio entre <strong>raz\u00f3n pol\u00edtica y visi\u00f3n tecnol\u00f3gica.<\/strong><br>Es el punto de encuentro entre el presente que necesita estabilidad y el futuro que exige innovaci\u00f3n.<\/p>\n\n\n\n<p>Argentina puede, desde este acuerdo, transformarse en <strong>la primera naci\u00f3n de la era cognitiva<\/strong>, con desarrollo, equidad y estabilidad duradera.<br>Y esta vez, no es un sue\u00f1o: <strong>es ingenier\u00eda aplicada al destino de un pa\u00eds.<\/strong><\/p>\n\n\n\n<p>El <strong>primer paso para reactivar la econom\u00eda argentina<\/strong> es la <strong>firma de un decreto presidencial<\/strong> que declare a <strong>Mar del Plata y al conjunto de ciudades preseleccionadas como capitales alternas<\/strong>.<br>Esa medida permitir\u00e1 <strong>descentralizar la gesti\u00f3n nacional<\/strong>, atraer <strong>inversiones internacionales<\/strong> y activar los <strong>megaproyectos de desarrollo industrial, tecnol\u00f3gico y urbano<\/strong> que convertir\u00e1n a cada ciudad en un <strong>nuevo polo de crecimiento y empleo<\/strong>, marcando el inicio concreto del <strong>renacer econ\u00f3mico del pa\u00eds.<\/strong><\/p>\n\n\n\n<figure class=\"wp-block-embed is-type-wp-embed is-provider-portsfish-agency wp-block-embed-portsfish-agency\"><div class=\"wp-block-embed__wrapper\">\n<blockquote class=\"wp-embedded-content\" data-secret=\"sU2ZYb7m7Y\"><a href=\"https:\/\/globalsolidarity.live\/news\/ports\/plan-federal-de-capitales-evolutivas-2030\/\">PLAN FEDERAL DE CAPITALES EVOLUTIVAS 2030<\/a><\/blockquote><iframe loading=\"lazy\" class=\"wp-embedded-content\" sandbox=\"allow-scripts\" security=\"restricted\" style=\"position: absolute; visibility: hidden;\" title=\"&#8220;PLAN FEDERAL DE CAPITALES EVOLUTIVAS 2030&#8221; &#8212; portsfish.agency\" src=\"https:\/\/globalsolidarity.live\/news\/ports\/plan-federal-de-capitales-evolutivas-2030\/embed\/#?secret=vVzR3X2lKN#?secret=sU2ZYb7m7Y\" data-secret=\"sU2ZYb7m7Y\" width=\"600\" height=\"338\" frameborder=\"0\" marginwidth=\"0\" marginheight=\"0\" scrolling=\"no\"><\/iframe>\n<\/div><\/figure>\n\n\n\n<figure class=\"wp-block-embed is-type-wp-embed is-provider-portsfish-agency wp-block-embed-portsfish-agency\"><div class=\"wp-block-embed__wrapper\">\n<blockquote class=\"wp-embedded-content\" data-secret=\"BPGO2fXHaM\"><a href=\"https:\/\/globalsolidarity.live\/news\/125-megaproyectos-pib-global-por-x10\/\">\ud83c\udf0d219 Megaproyectos PIB global por x10<\/a><\/blockquote><iframe loading=\"lazy\" class=\"wp-embedded-content\" sandbox=\"allow-scripts\" security=\"restricted\" style=\"position: absolute; visibility: hidden;\" title=\"&#8220;\ud83c\udf0d219 Megaproyectos PIB global por x10&#8221; &#8212; portsfish.agency\" src=\"https:\/\/globalsolidarity.live\/news\/125-megaproyectos-pib-global-por-x10\/embed\/#?secret=Anrfqd0ljh#?secret=BPGO2fXHaM\" data-secret=\"BPGO2fXHaM\" width=\"600\" height=\"338\" frameborder=\"0\" marginwidth=\"0\" marginheight=\"0\" scrolling=\"no\"><\/iframe>\n<\/div><\/figure>\n\n\n\n<figure class=\"wp-block-embed is-type-wp-embed is-provider-quot-ecobuddha-maitreya-yoga-master-amp-neuroyoga-2009-creator-official-global-site-quot wp-block-embed-quot-ecobuddha-maitreya-yoga-master-amp-neuroyoga-2009-creator-official-global-site-quot\"><div class=\"wp-block-embed__wrapper\">\nhttps:\/\/ecobuddhamaitreya.org\/maitreya-president-2027\/\n<\/div><\/figure>\n\n\n\n<p><\/p>\n\n\n\n<figure class=\"wp-block-embed is-type-wp-embed is-provider-portsfish-agency wp-block-embed-portsfish-agency\"><div class=\"wp-block-embed__wrapper\">\n<blockquote class=\"wp-embedded-content\" data-secret=\"1yfkNlIvPd\"><a href=\"https:\/\/globalsolidarity.live\/news\/contact\/\">Contact<\/a><\/blockquote><iframe loading=\"lazy\" class=\"wp-embedded-content\" sandbox=\"allow-scripts\" security=\"restricted\" style=\"position: absolute; visibility: hidden;\" title=\"&#8220;Contact&#8221; &#8212; portsfish.agency\" src=\"https:\/\/globalsolidarity.live\/news\/contact\/embed\/#?secret=ogavpS9lLy#?secret=1yfkNlIvPd\" data-secret=\"1yfkNlIvPd\" width=\"600\" height=\"338\" frameborder=\"0\" marginwidth=\"0\" marginheight=\"0\" scrolling=\"no\"><\/iframe>\n<\/div><\/figure>\n\n\n\n<p>\ud83d\udcdc<strong>Presidente,<\/strong><\/p>\n\n\n\n<p>Argentina se encuentra en un punto en el que continuar con los esquemas econ\u00f3micos, productivos y sociales del pasado ya no es una opci\u00f3n viable.<br>El pa\u00eds, y las generaciones que vienen detr\u00e1s, necesitan una transici\u00f3n hacia un modelo m\u00e1s eficiente, transparente, tecnol\u00f3gico y justo.<\/p>\n\n\n\n<p>Lo que propongo no pertenece a ning\u00fan sector pol\u00edtico ni responde a intereses personales.<br>Es un <strong>plan de transformaci\u00f3n estructural del pa\u00eds y de modernizaci\u00f3n real<\/strong>, con impacto directo en producci\u00f3n, empleo, bienestar y posicionamiento global.<\/p>\n\n\n\n<hr class=\"wp-block-separator has-alpha-channel-opacity\"\/>\n\n\n\n<h2 class=\"wp-block-heading\"><strong>1. Lo que este pacto resuelve<\/strong><\/h2>\n\n\n\n<ul class=\"wp-block-list\">\n<li>Activa inversi\u00f3n privada sin deuda del Estado.<\/li>\n\n\n\n<li>Instala un ecosistema de innovaci\u00f3n y automatizaci\u00f3n que multiplica productividad.<\/li>\n\n\n\n<li>Genera empleo calificado y exportaciones de valor, en lugar de econom\u00eda de subsistencia.<\/li>\n\n\n\n<li>Reduce intermediaci\u00f3n improductiva y corrupci\u00f3n sist\u00e9mica.<\/li>\n\n\n\n<li>Inserta a Argentina en las cadenas tecnol\u00f3gicas del futuro, no del pasado.<\/li>\n<\/ul>\n\n\n\n<p>No se trata de ideolog\u00eda.<br>Se trata de <strong>din\u00e1mica de supervivencia y evoluci\u00f3n<\/strong>.<\/p>\n\n\n\n<hr class=\"wp-block-separator has-alpha-channel-opacity\"\/>\n\n\n\n<h2 class=\"wp-block-heading\"><strong>2. Requisitos del pacto<\/strong><\/h2>\n\n\n\n<ul class=\"wp-block-list\">\n<li>No requiere gasto p\u00fablico.<\/li>\n\n\n\n<li>No requiere emisi\u00f3n.<\/li>\n\n\n\n<li>No implica compromisos partidarios.<\/li>\n\n\n\n<li>No compromete soberan\u00eda.<\/li>\n\n\n\n<li>No desplaza a nadie del gobierno ni altera el orden institucional.<\/li>\n<\/ul>\n\n\n\n<p>El Estado solo debe habilitar el marco para que el sistema funcione.<br>La ejecuci\u00f3n y el riesgo corren por cuenta del sector privado y de quienes impulsamos el proyecto.<\/p>\n\n\n\n<hr class=\"wp-block-separator has-alpha-channel-opacity\"\/>\n\n\n\n<h2 class=\"wp-block-heading\"><strong>3. Motivo por el cual debe hacerse ahora<\/strong><\/h2>\n\n\n\n<p>Si Argentina no realiza un salto tecnol\u00f3gico en los pr\u00f3ximos a\u00f1os, quedar\u00e1 irremediablemente relegada a un rol perif\u00e9rico en la econom\u00eda global.<br>La ventana para incorporarse a la econom\u00eda del siglo XXI <strong>no estar\u00e1 abierta por mucho tiempo<\/strong>.<\/p>\n\n\n\n<p>Implementar este modelo en 2025\u20132026 permitir\u00eda:<\/p>\n\n\n\n<ul class=\"wp-block-list\">\n<li>evitar otra d\u00e9cada perdida,<\/li>\n\n\n\n<li>revertir deterioro estructural,<\/li>\n\n\n\n<li>y <strong>dar una base s\u00f3lida a la Argentina futura<\/strong>, m\u00e1s all\u00e1 de cualquier gobierno.<\/li>\n<\/ul>\n\n\n\n<hr class=\"wp-block-separator has-alpha-channel-opacity\"\/>\n\n\n\n<h2 class=\"wp-block-heading\"><strong>4. El rol del Presidente<\/strong><\/h2>\n\n\n\n<p>No se pide adhesi\u00f3n personal ni validaci\u00f3n a una figura o autor.<br>S\u00f3lo se requiere que el Poder Ejecutivo <strong>permita que esto avance<\/strong> en el marco legal correspondiente.<\/p>\n\n\n\n<p>Si se hace, Argentina gana.<br>Si no se hace, el pa\u00eds continuar\u00e1 dependiendo de modelos agotados que ya demostraron su l\u00edmite.<\/p>\n\n\n\n<p>Este pacto no est\u00e1 dise\u00f1ado para beneficiar a un individuo, a un partido ni a un gobierno.<br>Est\u00e1 dise\u00f1ado para <strong>beneficiar a la poblaci\u00f3n y asegurar el futuro de la naci\u00f3n<\/strong>.<\/p>\n\n\n\n<hr class=\"wp-block-separator has-alpha-channel-opacity\"\/>\n\n\n\n<h2 class=\"wp-block-heading\"><strong>5. Sentido de responsabilidad<\/strong><\/h2>\n\n\n\n<p>No existe m\u00e9rito en continuar con lo que se sabe que no funciona.<br>Los pa\u00edses que prosperaron lo hicieron porque, en el momento correcto, <strong>tomaron decisiones valientes hacia adelante<\/strong>, no hacia atr\u00e1s.<\/p>\n\n\n\n<p>La responsabilidad de quienes hoy ocupan funciones de gobierno es garantizar que la Argentina tenga futuro, no solo administraci\u00f3n del presente.<\/p>\n\n\n\n<hr class=\"wp-block-separator has-alpha-channel-opacity\"\/>\n\n\n\n<h3 class=\"wp-block-heading\"><strong>Cierre<\/strong><\/h3>\n\n\n\n<p>Presidente, este acuerdo no se trata de conveniencia personal ni protagonismo.<br>Se trata de cumplir con una responsabilidad hist\u00f3rica frente a millones de argentinos que necesitan un rumbo viable para vivir, trabajar y proyectar su vida en este pa\u00eds.<\/p>\n\n\n\n<p>Si lo habilita, avanzamos.<br>Si no, el costo no ser\u00e1 pol\u00edtico: ser\u00e1 <strong>civilizatorio<\/strong>.<\/p>\n\n\n\n<h3 class=\"wp-block-heading\"><strong>REFLEXI\u00d3N<\/strong><\/h3>\n\n\n\n<p>La grieta que dividi\u00f3 a los argentinos durante d\u00e9cadas no se cerrar\u00e1 con m\u00e1s confrontaci\u00f3n ni con la victoria de un bando sobre otro.<br>La grieta del pasado s\u00f3lo puede cerrarse con un prop\u00f3sito com\u00fan que sea m\u00e1s grande que nuestras diferencias.<\/p>\n\n\n\n<p>Argentina no necesita repetir discusiones viejas, necesita construir futuros nuevos.<br>Y ning\u00fan proyecto de Naci\u00f3n que mire hacia atr\u00e1s podr\u00e1 unirnos; s\u00f3lo la visi\u00f3n compartida de un pa\u00eds posible, moderno, justo y pr\u00f3spero puede hacerlo.<\/p>\n\n\n\n<p>La uni\u00f3n real no surge de pensar igual, sino de caminar juntos hacia un destino que beneficie a todos.<br>Cuando los argentinos enfoquemos nuestra energ\u00eda no en lo que nos separ\u00f3, sino en lo que podemos crear, producir e innovar juntos, entonces la grieta dejar\u00e1 de tener sentido.<\/p>\n\n\n\n<p>El progreso es el lenguaje que unifica.<br>El futuro es el territorio donde podemos encontrarnos.<br>Y es all\u00ed, en esa construcci\u00f3n colectiva, donde Argentina puede finalmente sanar y elevarse.<\/p>\n\n\n\n<hr class=\"wp-block-separator has-alpha-channel-opacity\"\/>\n\n\n\n<p><\/p>\n\n\n\n<h3 class=\"wp-block-heading\">\ud83d\udccd <strong>REFLEXI\u00d3N ESTRAT\u00c9GICA SOBRE LOS TIEMPOS<\/strong><\/h3>\n\n\n\n<p>La declaraci\u00f3n de capitales alternas no requiere gastos, ni aprobaci\u00f3n legislativa compleja, ni estructuras adicionales del Estado.<br>Es un decreto presidencial de ejecuci\u00f3n inmediata.<br>Por eso, su valor no est\u00e1 en la dificultad del tr\u00e1mite, sino en el <strong>mensaje pol\u00edtico y geoestrat\u00e9gico que transmite<\/strong>.<\/p>\n\n\n\n<p>Si se firma dentro de un plazo razonable \u2014tres meses\u2014, se leer\u00e1 como una se\u00f1al de apertura, modernizaci\u00f3n y voluntad de transformaci\u00f3n federal.<br>Ser\u00e1 interpretado como la decisi\u00f3n de habilitar la evoluci\u00f3n del pa\u00eds hacia un modelo m\u00e1s descentralizado, innovador y din\u00e1mico.<\/p>\n\n\n\n<p>Si, por el contrario, se demora m\u00e1s all\u00e1 de ese per\u00edodo sin razones t\u00e9cnicas ni jur\u00eddicas que lo justifiquen, el mensaje que captar\u00e1 el mundo ser\u00e1 otro:<br><strong>que la Argentina tuvo la oportunidad de iniciar un salto de progreso y eligi\u00f3 postergar o bloquear la transici\u00f3n.<\/strong><\/p>\n\n\n\n<p>No ser\u00e1 le\u00eddo como una demora administrativa.<br>Ser\u00e1 le\u00eddo como una <strong>decisi\u00f3n<\/strong>.<\/p>\n\n\n\n<p>Porque cuando algo es tan simple como una firma, la ausencia de firma deja de ser espera y pasa a ser definici\u00f3n.<\/p>\n\n\n\n<p>En t\u00e9rminos de percepci\u00f3n externa \u2014especialmente desde capitales internacionales y socios estrat\u00e9gicos\u2014 el tiempo no es un detalle:<br><strong>define la intenci\u00f3n.<\/strong><\/p>\n","protected":false},"excerpt":{"rendered":"<p>Una alianza entre el poder pol\u00edtico y la ingenier\u00eda civilizatoria \ud83e\udded 1. Esencia del Acuerdo El pacto propone<\/p>\n","protected":false},"author":1,"featured_media":3950,"comment_status":"open","ping_status":"open","sticky":false,"template":"","format":"standard","meta":{"footnotes":"","jetpack_publicize_message":"","jetpack_publicize_feature_enabled":true,"jetpack_social_post_already_shared":true,"jetpack_social_options":{"image_generator_settings":{"template":"highway","default_image_id":0,"font":"","enabled":false},"version":2}},"categories":[18,29,26],"tags":[],"class_list":["post-3949","post","type-post","status-publish","format-standard","has-post-thumbnail","hentry","category-policy","category-press","category-proyects"],"jetpack_publicize_connections":[],"_links":{"self":[{"href":"https:\/\/globalsolidarity.live\/news\/wp-json\/wp\/v2\/posts\/3949","targetHints":{"allow":["GET"]}}],"collection":[{"href":"https:\/\/globalsolidarity.live\/news\/wp-json\/wp\/v2\/posts"}],"about":[{"href":"https:\/\/globalsolidarity.live\/news\/wp-json\/wp\/v2\/types\/post"}],"author":[{"embeddable":true,"href":"https:\/\/globalsolidarity.live\/news\/wp-json\/wp\/v2\/users\/1"}],"replies":[{"embeddable":true,"href":"https:\/\/globalsolidarity.live\/news\/wp-json\/wp\/v2\/comments?post=3949"}],"version-history":[{"count":7,"href":"https:\/\/globalsolidarity.live\/news\/wp-json\/wp\/v2\/posts\/3949\/revisions"}],"predecessor-version":[{"id":3967,"href":"https:\/\/globalsolidarity.live\/news\/wp-json\/wp\/v2\/posts\/3949\/revisions\/3967"}],"wp:featuredmedia":[{"embeddable":true,"href":"https:\/\/globalsolidarity.live\/news\/wp-json\/wp\/v2\/media\/3950"}],"wp:attachment":[{"href":"https:\/\/globalsolidarity.live\/news\/wp-json\/wp\/v2\/media?parent=3949"}],"wp:term":[{"taxonomy":"category","embeddable":true,"href":"https:\/\/globalsolidarity.live\/news\/wp-json\/wp\/v2\/categories?post=3949"},{"taxonomy":"post_tag","embeddable":true,"href":"https:\/\/globalsolidarity.live\/news\/wp-json\/wp\/v2\/tags?post=3949"}],"curies":[{"name":"wp","href":"https:\/\/api.w.org\/{rel}","templated":true}]}}