{"id":2007,"date":"2025-10-02T17:15:12","date_gmt":"2025-10-02T17:15:12","guid":{"rendered":"https:\/\/globalsolidarity.live\/spacearch\/?p=2007"},"modified":"2025-10-02T18:20:44","modified_gmt":"2025-10-02T18:20:44","slug":"%f0%9f%91%89-capear-alfa-reclama-eficiencia-al-inidep-y-rechaza-mas-impuestos-al-sector-pesquero","status":"publish","type":"post","link":"https:\/\/globalsolidarity.live\/spacearch\/news\/%f0%9f%91%89-capear-alfa-reclama-eficiencia-al-inidep-y-rechaza-mas-impuestos-al-sector-pesquero\/","title":{"rendered":"\ud83d\udc49 <em>\u201cCAPEAR ALFA reclama eficiencia al INIDEP y rechaza m\u00e1s impuestos al sector pesquero\u201d<\/em>"},"content":{"rendered":"\n<p>Foto: <a href=\"https:\/\/partedepesca.com.ar\/\">https:\/\/partedepesca.com.ar\/<\/a><\/p>\n\n\n\n<p><strong>FISHAGENCY.NET.-<\/strong> La c\u00e1mara empresaria respondi\u00f3 a las declaraciones de Otto W\u00f6hler, cuestionando la falta de rigor cient\u00edfico y la dependencia de aportes privados para financiar campa\u00f1as. Pidieron eficiencia en la gesti\u00f3n p\u00fablica y seguridad jur\u00eddica para la industria.<\/p>\n\n\n\n<p>La c\u00e1mara empresaria respondi\u00f3 a las declaraciones de Otto W\u00f6hler, cuestionando la falta de rigor cient\u00edfico y la dependencia de aportes privados para financiar campa\u00f1as. Pidieron eficiencia en la gesti\u00f3n p\u00fablica y seguridad jur\u00eddica para la industria.<\/p>\n\n\n\n<p>La c\u00e1mara cuestion\u00f3 al INIDEP por hablar de un estado cr\u00edtico de la especie sin campa\u00f1as cient\u00edficas recientes. Recordaron que rige un l\u00edmite precautorio del 3% de bycatch desde 2012 y pidieron estudios serios para definir pol\u00edticas pesqueras.<\/p>\n\n\n\n<h2 class=\"wp-block-heading\">CAPEAR ALFA cuestiona la gesti\u00f3n del INIDEP y rechaza aumentos en los derechos de extracci\u00f3n<\/h2>\n\n\n\n<p>La <strong>Asociaci\u00f3n C\u00e1mara Pesquera Argentina ALFA (CAPEAR ALFA)<\/strong> emiti\u00f3 una dura respuesta a las declaraciones de <strong>Otto W\u00f6hler, director de investigaciones del INIDEP<\/strong>, publicadas en <em>Revista Puerto<\/em>. La entidad empresaria denunci\u00f3 <strong>ineficiencia en la gesti\u00f3n del instituto<\/strong>, critic\u00f3 la <strong>dependencia de aportes privados<\/strong> y rechaz\u00f3 la posibilidad de <strong>nuevos incrementos en los derechos de extracci\u00f3n<\/strong> como mecanismo de financiamiento.<\/p>\n\n\n\n<hr class=\"wp-block-separator has-alpha-channel-opacity\"\/>\n\n\n\n<h3 class=\"wp-block-heading\">\u2693 Ineficiencia y dependencia del sector privado<\/h3>\n\n\n\n<p>CAPEAR ALFA record\u00f3 que el INIDEP cuenta con <strong>buques de investigaci\u00f3n nuevos<\/strong> y, aun as\u00ed, reclama <strong>USD 7 millones adicionales por a\u00f1o<\/strong> para operar. Para la c\u00e1mara, esto refleja <strong>falta de planificaci\u00f3n y gesti\u00f3n eficiente<\/strong>.<\/p>\n\n\n\n<p>Adem\u00e1s, subray\u00f3 que gran parte de las campa\u00f1as de investigaci\u00f3n dependen de los <strong>aportes de empresas privadas<\/strong>, lo que consideran un <strong>incumplimiento del rol que debe cumplir el Estado<\/strong>.<\/p>\n\n\n\n<hr class=\"wp-block-separator has-alpha-channel-opacity\"\/>\n\n\n\n<h3 class=\"wp-block-heading\">\ud83d\udc1f El caso del abadejo<\/h3>\n\n\n\n<p>Otro punto de conflicto fueron las declaraciones de W\u00f6hler sobre el <strong>estado \u201ccr\u00edtico\u201d del abadejo<\/strong>, realizadas sin respaldo en campa\u00f1as cient\u00edficas recientes.<\/p>\n\n\n\n<ul class=\"wp-block-list\">\n<li>La c\u00e1mara record\u00f3 que desde 2012 se aplica un <strong>bycatch m\u00e1ximo del 3%<\/strong> como medida precautoria.<\/li>\n\n\n\n<li>Consider\u00f3 las afirmaciones del funcionario como <strong>irresponsables y carentes de rigor cient\u00edfico<\/strong>, con un impacto negativo sobre la imagen del sector productivo.<\/li>\n<\/ul>\n\n\n\n<hr class=\"wp-block-separator has-alpha-channel-opacity\"\/>\n\n\n\n<h3 class=\"wp-block-heading\">\ud83d\udcb0 Rechazo a nuevos costos<\/h3>\n\n\n\n<p>El INIDEP desliz\u00f3 la posibilidad de financiar su d\u00e9ficit con <strong>aumentos en los derechos de extracci\u00f3n<\/strong>. CAPEAR ALFA lo rechaz\u00f3 de plano, advirtiendo que:<\/p>\n\n\n\n<ul class=\"wp-block-list\">\n<li>Ser\u00eda una <strong>carga injustificada<\/strong> sobre una industria ya presionada por costos internos, regulaciones y baja de precios internacionales.<\/li>\n\n\n\n<li>Reducir\u00eda a\u00fan m\u00e1s la <strong>competitividad de la flota y las plantas procesadoras<\/strong> argentinas en los mercados globales.<\/li>\n<\/ul>\n\n\n\n<hr class=\"wp-block-separator has-alpha-channel-opacity\"\/>\n\n\n\n<h3 class=\"wp-block-heading\">\ud83d\udccc Posicionamiento del sector<\/h3>\n\n\n\n<p>En su comunicado, la c\u00e1mara enfatiz\u00f3 que los armadores son eficientes <strong>no solo por disponer de capital, sino por el trabajo constante y el compromiso con la producci\u00f3n, el empleo y la exportaci\u00f3n<\/strong>.<br>Pidieron al INIDEP mayor <strong>responsabilidad y seriedad cient\u00edfica<\/strong>, dejando de lado declaraciones que afectan la confianza institucional y sectorial.<\/p>\n\n\n\n<hr class=\"wp-block-separator has-alpha-channel-opacity\"\/>\n\n\n\n<h3 class=\"wp-block-heading\">\ud83d\udce2 Conclusi\u00f3n<\/h3>\n\n\n\n<p>La pol\u00e9mica con el INIDEP refleja una <strong>fractura institucional<\/strong> entre la investigaci\u00f3n p\u00fablica y el sector privado pesquero. Para CAPEAR ALFA, la soluci\u00f3n no pasa por m\u00e1s impuestos o declaraciones alarmistas, sino por <strong>eficiencia en la gesti\u00f3n, rigor cient\u00edfico y reglas claras<\/strong> que fortalezcan la sustentabilidad y competitividad de la pesca argentina.<\/p>\n\n\n\n<p><strong>Fuente:<\/strong> Carta de CAPEAR ALFA, firmada por su presidente Mariano Retrivi, en respuesta a declaraciones de Otto W\u00f6hler (INIDEP), publicadas en <em>Revista Puerto<\/em>.<\/p>\n\n\n\n<hr class=\"wp-block-separator has-alpha-channel-opacity\"\/>\n\n\n\n<h1 class=\"wp-block-heading\">\u2693 Respuesta de CAPEAR ALFA a las declaraciones de Otto W\u00f6hler (INIDEP)<\/h1>\n\n\n\n<p><strong>Fuente:<\/strong> Carta firmada por Mariano Retrivi, Presidente de CAPEAR ALFA, en respuesta a declaraciones en <em>Revista Puerto<\/em>RTA-WOHLER-ALFA<\/p>\n\n\n\n<hr class=\"wp-block-separator has-alpha-channel-opacity\"\/>\n\n\n\n<h2 class=\"wp-block-heading\">1. Contexto institucional<\/h2>\n\n\n\n<ul class=\"wp-block-list\">\n<li><strong>INIDEP (Instituto Nacional de Investigaci\u00f3n y Desarrollo Pesquero):<\/strong> organismo t\u00e9cnico-cient\u00edfico clave para evaluar los recursos pesqueros argentinos.<\/li>\n\n\n\n<li><strong>CAPEAR ALFA (Asociaci\u00f3n C\u00e1mara Pesquera Argentina):<\/strong> c\u00e1mara empresaria que representa a armadores y empresas del sector, principal voz privada frente a las pol\u00edticas de investigaci\u00f3n y manejo de pesquer\u00edas.<\/li>\n\n\n\n<li>El conflicto se origina tras declaraciones p\u00fablicas de <strong>Otto W\u00f6hler (INIDEP)<\/strong> sobre la falta de fondos y sobre un supuesto estado \u201ccr\u00edtico\u201d del abadejo, realizadas sin respaldo de campa\u00f1as cient\u00edficas espec\u00edficasRTA-WOHLER-ALFA.<\/li>\n<\/ul>\n\n\n\n<hr class=\"wp-block-separator has-alpha-channel-opacity\"\/>\n\n\n\n<h2 class=\"wp-block-heading\">2. Cr\u00edticas principales de CAPEAR ALFA<\/h2>\n\n\n\n<ol class=\"wp-block-list\">\n<li><strong>Ineficiencia operativa del INIDEP<\/strong>\n<ul class=\"wp-block-list\">\n<li>A pesar de contar con <strong>buques de investigaci\u00f3n nuevos<\/strong>, el instituto reconoce necesitar <strong>USD 7 millones anuales adicionales<\/strong> para funcionar.<\/li>\n\n\n\n<li>Para CAPEAR ALFA, esto refleja <strong>ineficiencia en la gesti\u00f3n y en el mantenimiento<\/strong>RTA-WOHLER-ALFA.<\/li>\n<\/ul>\n<\/li>\n\n\n\n<li><strong>Dependencia del sector privado<\/strong>\n<ul class=\"wp-block-list\">\n<li>La financiaci\u00f3n de campa\u00f1as depende en gran medida de los <strong>aportes de empresas privadas<\/strong>.<\/li>\n\n\n\n<li>La c\u00e1mara considera esto una <strong>deficiencia de gesti\u00f3n p\u00fablica<\/strong>, donde el Estado delega su responsabilidad en los armadoresRTA-WOHLER-ALFA.<\/li>\n<\/ul>\n<\/li>\n\n\n\n<li><strong>Aumento injustificado de derechos de extracci\u00f3n<\/strong>\n<ul class=\"wp-block-list\">\n<li>W\u00f6hler sugiri\u00f3 cubrir d\u00e9ficits con <strong>mayores derechos de extracci\u00f3n<\/strong>.<\/li>\n\n\n\n<li>CAPEAR ALFA lo rechaza por ser una medida <strong>injustificada<\/strong> que <strong>reduce la competitividad<\/strong> del sectorRTA-WOHLER-ALFA.<\/li>\n<\/ul>\n<\/li>\n\n\n\n<li><strong>Declaraciones irresponsables sobre el abadejo<\/strong>\n<ul class=\"wp-block-list\">\n<li>INIDEP habl\u00f3 de un estado \u201ccr\u00edtico\u201d sin campa\u00f1as cient\u00edficas recientes que lo respalden.<\/li>\n\n\n\n<li>La c\u00e1mara recuerda que desde 2012 rige un <strong>bycatch m\u00e1ximo del 3%<\/strong>, aplicado de manera precautoria.<\/li>\n\n\n\n<li>Consideran la afirmaci\u00f3n de W\u00f6hler una <strong>falta de rigor cient\u00edfico y respeto hacia los armadores<\/strong>RTA-WOHLER-ALFA.<\/li>\n<\/ul>\n<\/li>\n<\/ol>\n\n\n\n<hr class=\"wp-block-separator has-alpha-channel-opacity\"\/>\n\n\n\n<h2 class=\"wp-block-heading\">3. Conceptos clave<\/h2>\n\n\n\n<ul class=\"wp-block-list\">\n<li><strong>Derechos de extracci\u00f3n:<\/strong> tasas que el Estado cobra a los armadores por capturar recursos pesqueros; CAPEAR ALFA se opone a aumentarlos como mecanismo de financiamiento.<\/li>\n\n\n\n<li><strong>Bycatch:<\/strong> captura incidental de especies no objetivo; en el caso del abadejo, est\u00e1 limitado al 3%.<\/li>\n\n\n\n<li><strong>Gesti\u00f3n p\u00fablica vs. privada:<\/strong> el documento subraya la diferencia entre la eficiencia empresarial (trabajo continuo, inversi\u00f3n propia) y la ineficiencia estatal (falta de planificaci\u00f3n, pedidos constantes de fondos).<\/li>\n<\/ul>\n\n\n\n<hr class=\"wp-block-separator has-alpha-channel-opacity\"\/>\n\n\n\n<h2 class=\"wp-block-heading\">4. Posicionamiento de CAPEAR ALFA<\/h2>\n\n\n\n<ul class=\"wp-block-list\">\n<li>Defienden a los armadores privados como <strong>eficientes no solo por disponer de capital, sino por su trabajo constante<\/strong>.<\/li>\n\n\n\n<li>Rechazan comentarios despectivos de W\u00f6hler que minimizar\u00edan el rol de la industria.<\/li>\n\n\n\n<li>Reclaman que el INIDEP se enfoque en <strong>soluciones de gesti\u00f3n realistas y eficientes<\/strong>, sin cargar al sector productivo con m\u00e1s costosRTA-WOHLER-ALFA.<\/li>\n<\/ul>\n\n\n\n<hr class=\"wp-block-separator has-alpha-channel-opacity\"\/>\n\n\n\n<h2 class=\"wp-block-heading\">5. Implicancias estrat\u00e9gicas<\/h2>\n\n\n\n<ul class=\"wp-block-list\">\n<li><strong>Pol\u00edtica:<\/strong> expone una <strong>fractura entre el INIDEP y el sector privado<\/strong>, debilitando la confianza mutua.<\/li>\n\n\n\n<li><strong>Econ\u00f3mica:<\/strong> un eventual aumento de derechos de extracci\u00f3n afectar\u00eda la <strong>rentabilidad de la industria<\/strong>.<\/li>\n\n\n\n<li><strong>Institucional:<\/strong> la falta de campa\u00f1as cient\u00edficas regulares socava la <strong>credibilidad del INIDEP<\/strong> como autoridad t\u00e9cnica.<\/li>\n\n\n\n<li><strong>Sectorial:<\/strong> CAPEAR ALFA busca posicionarse como defensora de la racionalidad y de la competitividad frente a medidas percibidas como arbitrarias.<\/li>\n<\/ul>\n\n\n\n<hr class=\"wp-block-separator has-alpha-channel-opacity\"\/>\n\n\n\n<h2 class=\"wp-block-heading\">6. Conclusi\u00f3n<\/h2>\n\n\n\n<p>La respuesta de <strong>CAPEAR ALFA<\/strong> representa un <strong>rechazo frontal a la gesti\u00f3n de Otto W\u00f6hler en el INIDEP<\/strong>, acus\u00e1ndola de ineficiente, costosa y carente de rigor cient\u00edfico.<\/p>\n\n\n\n<ul class=\"wp-block-list\">\n<li>Piden <strong>eficiencia y responsabilidad en la gesti\u00f3n estatal<\/strong>, sin transferir m\u00e1s cargas al sector privado.<\/li>\n\n\n\n<li>Reivindican a los armadores como el <strong>pilar real de la pesca argentina<\/strong>, responsables de sostener producci\u00f3n, empleo y divisas.<\/li>\n<\/ul>\n\n\n\n<p><\/p>\n\n\n\n<figure class=\"wp-block-embed is-type-wp-embed is-provider-fishagency-net wp-block-embed-fishagency-net\"><div class=\"wp-block-embed__wrapper\">\n<blockquote class=\"wp-embedded-content\" data-secret=\"Iredx9RIfr\"><a href=\"https:\/\/globalsolidarity.live\/spacearch\/aiomega-international-strategy-unit\/\">\u2600\ufe0f+AIOmega International Strategy Unit<\/a><\/blockquote><iframe loading=\"lazy\" class=\"wp-embedded-content\" sandbox=\"allow-scripts\" security=\"restricted\" style=\"position: absolute; visibility: hidden;\" title=\"\u00ab\u2600\ufe0f+AIOmega International Strategy Unit\u00bb \u2014 SpaceArch Solutions\" src=\"https:\/\/globalsolidarity.live\/spacearch\/aiomega-international-strategy-unit\/embed\/#?secret=luZO9JL9Ia#?secret=Iredx9RIfr\" data-secret=\"Iredx9RIfr\" width=\"600\" height=\"338\" frameborder=\"0\" marginwidth=\"0\" marginheight=\"0\" scrolling=\"no\"><\/iframe>\n<\/div><\/figure>\n\n\n\n<figure class=\"wp-block-embed is-type-wp-embed is-provider-fishagency-net wp-block-embed-fishagency-net\"><div class=\"wp-block-embed__wrapper\">\n<blockquote class=\"wp-embedded-content\" data-secret=\"fuzdHbKtJ9\"><a href=\"https:\/\/globalsolidarity.live\/spacearch\/fishnetworknewstelesalerstrade\/\">FISHNETWORK=NEWS+TELESALERS+TRADE<\/a><\/blockquote><iframe loading=\"lazy\" class=\"wp-embedded-content\" sandbox=\"allow-scripts\" security=\"restricted\" style=\"position: absolute; visibility: hidden;\" title=\"\u00abFISHNETWORK=NEWS+TELESALERS+TRADE\u00bb \u2014 SpaceArch Solutions\" src=\"https:\/\/globalsolidarity.live\/spacearch\/fishnetworknewstelesalerstrade\/embed\/#?secret=7A1pMpsfjz#?secret=fuzdHbKtJ9\" data-secret=\"fuzdHbKtJ9\" width=\"600\" height=\"338\" frameborder=\"0\" marginwidth=\"0\" marginheight=\"0\" scrolling=\"no\"><\/iframe>\n<\/div><\/figure>\n\n\n\n<p>wearetheecoplanet@gmail.com<\/p>\n\n\n\n<p><\/p>\n\n\n\n<figure class=\"wp-block-image size-large\"><a href=\"https:\/\/globalsolidarity.live\/spacearch\/links-de-pesca-claves\/\"><img loading=\"lazy\" decoding=\"async\" width=\"1024\" height=\"683\" src=\"https:\/\/globalsolidarity.live\/spacearch\/wp-content\/uploads\/2025\/10\/image-1-1024x683.png\" alt=\"\" class=\"wp-image-1880\" srcset=\"https:\/\/globalsolidarity.live\/spacearch\/wp-content\/uploads\/2025\/10\/image-1-1024x683.png 1024w, https:\/\/globalsolidarity.live\/spacearch\/wp-content\/uploads\/2025\/10\/image-1-300x200.png 300w, https:\/\/globalsolidarity.live\/spacearch\/wp-content\/uploads\/2025\/10\/image-1-768x512.png 768w, https:\/\/globalsolidarity.live\/spacearch\/wp-content\/uploads\/2025\/10\/image-1.png 1536w\" sizes=\"auto, (max-width: 1024px) 100vw, 1024px\" \/><\/a><\/figure>\n","protected":false},"excerpt":{"rendered":"<p>Foto: https:\/\/partedepesca.com.ar\/ FISHAGENCY.NET.- La c\u00e1mara empresaria respondi\u00f3 a las declaraciones de Otto W\u00f6hler, cuestionando la falta de rigor<\/p>\n","protected":false},"author":1,"featured_media":2008,"comment_status":"open","ping_status":"open","sticky":false,"template":"","format":"standard","meta":{"footnotes":"","jetpack_publicize_message":"","jetpack_publicize_feature_enabled":true,"jetpack_social_post_already_shared":true,"jetpack_social_options":{"image_generator_settings":{"template":"highway","default_image_id":0,"font":"","enabled":false},"version":2}},"categories":[22,19,3,6],"tags":[],"class_list":["post-2007","post","type-post","status-publish","format-standard","has-post-thumbnail","hentry","category-fishing-cameras","category-fishnews","category-news","category-news-now"],"jetpack_publicize_connections":[],"_links":{"self":[{"href":"https:\/\/globalsolidarity.live\/spacearch\/wp-json\/wp\/v2\/posts\/2007","targetHints":{"allow":["GET"]}}],"collection":[{"href":"https:\/\/globalsolidarity.live\/spacearch\/wp-json\/wp\/v2\/posts"}],"about":[{"href":"https:\/\/globalsolidarity.live\/spacearch\/wp-json\/wp\/v2\/types\/post"}],"author":[{"embeddable":true,"href":"https:\/\/globalsolidarity.live\/spacearch\/wp-json\/wp\/v2\/users\/1"}],"replies":[{"embeddable":true,"href":"https:\/\/globalsolidarity.live\/spacearch\/wp-json\/wp\/v2\/comments?post=2007"}],"version-history":[{"count":2,"href":"https:\/\/globalsolidarity.live\/spacearch\/wp-json\/wp\/v2\/posts\/2007\/revisions"}],"predecessor-version":[{"id":2010,"href":"https:\/\/globalsolidarity.live\/spacearch\/wp-json\/wp\/v2\/posts\/2007\/revisions\/2010"}],"wp:featuredmedia":[{"embeddable":true,"href":"https:\/\/globalsolidarity.live\/spacearch\/wp-json\/wp\/v2\/media\/2008"}],"wp:attachment":[{"href":"https:\/\/globalsolidarity.live\/spacearch\/wp-json\/wp\/v2\/media?parent=2007"}],"wp:term":[{"taxonomy":"category","embeddable":true,"href":"https:\/\/globalsolidarity.live\/spacearch\/wp-json\/wp\/v2\/categories?post=2007"},{"taxonomy":"post_tag","embeddable":true,"href":"https:\/\/globalsolidarity.live\/spacearch\/wp-json\/wp\/v2\/tags?post=2007"}],"curies":[{"name":"wp","href":"https:\/\/api.w.org\/{rel}","templated":true}]}}