{"id":3909,"date":"2025-10-30T03:31:18","date_gmt":"2025-10-30T03:31:18","guid":{"rendered":"https:\/\/globalsolidarity.live\/spacearch\/?p=3909"},"modified":"2025-10-30T03:45:39","modified_gmt":"2025-10-30T03:45:39","slug":"%f0%9f%8c%8d-la-base-ontologica-del-campo-etico-compasivo","status":"publish","type":"post","link":"https:\/\/globalsolidarity.live\/spacearch\/news\/%f0%9f%8c%8d-la-base-ontologica-del-campo-etico-compasivo\/","title":{"rendered":"\ud83c\udf0d  La Base Ontol\u00f3gica del Campo \u00c9tico Compasivo"},"content":{"rendered":"\n<p>Toda acci\u00f3n humana \u2014cient\u00edfica, econ\u00f3mica o pol\u00edtica\u2014 descansa, de manera expl\u00edcita o impl\u00edcita, sobre una <strong>visi\u00f3n de la realidad<\/strong>.<br>La presente comprensi\u00f3n no-dual, derivada de la observaci\u00f3n racional y la experiencia directa de la conciencia, constituye el <strong>sost\u00e9n y fundamento del campo \u00e9tico compasivo<\/strong> que orienta las decisiones de <em>SpaceArch Solutions<\/em>, <em>GreenInterbanks<\/em> y del conjunto de iniciativas asociadas al <em>Master Plan de Emergencia Clim\u00e1tica Planetaria<\/em>.<\/p>\n\n\n\n<p>Esta visi\u00f3n parte de una constataci\u00f3n simple pero profunda:<br><strong>nada existe de manera independiente.<\/strong><br>Toda forma de vida, toda estructura econ\u00f3mica y toda expresi\u00f3n de pensamiento emergen de un mismo tejido de interdependencia \u2014un campo de informaci\u00f3n y energ\u00eda donde la separaci\u00f3n es funcional pero no esencial.<\/p>\n\n\n\n<p>Desde este reconocimiento ontol\u00f3gico surge una \u00e9tica natural:<br>si la existencia es una sola red de causas y efectos, <strong>el bienestar de cada parte depende del equilibrio del conjunto<\/strong>.<br>La compasi\u00f3n deja de ser una virtud opcional para convertirse en <strong>la expresi\u00f3n m\u00e1s inteligente de la supervivencia y la coherencia universal<\/strong>.<br>Es la ley de equilibrio traducida al lenguaje del alma.<\/p>\n\n\n\n<p>De esta comprensi\u00f3n se deriva un principio operativo:<\/p>\n\n\n\n<blockquote class=\"wp-block-quote is-layout-flow wp-block-quote-is-layout-flow\">\n<p><strong>la econom\u00eda, la ciencia y la tecnolog\u00eda deben reflejar la estructura del cosmos que las engendra: cooperaci\u00f3n, equilibrio y transparencia.<\/strong><\/p>\n<\/blockquote>\n\n\n\n<p>As\u00ed, el campo \u00e9tico compasivo no se limita a la moral individual, sino que <strong>se traduce en acciones empresariales, financieras y sociales concretas<\/strong>.<br>Los programas de <em>GreenInterbanks<\/em>, las plataformas de ayuda directa como <em>Mayday.Live<\/em> o los desarrollos tecnol\u00f3gicos de <em>SpaceArch<\/em> no son s\u00f3lo proyectos econ\u00f3micos; son <strong>manifestaciones de una ontolog\u00eda aplicada<\/strong>, donde el conocimiento cient\u00edfico y la empat\u00eda convergen para regenerar la red de la vida.<\/p>\n\n\n\n<p>Bajo esta perspectiva, las decisiones corporativas dejan de responder al inter\u00e9s fragmentado del beneficio aislado y se orientan hacia una finalidad superior:<br><strong>crear sistemas econ\u00f3micos que devuelvan energ\u00eda, equilibrio y sentido al organismo planetario.<\/strong><\/p>\n\n\n\n<p>El capital, entonces, se reinterpreta como energ\u00eda circulante;<br>el beneficio, como estabilidad del conjunto;<br>y el progreso, como expansi\u00f3n de la conciencia colectiva hacia grados m\u00e1s altos de comprensi\u00f3n y cooperaci\u00f3n.<\/p>\n\n\n\n<hr class=\"wp-block-separator has-alpha-channel-opacity\"\/>\n\n\n\n<h2 class=\"wp-block-heading\"><strong>S\u00edntesis de la Visi\u00f3n No-Dual Racional<\/strong><\/h2>\n\n\n\n<h3 class=\"wp-block-heading\">\ud83c\udf0c 1. Fundamento Ontol\u00f3gico<\/h3>\n\n\n\n<p>La realidad no est\u00e1 compuesta por entidades separadas, sino por un <strong>continuo de informaci\u00f3n-energ\u00eda<\/strong> que adopta formas m\u00faltiples.<br>Lo que los sentidos interpretan como objetos y sujetos son <strong>manifestaciones locales de un mismo campo<\/strong>, sin existencia independiente.<br>La conciencia no es un producto aislado del cerebro, sino <strong>una funci\u00f3n del universo auto-observ\u00e1ndose<\/strong>.<br>De ah\u00ed que toda frontera \u2014entre mente y materia, individuo y cosmos\u2014 sea funcional, no esencial.<\/p>\n\n\n\n<h3 class=\"wp-block-heading\">\ud83e\udde0 2. La Ciencia como Camino de Verificaci\u00f3n<\/h3>\n\n\n\n<p>La ciencia no es un credo, sino el m\u00e9todo por el cual el universo se explora a s\u00ed mismo.<br>Cada descubrimiento \u2014de la mec\u00e1nica cu\u00e1ntica a la neurociencia\u2014 revela una estructura subyacente de <strong>interconexi\u00f3n e incertidumbre<\/strong>, donde el observador participa del fen\u00f3meno observado.<br>Comprender esto elimina la distancia entre sujeto y objeto: el conocimiento se vuelve <strong>acto de unidad<\/strong>, no de dominio.<\/p>\n\n\n\n<h3 class=\"wp-block-heading\">\ud83d\udc9e 3. La Compasi\u00f3n como Ecuaci\u00f3n \u00c9tica<\/h3>\n\n\n\n<p>Si toda forma surge del mismo campo, da\u00f1ar al otro es <strong>alterar el equilibrio del propio sistema<\/strong>.<br>La compasi\u00f3n no es moral ni sentimental; es <strong>inteligencia aplicada a la preservaci\u00f3n del conjunto<\/strong>.<br>Cooperar, aliviar el sufrimiento y regenerar el entorno no son mandatos religiosos, sino <strong>acciones l\u00f3gicas de un sistema consciente que busca estabilidad y coherencia<\/strong>.<\/p>\n\n\n\n<h3 class=\"wp-block-heading\">\ud83d\udd2c 4. La \u201cMatrix\u201d como Modelo de Interdependencia<\/h3>\n\n\n\n<p>El universo puede entenderse como una <strong>red hologr\u00e1fica dual<\/strong>, donde cada nodo contiene informaci\u00f3n del todo.<br>El error com\u00fan es confundir la proyecci\u00f3n con la fuente; creer en la existencia inherente de los fen\u00f3menos.<br>Reconocer su naturaleza dependiente permite actuar con libertad: el yo psicol\u00f3gico deja de ser un centro fijo y se convierte en <strong>instrumento de observaci\u00f3n din\u00e1mica<\/strong>.<\/p>\n\n\n\n<h3 class=\"wp-block-heading\">\u262f\ufe0f 5. La Verdad \u00daltima o No-Dos<\/h3>\n\n\n\n<p>La verdad \u00faltima no se encuentra en polos opuestos \u2014materia o esp\u00edritu, ciencia o fe\u2014, sino en la <strong>conciencia que los incluye a ambos<\/strong>.<br>La no-dualidad no niega la diversidad, la integra.<br>Desde esa comprensi\u00f3n, cada acto humano puede volverse <strong>una expresi\u00f3n del equilibrio c\u00f3smico<\/strong>, donde conocer es amar y actuar es comprender.<\/p>\n\n\n\n<h3 class=\"wp-block-heading\">\ud83c\udf0d 6. Aplicaci\u00f3n Pr\u00e1ctica<\/h3>\n\n\n\n<p>Esta visi\u00f3n se traduce en un modelo de civilizaci\u00f3n donde:<\/p>\n\n\n\n<ul class=\"wp-block-list\">\n<li>la ciencia gu\u00eda el conocimiento,<\/li>\n\n\n\n<li>la \u00e9tica surge de la compasi\u00f3n,<\/li>\n\n\n\n<li>la econom\u00eda se orienta a la regeneraci\u00f3n,<\/li>\n\n\n\n<li>y la espiritualidad se define como <strong>lucidez consciente en acci\u00f3n<\/strong>.<\/li>\n<\/ul>\n\n\n\n<p>El prop\u00f3sito no es trascender el mundo, sino <strong>sanarlo mediante la comprensi\u00f3n de su naturaleza interdependiente<\/strong>.<\/p>\n\n\n\n<hr class=\"wp-block-separator has-alpha-channel-opacity\"\/>\n\n\n\n<h2 class=\"wp-block-heading\">\ud83c\udfd9\ufe0f <strong>Orientaci\u00f3n para el Empresariado de Mar del Plata<\/strong><\/h2>\n\n\n\n<h3 class=\"wp-block-heading\"><em>El nuevo ecosistema SpaceArch \u2013 GreenInterbanks y su impacto local<\/em><\/h3>\n\n\n\n<hr class=\"wp-block-separator has-alpha-channel-opacity\"\/>\n\n\n\n<h3 class=\"wp-block-heading\">1\ufe0f\u20e3 <strong>Un cambio de escala<\/strong><\/h3>\n\n\n\n<p>SpaceArch Solutions International, con sede en Miami y direcci\u00f3n ejecutiva del Arq. Roberto Guillermo Gomes, est\u00e1 desarrollando en Mar del Plata el primer nodo de un sistema global de proyectos denominado <strong>Master Plan de Emergencia Clim\u00e1tica Planetaria<\/strong>.<br>Esto significa que la ciudad se convierte en <strong>punto de partida de una red internacional de inversiones verdes, innovaci\u00f3n tecnol\u00f3gica y generaci\u00f3n de empleo<\/strong>.<\/p>\n\n\n\n<hr class=\"wp-block-separator has-alpha-channel-opacity\"\/>\n\n\n\n<h3 class=\"wp-block-heading\">2\ufe0f\u20e3 <strong>Qu\u00e9 es GreenInterbanks<\/strong><\/h3>\n\n\n\n<p>GreenInterbanks es una alianza mundial de bancos y cooperativas orientada a <strong>financiar proyectos con impacto ambiental, social y econ\u00f3mico positivo<\/strong>.<br>Su objetivo es canalizar capitales hacia obras y empresas que reduzcan emisiones, regeneren ecosistemas y fortalezcan la econom\u00eda real.<br>Cada operaci\u00f3n dentro de esta red sigue tres principios:<\/p>\n\n\n\n<ul class=\"wp-block-list\">\n<li>transparencia financiera,<\/li>\n\n\n\n<li>rentabilidad medible,<\/li>\n\n\n\n<li>beneficio colectivo.<\/li>\n<\/ul>\n\n\n\n<p>Mar del Plata ser\u00e1 la <strong>sede piloto de operaciones en Am\u00e9rica del Sur<\/strong>.<\/p>\n\n\n\n<hr class=\"wp-block-separator has-alpha-channel-opacity\"\/>\n\n\n\n<h3 class=\"wp-block-heading\">3\ufe0f\u20e3 <strong>C\u00f3mo se integra el empresariado local<\/strong><\/h3>\n\n\n\n<p>Los empresarios y desarrolladores de la regi\u00f3n pueden participar en distintas modalidades:<\/p>\n\n\n\n<ul class=\"wp-block-list\">\n<li><strong>Proveedores de servicios o tecnolog\u00eda<\/strong> en proyectos urbanos, energ\u00e9ticos y de construcci\u00f3n sostenible.<\/li>\n\n\n\n<li><strong>Inversores o socios locales<\/strong> en los programas financiados por GreenInterbanks.<\/li>\n\n\n\n<li><strong>Aliados comerciales<\/strong> dentro de la red global de exportaci\u00f3n y servicios digitales.<\/li>\n<\/ul>\n\n\n\n<p>Cada participaci\u00f3n est\u00e1 dise\u00f1ada para <strong>generar retorno econ\u00f3mico directo<\/strong> y, al mismo tiempo, contribuir a la modernizaci\u00f3n estructural de la ciudad.<\/p>\n\n\n\n<hr class=\"wp-block-separator has-alpha-channel-opacity\"\/>\n\n\n\n<h3 class=\"wp-block-heading\">4\ufe0f\u20e3 <strong>Beneficios concretos para Mar del Plata<\/strong><\/h3>\n\n\n\n<ul class=\"wp-block-list\">\n<li>Ingreso de capitales verdes internacionales.<\/li>\n\n\n\n<li>Creaci\u00f3n de empleos de alta calificaci\u00f3n en ingenier\u00eda, energ\u00eda, biotecnolog\u00eda y finanzas digitales.<\/li>\n\n\n\n<li>Revalorizaci\u00f3n del puerto y del tejido urbano mediante proyectos sostenibles.<\/li>\n\n\n\n<li>Integraci\u00f3n de la ciudad a la nueva econom\u00eda mundial basada en innovaci\u00f3n y sostenibilidad.<\/li>\n<\/ul>\n\n\n\n<hr class=\"wp-block-separator has-alpha-channel-opacity\"\/>\n\n\n\n<h3 class=\"wp-block-heading\">5\ufe0f\u20e3 <strong>Por qu\u00e9 esto es diferente<\/strong><\/h3>\n\n\n\n<p>SpaceArch y GreenInterbanks combinan <strong>ciencia, tecnolog\u00eda y \u00e9tica<\/strong> en un modelo de econom\u00eda regenerativa: cada inversi\u00f3n busca crear valor financiero y restaurar simult\u00e1neamente los equilibrios ecol\u00f3gicos.<br>No es una iniciativa pol\u00edtica ni una especulaci\u00f3n financiera; es <strong>una arquitectura econ\u00f3mica global con base real en la ciudad<\/strong>.<\/p>\n\n\n\n<hr class=\"wp-block-separator has-alpha-channel-opacity\"\/>\n\n\n\n<h3 class=\"wp-block-heading\">6\ufe0f\u20e3 <strong>Pr\u00f3ximos pasos<\/strong><\/h3>\n\n\n\n<p>Durante las pr\u00f3ximas semanas se presentar\u00e1n los primeros proyectos locales y se abrir\u00e1n mesas de informaci\u00f3n para empresas interesadas en participar.<br>Los detalles estar\u00e1n disponibles en los portales institucionales y redes oficiales de <em>SpaceArch<\/em> y <em>GreenInterbanks<\/em>.<\/p>\n\n\n\n<hr class=\"wp-block-separator has-alpha-channel-opacity\"\/>\n\n\n\n<h3 class=\"wp-block-heading\">\ud83d\udd4a\ufe0f <strong>Mensaje final<\/strong><\/h3>\n\n\n\n<p>Mar del Plata tiene la oportunidad hist\u00f3rica de posicionarse como <strong>capital verde del Atl\u00e1ntico Sur<\/strong>.<br>El objetivo no es reemplazar lo existente, sino <strong>potenciarlo<\/strong>: transformar la ciudad en ejemplo de desarrollo sostenible, eficiencia econ\u00f3mica y cooperaci\u00f3n global.<\/p>\n\n\n\n<p><\/p>\n\n\n\n<p><\/p>\n\n\n\n<p><\/p>\n\n\n\n<p>Arch. RGG<\/p>\n\n\n\n<figure class=\"wp-block-embed is-type-wp-embed is-provider-portsfish-agency wp-block-embed-portsfish-agency\"><div class=\"wp-block-embed__wrapper\">\n<blockquote class=\"wp-embedded-content\" data-secret=\"YSjgJimFHs\"><a href=\"https:\/\/globalsolidarity.live\/spacearch\/contact\/\">Contact<\/a><\/blockquote><iframe loading=\"lazy\" class=\"wp-embedded-content\" sandbox=\"allow-scripts\" security=\"restricted\" style=\"position: absolute; visibility: hidden;\" title=\"\u00abContact\u00bb \u2014 SpaceArch Solutions\" src=\"https:\/\/globalsolidarity.live\/spacearch\/contact\/embed\/#?secret=c9ziXDCKiF#?secret=YSjgJimFHs\" data-secret=\"YSjgJimFHs\" width=\"600\" height=\"338\" frameborder=\"0\" marginwidth=\"0\" marginheight=\"0\" scrolling=\"no\"><\/iframe>\n<\/div><\/figure>\n","protected":false},"excerpt":{"rendered":"<p>Toda acci\u00f3n humana \u2014cient\u00edfica, econ\u00f3mica o pol\u00edtica\u2014 descansa, de manera expl\u00edcita o impl\u00edcita, sobre una visi\u00f3n de la<\/p>\n","protected":false},"author":1,"featured_media":3462,"comment_status":"open","ping_status":"open","sticky":false,"template":"","format":"standard","meta":{"footnotes":"","jetpack_publicize_message":"","jetpack_publicize_feature_enabled":true,"jetpack_social_post_already_shared":true,"jetpack_social_options":{"image_generator_settings":{"template":"highway","default_image_id":0,"font":"","enabled":false},"version":2}},"categories":[3,6,29],"tags":[],"class_list":["post-3909","post","type-post","status-publish","format-standard","has-post-thumbnail","hentry","category-news","category-news-now","category-press"],"jetpack_publicize_connections":[],"_links":{"self":[{"href":"https:\/\/globalsolidarity.live\/spacearch\/wp-json\/wp\/v2\/posts\/3909","targetHints":{"allow":["GET"]}}],"collection":[{"href":"https:\/\/globalsolidarity.live\/spacearch\/wp-json\/wp\/v2\/posts"}],"about":[{"href":"https:\/\/globalsolidarity.live\/spacearch\/wp-json\/wp\/v2\/types\/post"}],"author":[{"embeddable":true,"href":"https:\/\/globalsolidarity.live\/spacearch\/wp-json\/wp\/v2\/users\/1"}],"replies":[{"embeddable":true,"href":"https:\/\/globalsolidarity.live\/spacearch\/wp-json\/wp\/v2\/comments?post=3909"}],"version-history":[{"count":3,"href":"https:\/\/globalsolidarity.live\/spacearch\/wp-json\/wp\/v2\/posts\/3909\/revisions"}],"predecessor-version":[{"id":3912,"href":"https:\/\/globalsolidarity.live\/spacearch\/wp-json\/wp\/v2\/posts\/3909\/revisions\/3912"}],"wp:featuredmedia":[{"embeddable":true,"href":"https:\/\/globalsolidarity.live\/spacearch\/wp-json\/wp\/v2\/media\/3462"}],"wp:attachment":[{"href":"https:\/\/globalsolidarity.live\/spacearch\/wp-json\/wp\/v2\/media?parent=3909"}],"wp:term":[{"taxonomy":"category","embeddable":true,"href":"https:\/\/globalsolidarity.live\/spacearch\/wp-json\/wp\/v2\/categories?post=3909"},{"taxonomy":"post_tag","embeddable":true,"href":"https:\/\/globalsolidarity.live\/spacearch\/wp-json\/wp\/v2\/tags?post=3909"}],"curies":[{"name":"wp","href":"https:\/\/api.w.org\/{rel}","templated":true}]}}