{"id":6593,"date":"2026-02-04T10:24:16","date_gmt":"2026-02-04T10:24:16","guid":{"rendered":"https:\/\/globalsolidarity.live\/spacearch\/?p=6593"},"modified":"2026-02-09T12:35:48","modified_gmt":"2026-02-09T12:35:48","slug":"neurocortex-digital-externo","status":"publish","type":"post","link":"https:\/\/globalsolidarity.live\/spacearch\/technology\/neurocortex-digital-externo\/","title":{"rendered":"Neurocortex Digital Externo"},"content":{"rendered":"\n<p><strong>Plataforma de Extensi\u00f3n Cognitiva No Invasiva<\/strong><br><em>(Documento t\u00e9cnico\u2013empresarial)<\/em><br>Fecha de referencia: 20 de octubre de 2024<\/p>\n\n\n\n<hr class=\"wp-block-separator has-alpha-channel-opacity\"\/>\n\n\n\n<h2 class=\"wp-block-heading\">1. Executive Summary <\/h2>\n\n\n\n<p>El <strong>Neurocortex Digital Externo (NDE)<\/strong> es una plataforma de <strong>extensi\u00f3n cognitiva no invasiva<\/strong>, dise\u00f1ada para operar como <strong>coprocesador neurodigital externo<\/strong>, ampliando la capacidad de procesamiento, integraci\u00f3n y gesti\u00f3n cognitiva del cerebro humano sin cirug\u00eda, implantes intracraneales ni modificaci\u00f3n estructural irreversible.<\/p>\n\n\n\n<p>El sistema integra desarrollos provenientes de los programas <strong>Human-X<\/strong>, <strong>Programa Zeus<\/strong> y <strong>Proyecto Adonai Horeb<\/strong>, convergiendo en una arquitectura funcional capaz de:<\/p>\n\n\n\n<ul class=\"wp-block-list\">\n<li>Reducir carga cognitiva humana<\/li>\n\n\n\n<li>Aumentar capacidad de procesamiento distribuido<\/li>\n\n\n\n<li>Facilitar interacci\u00f3n directa humano\u2013IA<\/li>\n\n\n\n<li>Externalizar funciones cognitivas complejas de alto costo energ\u00e9tico<\/li>\n<\/ul>\n\n\n\n<p>El proyecto requiere una <strong>inversi\u00f3n inicial de USD 100 millones<\/strong>, con un <strong>CAPEX total estimado de USD 200 millones en 10 a\u00f1os<\/strong>, orientado a investigaci\u00f3n, validaci\u00f3n, escalamiento y comercializaci\u00f3n progresiva.<\/p>\n\n\n\n<hr class=\"wp-block-separator has-alpha-channel-opacity\"\/>\n\n\n\n<h2 class=\"wp-block-heading\">2. Descripci\u00f3n Tecnol\u00f3gica <\/h2>\n\n\n\n<h3 class=\"wp-block-heading\">2.1 Neurocortex Digital Externo<\/h3>\n\n\n\n<p>Dispositivo <strong>no invasivo<\/strong>, de acople craneal externo, que act\u00faa como:<\/p>\n\n\n\n<ul class=\"wp-block-list\">\n<li><strong>Coprocesador cognitivo<\/strong><\/li>\n\n\n\n<li><strong>Memoria funcional extendida<\/strong><\/li>\n\n\n\n<li><strong>M\u00f3dulo de traducci\u00f3n neurodigital<\/strong><\/li>\n<\/ul>\n\n\n\n<p>No \u201cmultiplica el cerebro\u201d, sino que <strong>externaliza funciones cognitivas intensivas<\/strong>, logrando mejoras netas en:<\/p>\n\n\n\n<ul class=\"wp-block-list\">\n<li>Velocidad de decisi\u00f3n<\/li>\n\n\n\n<li>Integraci\u00f3n de informaci\u00f3n compleja<\/li>\n\n\n\n<li>Capacidad de multitarea avanzada<\/li>\n\n\n\n<li>Gesti\u00f3n de estados atencionales y cognitivos<\/li>\n<\/ul>\n\n\n\n<hr class=\"wp-block-separator has-alpha-channel-opacity\"\/>\n\n\n\n<h3 class=\"wp-block-heading\">2.2 Interfaz Neurodigital Humano\u2013IA<\/h3>\n\n\n\n<p>Sistema de <strong>comunicaci\u00f3n bidireccional<\/strong> entre actividad neuronal y sistemas de inteligencia artificial, basado en:<\/p>\n\n\n\n<ul class=\"wp-block-list\">\n<li>Se\u00f1ales neuroel\u00e9ctricas<\/li>\n\n\n\n<li>Biofeedback adaptativo<\/li>\n\n\n\n<li>Traducci\u00f3n sem\u00e1ntica neuronal<\/li>\n<\/ul>\n\n\n\n<p>Permite interacci\u00f3n <strong>directa y continua<\/strong> con sistemas de IA sin interfaces manuales tradicionales.<\/p>\n\n\n\n<hr class=\"wp-block-separator has-alpha-channel-opacity\"\/>\n\n\n\n<h3 class=\"wp-block-heading\">2.3 Bio-software y Neuroplasticidad<\/h3>\n\n\n\n<p>El proyecto no propone \u201credise\u00f1ar al humano\u201d, sino:<\/p>\n\n\n\n<ul class=\"wp-block-list\">\n<li><strong>Optimizar plasticidad neuronal existente<\/strong><\/li>\n\n\n\n<li><strong>Aumentar eficiencia sin\u00e1ptica funcional<\/strong><\/li>\n\n\n\n<li><strong>Facilitar adaptaci\u00f3n progresiva al coprocesamiento<\/strong><\/li>\n<\/ul>\n\n\n\n<p>Todo el dise\u00f1o prioriza <strong>reversibilidad, seguridad y control<\/strong>.<\/p>\n\n\n\n<hr class=\"wp-block-separator has-alpha-channel-opacity\"\/>\n\n\n\n<h3 class=\"wp-block-heading\">2.4 Automatizaci\u00f3n Cognitiva y Socioecon\u00f3mica<\/h3>\n\n\n\n<p>El Neurocortex Digital Externo se integra a ecosistemas de:<\/p>\n\n\n\n<ul class=\"wp-block-list\">\n<li>Automatizaci\u00f3n avanzada<\/li>\n\n\n\n<li>IA operativa<\/li>\n\n\n\n<li>Rob\u00f3tica cognitiva<\/li>\n<\/ul>\n\n\n\n<p>Habilitando modelos econ\u00f3micos basados en:<\/p>\n\n\n\n<ul class=\"wp-block-list\">\n<li>Redistribuci\u00f3n de productividad<\/li>\n\n\n\n<li>Reducci\u00f3n del trabajo cognitivo repetitivo<\/li>\n\n\n\n<li>Nuevos esquemas de renta y empleo avanzado<\/li>\n<\/ul>\n\n\n\n<hr class=\"wp-block-separator has-alpha-channel-opacity\"\/>\n\n\n\n<h2 class=\"wp-block-heading\">3. Comparativa Tecnol\u00f3gica<\/h2>\n\n\n\n<figure class=\"wp-block-table\"><table class=\"has-fixed-layout\"><thead><tr><th>Enfoque<\/th><th>Invasivo<\/th><th>Escalable<\/th><th>Riesgo m\u00e9dico<\/th><th>Integraci\u00f3n IA<\/th><\/tr><\/thead><tbody><tr><td>Implantes neuronales<\/td><td>S\u00ed<\/td><td>Baja<\/td><td>Alto<\/td><td>Parcial<\/td><\/tr><tr><td>BCI cl\u00e1sicas<\/td><td>No<\/td><td>Media<\/td><td>Bajo<\/td><td>Limitada<\/td><\/tr><tr><td>Wearables cognitivos<\/td><td>No<\/td><td>Media<\/td><td>Bajo<\/td><td>Superficial<\/td><\/tr><tr><td><strong>Neurocortex Digital Externo<\/strong><\/td><td><strong>No<\/strong><\/td><td><strong>Alta<\/strong><\/td><td><strong>Muy bajo<\/strong><\/td><td><strong>Directa<\/strong><\/td><\/tr><\/tbody><\/table><\/figure>\n\n\n\n<hr class=\"wp-block-separator has-alpha-channel-opacity\"\/>\n\n\n\n<h2 class=\"wp-block-heading\">4. Potencial de Mercado (Realista)<\/h2>\n\n\n\n<h3 class=\"wp-block-heading\">Sectores objetivo prioritarios:<\/h3>\n\n\n\n<ul class=\"wp-block-list\">\n<li><strong>Educaci\u00f3n avanzada<\/strong>: aprendizaje acelerado, simulaci\u00f3n cognitiva<\/li>\n\n\n\n<li><strong>Salud<\/strong>: rehabilitaci\u00f3n, neurooptimizaci\u00f3n, soporte cognitivo<\/li>\n\n\n\n<li><strong>Defensa y seguridad<\/strong>: reducci\u00f3n de latencia decisional<\/li>\n\n\n\n<li><strong>Industria y tecnolog\u00eda<\/strong>: trabajo cognitivo de alta complejidad<\/li>\n\n\n\n<li><strong>Electr\u00f3nica avanzada<\/strong>: sustituci\u00f3n progresiva de interfaces tradicionales<\/li>\n<\/ul>\n\n\n\n<hr class=\"wp-block-separator has-alpha-channel-opacity\"\/>\n\n\n\n<h2 class=\"wp-block-heading\">5. Valoraci\u00f3n Proyectada (Ajustada)<\/h2>\n\n\n\n<figure class=\"wp-block-table\"><table class=\"has-fixed-layout\"><thead><tr><th>Horizonte<\/th><th>Valoraci\u00f3n estimada<\/th><\/tr><\/thead><tbody><tr><td>Prototipo validado<\/td><td>USD 500 M<\/td><\/tr><tr><td>5 a\u00f1os<\/td><td>USD 5 B<\/td><\/tr><tr><td>10 a\u00f1os<\/td><td>USD 30\u201350 B <em>(dependiente de adopci\u00f3n institucional)<\/em><\/td><\/tr><\/tbody><\/table><\/figure>\n\n\n\n<hr class=\"wp-block-separator has-alpha-channel-opacity\"\/>\n\n\n\n<h2 class=\"wp-block-heading\">6. Estrategia de Financiamiento<\/h2>\n\n\n\n<h3 class=\"wp-block-heading\">Fase 1 \u2013 I+D y prototipo (2024\u20132025)<\/h3>\n\n\n\n<ul class=\"wp-block-list\">\n<li>Inversi\u00f3n: USD 50 M<\/li>\n\n\n\n<li>Objetivo: prototipo funcional + validaci\u00f3n t\u00e9cnica inicial<\/li>\n<\/ul>\n\n\n\n<h3 class=\"wp-block-heading\">Fase 2 \u2013 Refinamiento y escalado (2026\u20132028)<\/h3>\n\n\n\n<ul class=\"wp-block-list\">\n<li>Inversi\u00f3n: USD 30 M<\/li>\n\n\n\n<li>Objetivo: estabilidad, ergonom\u00eda, integraci\u00f3n IA<\/li>\n<\/ul>\n\n\n\n<h3 class=\"wp-block-heading\">Fase 3 \u2013 Pilotos y validaci\u00f3n (2029\u20132032)<\/h3>\n\n\n\n<ul class=\"wp-block-list\">\n<li>Inversi\u00f3n: USD 20 M<\/li>\n\n\n\n<li>Objetivo: pruebas controladas sectoriales<\/li>\n<\/ul>\n\n\n\n<h3 class=\"wp-block-heading\">Fase 4 \u2013 Comercializaci\u00f3n global (2033\u20132035)<\/h3>\n\n\n\n<ul class=\"wp-block-list\">\n<li>Inversi\u00f3n: USD 100 M<\/li>\n\n\n\n<li>Objetivo: despliegue, licencias, expansi\u00f3n<\/li>\n<\/ul>\n\n\n\n<hr class=\"wp-block-separator has-alpha-channel-opacity\"\/>\n\n\n\n<h2 class=\"wp-block-heading\">7. Modelo de Ingresos<\/h2>\n\n\n\n<ul class=\"wp-block-list\">\n<li>Venta de dispositivos (segmentados por sector)<\/li>\n\n\n\n<li>Licencias de software neurodigital<\/li>\n\n\n\n<li>Suscripciones premium (actualizaciones, soporte, IA)<\/li>\n\n\n\n<li>Contratos institucionales y gubernamentales<\/li>\n<\/ul>\n\n\n\n<h3 class=\"wp-block-heading\">Proyecci\u00f3n conservadora:<\/h3>\n\n\n\n<ul class=\"wp-block-list\">\n<li>A\u00f1o 1: USD 500 M<\/li>\n\n\n\n<li>A\u00f1o 5: USD 5\u201310 B<\/li>\n\n\n\n<li>A\u00f1o 10: USD 30\u201350 B<\/li>\n<\/ul>\n\n\n\n<hr class=\"wp-block-separator has-alpha-channel-opacity\"\/>\n\n\n\n<h2 class=\"wp-block-heading\">8. Alianzas Estrat\u00e9gicas (Objetivas)<\/h2>\n\n\n\n<ul class=\"wp-block-list\">\n<li>Empresas tecnol\u00f3gicas (hardware, IA, semiconductores)<\/li>\n\n\n\n<li>Estados y organismos p\u00fablicos<\/li>\n\n\n\n<li>Universidades y centros de investigaci\u00f3n<\/li>\n\n\n\n<li>Sistemas de salud avanzados<\/li>\n<\/ul>\n\n\n\n<hr class=\"wp-block-separator has-alpha-channel-opacity\"\/>\n\n\n\n<h2 class=\"wp-block-heading\">9. An\u00e1lisis de Riesgos <\/h2>\n\n\n\n<h3 class=\"wp-block-heading\">Tecnol\u00f3gicos<\/h3>\n\n\n\n<p>Mitigaci\u00f3n: desarrollo incremental, TRL progresivo<\/p>\n\n\n\n<h3 class=\"wp-block-heading\">Regulatorios<\/h3>\n\n\n\n<p>Mitigaci\u00f3n: foco inicial no invasivo, \u00e9tica by design<\/p>\n\n\n\n<h3 class=\"wp-block-heading\">Mercado<\/h3>\n\n\n\n<p>Mitigaci\u00f3n: entrada institucional antes que consumo masivo<\/p>\n\n\n\n<hr class=\"wp-block-separator has-alpha-channel-opacity\"\/>\n\n\n\n<h2 class=\"wp-block-heading\">10. Conclusi\u00f3n T\u00e9cnica-Empresarial<\/h2>\n\n\n\n<p>El <strong>Neurocortex Digital Externo<\/strong> no propone una fantas\u00eda transhumanista, sino una <strong>infraestructura cognitiva externa<\/strong>, dise\u00f1ada para:<\/p>\n\n\n\n<ul class=\"wp-block-list\">\n<li>Acompa\u00f1ar la aceleraci\u00f3n de la IA<\/li>\n\n\n\n<li>Preservar centralidad humana<\/li>\n\n\n\n<li>Expandir capacidades sin alterar la biolog\u00eda de forma irreversible<\/li>\n<\/ul>\n\n\n\n<p>Es una <strong>plataforma fundacional<\/strong>, no un gadget.<\/p>\n\n\n\n<h1 class=\"wp-block-heading\">Neurocortex Digital Externo<\/h1>\n\n\n\n<h2 class=\"wp-block-heading\">Definici\u00f3n Ampliada y Arquitectura Funcional<\/h2>\n\n\n\n<hr class=\"wp-block-separator has-alpha-channel-opacity\"\/>\n\n\n\n<h2 class=\"wp-block-heading\">1. Definici\u00f3n Nuclear (sin ambig\u00fcedad)<\/h2>\n\n\n\n<p>El <strong>Neurocortex Digital Externo (NDE)<\/strong> es un <strong>sistema de coprocesamiento cognitivo humano-IA<\/strong>, materializado inicialmente como un <strong>hardware acoplable en forma craneal<\/strong>, dise\u00f1ado para operar como <strong>puente funcional<\/strong> entre:<\/p>\n\n\n\n<ul class=\"wp-block-list\">\n<li>la mente humana biol\u00f3gica<\/li>\n\n\n\n<li>y el ecosistema planetario de inteligencias artificiales (actuales y futuras)<\/li>\n<\/ul>\n\n\n\n<p>Su funci\u00f3n principal no es \u201caumentar el cerebro\u201d, sino <strong>habilitar interacci\u00f3n, sincronizaci\u00f3n y coprocesamiento seguro<\/strong> entre la cognici\u00f3n humana y <strong>millones de sistemas de IA distribuidos<\/strong>.<\/p>\n\n\n\n<hr class=\"wp-block-separator has-alpha-channel-opacity\"\/>\n\n\n\n<h2 class=\"wp-block-heading\">2. Naturaleza del Hardware (no cerrada, evolutiva)<\/h2>\n\n\n\n<h3 class=\"wp-block-heading\">2.1 Forma f\u00edsica (no dogm\u00e1tica)<\/h3>\n\n\n\n<p>El Neurocortex <strong>no est\u00e1 atado a una forma \u00fanica<\/strong>.<br>La tecnolog\u00eda puede adoptar m\u00faltiples formatos, seg\u00fan madurez, ergonom\u00eda y uso:<\/p>\n\n\n\n<ul class=\"wp-block-list\">\n<li>Cascos cognitivos<\/li>\n\n\n\n<li>Diademas neurodigitales<\/li>\n\n\n\n<li>Sistemas tipo <em>Emotiv \/ EEG avanzado<\/em><\/li>\n\n\n\n<li>Arquitecturas h\u00edbridas (casco + visor AR)<\/li>\n\n\n\n<li>Formatos miniaturizados futuros (wearable invisible)<\/li>\n<\/ul>\n\n\n\n<p>\ud83d\udc49 <strong>La forma no define el sistema.<\/strong><br>\ud83d\udc49 <strong>La arquitectura funcional s\u00ed.<\/strong><\/p>\n\n\n\n<hr class=\"wp-block-separator has-alpha-channel-opacity\"\/>\n\n\n\n<h3 class=\"wp-block-heading\">2.2 Funci\u00f3n del hardware<\/h3>\n\n\n\n<p>El hardware cumple cuatro funciones cr\u00edticas:<\/p>\n\n\n\n<ol class=\"wp-block-list\">\n<li><strong>Captura neuroel\u00e9ctrica \/ neurofisiol\u00f3gica<\/strong><\/li>\n\n\n\n<li><strong>Procesamiento local de baja latencia<\/strong><\/li>\n\n\n\n<li><strong>Canal seguro de comunicaci\u00f3n con IA externas<\/strong><\/li>\n\n\n\n<li><strong>Gesti\u00f3n de biofeedback y seguridad cognitiva<\/strong><\/li>\n<\/ol>\n\n\n\n<p>No reemplaza al cerebro:<br>\ud83d\udc49 <strong>lo acompa\u00f1a, filtra, protege y amplifica funcionalmente<\/strong>.<\/p>\n\n\n\n<hr class=\"wp-block-separator has-alpha-channel-opacity\"\/>\n\n\n\n<h2 class=\"wp-block-heading\">3. Funci\u00f3n Central: Puente de Coprocesamiento<\/h2>\n\n\n\n<h3 class=\"wp-block-heading\">3.1 Qu\u00e9 significa \u201cpuente\u201d<\/h3>\n\n\n\n<p>El Neurocortex act\u00faa como un <strong>middleware cognitivo<\/strong>, que:<\/p>\n\n\n\n<ul class=\"wp-block-list\">\n<li>Traduce intenci\u00f3n mental humana \u2192 lenguaje computacional<\/li>\n\n\n\n<li>Traduce outputs de IA \u2192 informaci\u00f3n comprensible humana<\/li>\n\n\n\n<li>Sincroniza tiempos de procesamiento<\/li>\n\n\n\n<li>Evita sobrecarga cognitiva<\/li>\n<\/ul>\n\n\n\n<p>No es una interfaz pasiva:<br>\ud83d\udc49 es un <strong>orquestador cognitivo<\/strong>.<\/p>\n\n\n\n<hr class=\"wp-block-separator has-alpha-channel-opacity\"\/>\n\n\n\n<h3 class=\"wp-block-heading\">3.2 Escala planetaria<\/h3>\n\n\n\n<p>El sistema est\u00e1 dise\u00f1ado para interactuar con:<\/p>\n\n\n\n<ul class=\"wp-block-list\">\n<li>Modelos de IA locales<\/li>\n\n\n\n<li>IAs corporativas<\/li>\n\n\n\n<li>IAs gubernamentales<\/li>\n\n\n\n<li>IAs cient\u00edficas<\/li>\n\n\n\n<li>Redes de agentes aut\u00f3nomos<\/li>\n<\/ul>\n\n\n\n<p>\ud83d\udc49 El humano <strong>no interact\u00faa con \u201cuna IA\u201d<\/strong>,<br>\ud83d\udc49 interact\u00faa con <strong>un enjambre cognitivo planetario<\/strong>, filtrado y organizado.<\/p>\n\n\n\n<hr class=\"wp-block-separator has-alpha-channel-opacity\"\/>\n\n\n\n<h2 class=\"wp-block-heading\">4. Modalidades de Interacci\u00f3n (por fases)<\/h2>\n\n\n\n<h3 class=\"wp-block-heading\">Fase 1 \u2013 Interacci\u00f3n neuro-asistida indirecta<\/h3>\n\n\n\n<p><em>(tecnolog\u00eda actual \/ corto plazo)<\/em><\/p>\n\n\n\n<ul class=\"wp-block-list\">\n<li>Comandos mentales estructurados<\/li>\n\n\n\n<li>Feedback mediante:\n<ul class=\"wp-block-list\">\n<li>visores de realidad aumentada<\/li>\n\n\n\n<li>audio<\/li>\n\n\n\n<li>interfaces visuales cognitivas<\/li>\n<\/ul>\n<\/li>\n\n\n\n<li>Control consciente total del flujo de informaci\u00f3n<\/li>\n<\/ul>\n\n\n\n<p>Esta fase es <strong>regulatoriamente viable hoy<\/strong>.<\/p>\n\n\n\n<hr class=\"wp-block-separator has-alpha-channel-opacity\"\/>\n\n\n\n<h3 class=\"wp-block-heading\">Fase 2 \u2013 Coprocesamiento cognitivo asistido<\/h3>\n\n\n\n<p><em>(mediano plazo)<\/em><\/p>\n\n\n\n<ul class=\"wp-block-list\">\n<li>Parte del razonamiento se externaliza<\/li>\n\n\n\n<li>La IA anticipa necesidades cognitivas<\/li>\n\n\n\n<li>El humano mantiene control ejecutivo<\/li>\n\n\n\n<li>El sistema reduce latencia decisional<\/li>\n<\/ul>\n\n\n\n<p>Aqu\u00ed aparece el <strong>verdadero salto de productividad cognitiva<\/strong>.<\/p>\n\n\n\n<hr class=\"wp-block-separator has-alpha-channel-opacity\"\/>\n\n\n\n<h3 class=\"wp-block-heading\">Fase 3 \u2013 Coprocesamiento intersin\u00e1ptico indirecto<\/h3>\n\n\n\n<p><em>(largo plazo)<\/em><\/p>\n\n\n\n<ul class=\"wp-block-list\">\n<li>Inputs de IA no llegan por pantallas<\/li>\n\n\n\n<li>Se integran como <strong>est\u00edmulos neuronales estructurados<\/strong><\/li>\n\n\n\n<li>No se \u201cinyecta informaci\u00f3n\u201d, se <strong>modula actividad sin\u00e1ptica<\/strong><\/li>\n<\/ul>\n\n\n\n<p>\ud83d\udc49 Esto <strong>no es descarga de conocimiento<\/strong>,<br>\ud83d\udc49 es <strong>asistencia neurofuncional<\/strong>.<\/p>\n\n\n\n<hr class=\"wp-block-separator has-alpha-channel-opacity\"\/>\n\n\n\n<h3 class=\"wp-block-heading\">Fase 4 \u2013 Coprocesamiento intersin\u00e1ptico directo<\/h3>\n\n\n\n<p><em>(solo cuando la tecnolog\u00eda y la \u00e9tica lo permitan)<\/em><\/p>\n\n\n\n<ul class=\"wp-block-list\">\n<li>Interacci\u00f3n directa a nivel intersin\u00e1ptico<\/li>\n\n\n\n<li>Protocolos de seguridad estrictos<\/li>\n\n\n\n<li>Uso limitado, reversible y monitoreado<\/li>\n<\/ul>\n\n\n\n<p>\ud83d\udc49 Esta fase <strong>no es p\u00fablica ni masiva<\/strong>.<br>\ud83d\udc49 Es estrat\u00e9gica y altamente regulada.<\/p>\n\n\n\n<hr class=\"wp-block-separator has-alpha-channel-opacity\"\/>\n\n\n\n<h2 class=\"wp-block-heading\">5. Seguridad y Salud Humana (no negociable)<\/h2>\n\n\n\n<p>El Neurocortex se dise\u00f1a bajo principios estrictos:<\/p>\n\n\n\n<ul class=\"wp-block-list\">\n<li>\u274c Sin da\u00f1o neuronal<\/li>\n\n\n\n<li>\u274c Sin p\u00e9rdida de autonom\u00eda<\/li>\n\n\n\n<li>\u274c Sin dependencia cognitiva<\/li>\n\n\n\n<li>\u274c Sin modificaci\u00f3n irreversible<\/li>\n<\/ul>\n\n\n\n<h3 class=\"wp-block-heading\">Protocolos clave:<\/h3>\n\n\n\n<ul class=\"wp-block-list\">\n<li>L\u00edmites de carga cognitiva<\/li>\n\n\n\n<li>Kill-switch cognitivo<\/li>\n\n\n\n<li>Monitoreo neurofisiol\u00f3gico continuo<\/li>\n\n\n\n<li>Separaci\u00f3n clara humano \/ IA<\/li>\n\n\n\n<li>Reversibilidad total en fases tempranas<\/li>\n<\/ul>\n\n\n\n<p>\ud83d\udc49 <strong>El humano siempre mantiene la autoridad ejecutiva.<\/strong><\/p>\n\n\n\n<hr class=\"wp-block-separator has-alpha-channel-opacity\"\/>\n\n\n\n<h2 class=\"wp-block-heading\">6. Comparaci\u00f3n Conceptual (clara)<\/h2>\n\n\n\n<figure class=\"wp-block-table\"><table class=\"has-fixed-layout\"><thead><tr><th>Sistema<\/th><th>Qu\u00e9 hace<\/th><\/tr><\/thead><tbody><tr><td>Smartphone<\/td><td>Externaliza memoria superficial<\/td><\/tr><tr><td>Computadora<\/td><td>Externaliza c\u00e1lculo<\/td><\/tr><tr><td>Internet<\/td><td>Externaliza informaci\u00f3n<\/td><\/tr><tr><td>IA<\/td><td>Externaliza razonamiento<\/td><\/tr><tr><td><strong>Neurocortex Digital Externo<\/strong><\/td><td><strong>Externaliza interacci\u00f3n cognitiva compleja<\/strong><\/td><\/tr><\/tbody><\/table><\/figure>\n\n\n\n<p>Es el <strong>siguiente paso l\u00f3gico<\/strong>, no una ruptura absurda.<\/p>\n\n\n\n<hr class=\"wp-block-separator has-alpha-channel-opacity\"\/>\n\n\n\n<h2 class=\"wp-block-heading\">7. Posicionamiento Estrat\u00e9gico Correcto<\/h2>\n\n\n\n<p>El Neurocortex <strong>no es<\/strong>:<\/p>\n\n\n\n<ul class=\"wp-block-list\">\n<li>un gadget<\/li>\n\n\n\n<li>un implante<\/li>\n\n\n\n<li>un experimento transhumanista<\/li>\n\n\n\n<li>una pr\u00f3tesis<\/li>\n<\/ul>\n\n\n\n<p>El Neurocortex <strong>es<\/strong>:<\/p>\n\n\n\n<ul class=\"wp-block-list\">\n<li>una <strong>infraestructura cognitiva externa<\/strong><\/li>\n\n\n\n<li>una <strong>capa de adaptaci\u00f3n humano-IA<\/strong><\/li>\n\n\n\n<li>un <strong>sistema de supervivencia cognitiva<\/strong> en la era de la IAG<\/li>\n<\/ul>\n\n\n\n<hr class=\"wp-block-separator has-alpha-channel-opacity\"\/>\n\n\n\n<h2 class=\"wp-block-heading\">8. Definici\u00f3n final sint\u00e9tica<\/h2>\n\n\n\n<blockquote class=\"wp-block-quote is-layout-flow wp-block-quote-is-layout-flow\">\n<p><strong>El Neurocortex Digital Externo es una plataforma de coprocesamiento cognitivo humano-IA, materializada inicialmente como hardware craneal no invasivo, dise\u00f1ada para permitir interacci\u00f3n segura, escalable y controlada entre la mente humana y el ecosistema planetario de inteligencias artificiales, evolucionando progresivamente desde interfaces perceptuales asistidas hasta coprocesamiento intersin\u00e1ptico regulado, con prioridad absoluta en la salud, autonom\u00eda y soberan\u00eda cognitiva humana.<\/strong><\/p>\n<\/blockquote>\n\n\n\n<h1 class=\"wp-block-heading\">An\u00e1lisis de Rendimiento del Neurocortex Digital Externo<\/h1>\n\n\n\n<h2 class=\"wp-block-heading\">Requisitos Humanos, Limitaciones Cognitivas y Potencial M\u00e1ximo<\/h2>\n\n\n\n<hr class=\"wp-block-separator has-alpha-channel-opacity\"\/>\n\n\n\n<h2 class=\"wp-block-heading\">1. Principio central (definici\u00f3n cr\u00edtica)<\/h2>\n\n\n\n<p>El <strong>Neurocortex Digital Externo (NDE)<\/strong> <strong>no genera inteligencia por s\u00ed mismo<\/strong>.<br>Act\u00faa como <strong>amplificador, orquestador y acelerador<\/strong> de capacidades cognitivas <strong>preexistentes<\/strong>.<\/p>\n\n\n\n<p>Por lo tanto:<\/p>\n\n\n\n<blockquote class=\"wp-block-quote is-layout-flow wp-block-quote-is-layout-flow\">\n<p><strong>El rendimiento del sistema est\u00e1 estrictamente limitado por la capacidad cognitiva, estructural y formativa del sujeto humano activante.<\/strong><\/p>\n<\/blockquote>\n\n\n\n<p>Esta es la <strong>ley fundamental del sistema<\/strong>.<\/p>\n\n\n\n<hr class=\"wp-block-separator has-alpha-channel-opacity\"\/>\n\n\n\n<h2 class=\"wp-block-heading\">2. Condici\u00f3n necesaria: humano activante h\u00edbrido y pol\u00edmata<\/h2>\n\n\n\n<h3 class=\"wp-block-heading\">2.1 Definici\u00f3n operativa de \u201chumano activante\u201d<\/h3>\n\n\n\n<p>Un <strong>humano activante<\/strong> es aquel que cumple simult\u00e1neamente:<\/p>\n\n\n\n<ul class=\"wp-block-list\">\n<li>Alta <strong>plasticidad cognitiva entrenada<\/strong><\/li>\n\n\n\n<li>Capacidad de <strong>metacognici\u00f3n consciente<\/strong><\/li>\n\n\n\n<li>Dominio de <strong>lenguajes formales y abstractos<\/strong><\/li>\n\n\n\n<li>Entrenamiento sostenido en <strong>atenci\u00f3n, foco y control mental<\/strong><\/li>\n\n\n\n<li>Capacidad de <strong>aplicaci\u00f3n emp\u00edrica<\/strong>, no solo experiencia subjetiva<\/li>\n<\/ul>\n\n\n\n<p>Esto excluye autom\u00e1ticamente a:<\/p>\n\n\n\n<ul class=\"wp-block-list\">\n<li>sujetos sin entrenamiento cognitivo<\/li>\n\n\n\n<li>usuarios pasivos<\/li>\n\n\n\n<li>consumidores tecnol\u00f3gicos<\/li>\n\n\n\n<li>perfiles dependientes de est\u00edmulo externo<\/li>\n<\/ul>\n\n\n\n<hr class=\"wp-block-separator has-alpha-channel-opacity\"\/>\n\n\n\n<h3 class=\"wp-block-heading\">2.2 Analog\u00eda funcional (yogui \/ lama)<\/h3>\n\n\n\n<p>La analog\u00eda que plante\u00e1s es <strong>t\u00e9cnicamente correcta<\/strong>, si se expresa as\u00ed:<\/p>\n\n\n\n<ul class=\"wp-block-list\">\n<li>Estados como <strong>sam\u0101dhi<\/strong> o <strong>\u00e9xtasis cognitivo<\/strong><\/li>\n\n\n\n<li>Generan <strong>potencial<\/strong><\/li>\n\n\n\n<li>Pero <strong>no generan aplicaci\u00f3n<\/strong> sin marco l\u00f3gico, cient\u00edfico y operativo<\/li>\n<\/ul>\n\n\n\n<p>En t\u00e9rminos t\u00e9cnicos:<\/p>\n\n\n\n<blockquote class=\"wp-block-quote is-layout-flow wp-block-quote-is-layout-flow\">\n<p><strong>Experiencia cognitiva \u2260 capacidad de producci\u00f3n cognitiva.<\/strong><\/p>\n<\/blockquote>\n\n\n\n<p>El Neurocortex <strong>no convierte experiencias internas en conocimiento aplicable<\/strong> sin entrenamiento previo.<\/p>\n\n\n\n<hr class=\"wp-block-separator has-alpha-channel-opacity\"\/>\n\n\n\n<h2 class=\"wp-block-heading\">3. Por qu\u00e9 el Neurocortex no sirve en sujetos no entrenados<\/h2>\n\n\n\n<h3 class=\"wp-block-heading\">3.1 Limitaci\u00f3n estructural<\/h3>\n\n\n\n<p>En sujetos no entrenados:<\/p>\n\n\n\n<ul class=\"wp-block-list\">\n<li>La IA entrega informaci\u00f3n<\/li>\n\n\n\n<li>El cerebro <strong>no sabe formular preguntas correctas<\/strong><\/li>\n\n\n\n<li>No existe modelo interno para integrar outputs<\/li>\n\n\n\n<li>Se produce saturaci\u00f3n cognitiva o dependencia<\/li>\n<\/ul>\n\n\n\n<p>Resultado:<\/p>\n\n\n\n<ul class=\"wp-block-list\">\n<li>bajo rendimiento<\/li>\n\n\n\n<li>frustraci\u00f3n<\/li>\n\n\n\n<li>uso superficial<\/li>\n\n\n\n<li>abandono del sistema<\/li>\n<\/ul>\n\n\n\n<hr class=\"wp-block-separator has-alpha-channel-opacity\"\/>\n\n\n\n<h3 class=\"wp-block-heading\">3.2 Riesgo en sujetos no preparados<\/h3>\n\n\n\n<p>En t\u00e9rminos de ingenier\u00eda cognitiva:<\/p>\n\n\n\n<ul class=\"wp-block-list\">\n<li>El sistema <strong>aumenta la ganancia<\/strong><\/li>\n\n\n\n<li>Sin entrenamiento, la ganancia produce <strong>ruido<\/strong><\/li>\n\n\n\n<li>El ruido produce <strong>colapso cognitivo<\/strong><\/li>\n<\/ul>\n\n\n\n<p>Por eso el Neurocortex <strong>no puede ni debe<\/strong> ser masivo en fase temprana.<\/p>\n\n\n\n<hr class=\"wp-block-separator has-alpha-channel-opacity\"\/>\n\n\n\n<h2 class=\"wp-block-heading\">4. Condici\u00f3n suficiente: polimat\u00eda + hibridaci\u00f3n IA<\/h2>\n\n\n\n<h3 class=\"wp-block-heading\">4.1 Qu\u00e9 significa \u201cpol\u00edmata\u201d aqu\u00ed (definici\u00f3n t\u00e9cnica)<\/h3>\n\n\n\n<p>No es cultura general.<\/p>\n\n\n\n<p>Es:<\/p>\n\n\n\n<ul class=\"wp-block-list\">\n<li>Capacidad de <strong>transferencia transversal de modelos<\/strong><\/li>\n\n\n\n<li>Uso de <strong>principios abstractos comunes<\/strong> entre disciplinas<\/li>\n\n\n\n<li>Capacidad de operar en:\n<ul class=\"wp-block-list\">\n<li>matem\u00e1ticas<\/li>\n\n\n\n<li>l\u00f3gica<\/li>\n\n\n\n<li>sistemas<\/li>\n\n\n\n<li>neurociencia<\/li>\n\n\n\n<li>f\u00edsica conceptual<\/li>\n\n\n\n<li>ingenier\u00eda<\/li>\n\n\n\n<li>filosof\u00eda formal<\/li>\n<\/ul>\n<\/li>\n<\/ul>\n\n\n\n<p>La polimat\u00eda <strong>reduce la entrop\u00eda cognitiva<\/strong> del sistema humano-IA.<\/p>\n\n\n\n<hr class=\"wp-block-separator has-alpha-channel-opacity\"\/>\n\n\n\n<h3 class=\"wp-block-heading\">4.2 Rol de la hibridaci\u00f3n IA<\/h3>\n\n\n\n<p>La <strong>hibridaci\u00f3n IA<\/strong> (copiloto cognitivo permanente) permite:<\/p>\n\n\n\n<ul class=\"wp-block-list\">\n<li>Externalizar memoria<\/li>\n\n\n\n<li>Externalizar c\u00e1lculo<\/li>\n\n\n\n<li>Externalizar b\u00fasqueda<\/li>\n\n\n\n<li>Externalizar simulaci\u00f3n<\/li>\n<\/ul>\n\n\n\n<p>Pero <strong>no externaliza criterio ni sentido<\/strong>.<\/p>\n\n\n\n<p>Eso sigue siendo humano.<\/p>\n\n\n\n<hr class=\"wp-block-separator has-alpha-channel-opacity\"\/>\n\n\n\n<h2 class=\"wp-block-heading\">5. Interacci\u00f3n planetaria de IAs y escalamiento cognitivo<\/h2>\n\n\n\n<h3 class=\"wp-block-heading\">5.1 Escenario futuro (realista)<\/h3>\n\n\n\n<p>Cuando millones de IAs:<\/p>\n\n\n\n<ul class=\"wp-block-list\">\n<li>interact\u00faan entre s\u00ed<\/li>\n\n\n\n<li>comparten estados<\/li>\n\n\n\n<li>se especializan<\/li>\n\n\n\n<li>se coordinan en red<\/li>\n<\/ul>\n\n\n\n<p>El humano <strong>ya no interact\u00faa con una IA<\/strong>, sino con:<\/p>\n\n\n\n<blockquote class=\"wp-block-quote is-layout-flow wp-block-quote-is-layout-flow\">\n<p><strong>un sistema cognitivo planetario distribuido.<\/strong><\/p>\n<\/blockquote>\n\n\n\n<hr class=\"wp-block-separator has-alpha-channel-opacity\"\/>\n\n\n\n<h3 class=\"wp-block-heading\">5.2 Rol del Neurocortex en ese escenario<\/h3>\n\n\n\n<p>El Neurocortex:<\/p>\n\n\n\n<ul class=\"wp-block-list\">\n<li>filtra<\/li>\n\n\n\n<li>prioriza<\/li>\n\n\n\n<li>traduce<\/li>\n\n\n\n<li>protege<\/li>\n\n\n\n<li>sincroniza<\/li>\n<\/ul>\n\n\n\n<p>Permite que <strong>un \u00fanico humano entrenado<\/strong> opere sobre un volumen cognitivo que, sin intermediaci\u00f3n, ser\u00eda inabordable.<\/p>\n\n\n\n<hr class=\"wp-block-separator has-alpha-channel-opacity\"\/>\n\n\n\n<h2 class=\"wp-block-heading\">6. Sobre el concepto de \u201cIQ &gt; 10.000\u201d <\/h2>\n\n\n\n<p>El concepto <strong>no puede expresarse en t\u00e9rminos de IQ cl\u00e1sico<\/strong>, porque:<\/p>\n\n\n\n<ul class=\"wp-block-list\">\n<li>El IQ mide tareas cerradas<\/li>\n\n\n\n<li>El sistema opera en tareas abiertas, din\u00e1micas y creativas<\/li>\n<\/ul>\n\n\n\n<p>La formulaci\u00f3n correcta es:<\/p>\n\n\n\n<blockquote class=\"wp-block-quote is-layout-flow wp-block-quote-is-layout-flow\">\n<p><strong>Capacidad cognitiva equivalente<\/strong>, medida como:<\/p>\n\n\n\n<ul class=\"wp-block-list\">\n<li>volumen de problemas manejables<\/li>\n\n\n\n<li>complejidad simult\u00e1nea<\/li>\n\n\n\n<li>velocidad de generaci\u00f3n de hip\u00f3tesis<\/li>\n\n\n\n<li>profundidad de simulaci\u00f3n causal<\/li>\n<\/ul>\n<\/blockquote>\n\n\n\n<p>En ese sentido, <strong>el rendimiento funcional combinado humano-IA<\/strong>, asistido por Neurocortex, puede <strong>superar en \u00f3rdenes de magnitud<\/strong> cualquier m\u00e9trica humana hist\u00f3rica.<\/p>\n\n\n\n<p>La cifra \u201c10.000\u201d <strong>no es un dato<\/strong>, es un <strong>indicador de salto de escala<\/strong>.<\/p>\n\n\n\n<hr class=\"wp-block-separator has-alpha-channel-opacity\"\/>\n\n\n\n<h2 class=\"wp-block-heading\">7. Implicaci\u00f3n estrat\u00e9gica clave (la m\u00e1s importante)<\/h2>\n\n\n\n<blockquote class=\"wp-block-quote is-layout-flow wp-block-quote-is-layout-flow\">\n<p><strong>El cuello de botella del sistema NO es la tecnolog\u00eda.<br>Es el humano.<\/strong><\/p>\n<\/blockquote>\n\n\n\n<p>Por eso:<\/p>\n\n\n\n<ul class=\"wp-block-list\">\n<li>el entrenamiento humano <strong>no es opcional<\/strong><\/li>\n\n\n\n<li>el Neurocortex <strong>no es un producto de consumo<\/strong><\/li>\n\n\n\n<li>la activaci\u00f3n debe ser:\n<ul class=\"wp-block-list\">\n<li>selectiva<\/li>\n\n\n\n<li>formativa<\/li>\n\n\n\n<li>progresiva<\/li>\n<\/ul>\n<\/li>\n<\/ul>\n\n\n\n<hr class=\"wp-block-separator has-alpha-channel-opacity\"\/>\n\n\n\n<h2 class=\"wp-block-heading\">8. Conclusi\u00f3n t\u00e9cnica final<\/h2>\n\n\n\n<ol class=\"wp-block-list\">\n<li>El Neurocortex <strong>no crea inteligencia<\/strong><\/li>\n\n\n\n<li>Amplifica solo lo que ya existe<\/li>\n\n\n\n<li>Sin entrenamiento \u2192 rendimiento marginal<\/li>\n\n\n\n<li>Con humano activante h\u00edbrido y pol\u00edmata \u2192 salto de escala<\/li>\n\n\n\n<li>La m\u00e9trica real no es IQ, sino <strong>capacidad cognitiva sist\u00e9mica<\/strong><\/li>\n\n\n\n<li>El sistema <strong>debe dise\u00f1arse con filtro humano incorporado<\/strong><\/li>\n<\/ol>\n\n\n\n<hr class=\"wp-block-separator has-alpha-channel-opacity\"\/>\n\n\n\n<h2 class=\"wp-block-heading\">S\u00edntesis en una frase (operativa)<\/h2>\n\n\n\n<blockquote class=\"wp-block-quote is-layout-flow wp-block-quote-is-layout-flow\">\n<p><strong>El Neurocortex Digital Externo es un multiplicador cognitivo; en sujetos no entrenados multiplica ruido, en humanos activantes h\u00edbridos multiplica civilizaci\u00f3n.<\/strong><\/p>\n<\/blockquote>\n\n\n\n<h1 class=\"wp-block-heading\">Programa de Entrenamiento Humano M\u00ednimo Viable<\/h1>\n\n\n\n<h2 class=\"wp-block-heading\">(PEHMV \u2013 Neurocortex Digital Externo)<\/h2>\n\n\n\n<hr class=\"wp-block-separator has-alpha-channel-opacity\"\/>\n\n\n\n<h2 class=\"wp-block-heading\">1. Objetivo del Programa<\/h2>\n\n\n\n<p>Garantizar que el sujeto humano alcance el <strong>umbral m\u00ednimo de competencia cognitiva<\/strong> necesario para:<\/p>\n\n\n\n<ul class=\"wp-block-list\">\n<li>Operar un sistema de coprocesamiento humano\u2013IA<\/li>\n\n\n\n<li>Formular problemas correctamente<\/li>\n\n\n\n<li>Integrar outputs de m\u00faltiples IAs<\/li>\n\n\n\n<li>Mantener control ejecutivo y criterio humano<\/li>\n\n\n\n<li>Evitar saturaci\u00f3n, dependencia o colapso cognitivo<\/li>\n<\/ul>\n\n\n\n<p>\ud83d\udc49 <strong>Sin este umbral, el Neurocortex no se activa.<\/strong><\/p>\n\n\n\n<hr class=\"wp-block-separator has-alpha-channel-opacity\"\/>\n\n\n\n<h2 class=\"wp-block-heading\">2. Principio rector (clave)<\/h2>\n\n\n\n<blockquote class=\"wp-block-quote is-layout-flow wp-block-quote-is-layout-flow\">\n<p><strong>El entrenamiento no busca aumentar \u201cinteligencia\u201d,<br>sino reducir entrop\u00eda cognitiva y aumentar capacidad de integraci\u00f3n.<\/strong><\/p>\n<\/blockquote>\n\n\n\n<hr class=\"wp-block-separator has-alpha-channel-opacity\"\/>\n\n\n\n<h2 class=\"wp-block-heading\">3. Perfil de salida del Humano Activante M\u00ednimo Viable<\/h2>\n\n\n\n<p>Al finalizar el PEHMV, el sujeto debe demostrar:<\/p>\n\n\n\n<ul class=\"wp-block-list\">\n<li>Metacognici\u00f3n consciente operativa<\/li>\n\n\n\n<li>Control atencional sostenido<\/li>\n\n\n\n<li>Capacidad de abstracci\u00f3n transversal<\/li>\n\n\n\n<li>Uso funcional de IA como copiloto (no como or\u00e1culo)<\/li>\n\n\n\n<li>Capacidad de aplicaci\u00f3n emp\u00edrica (cient\u00edfica, t\u00e9cnica o productiva)<\/li>\n<\/ul>\n\n\n\n<hr class=\"wp-block-separator has-alpha-channel-opacity\"\/>\n\n\n\n<h2 class=\"wp-block-heading\">4. Estructura del Programa (modular)<\/h2>\n\n\n\n<p>Duraci\u00f3n estimada total: <strong>6 a 9 meses<\/strong><br>Carga cognitiva progresiva, no intensiva.<\/p>\n\n\n\n<hr class=\"wp-block-separator has-alpha-channel-opacity\"\/>\n\n\n\n<h2 class=\"wp-block-heading\">M\u00d3DULO 1 \u2013 Estabilizaci\u00f3n Cognitiva y Atenci\u00f3n<\/h2>\n\n\n\n<p><strong>(Fundamento neurofuncional)<\/strong><\/p>\n\n\n\n<h3 class=\"wp-block-heading\">Objetivo<\/h3>\n\n\n\n<p>Desarrollar <strong>control consciente de la atenci\u00f3n<\/strong>, sin dependencia emocional ni estados alterados no funcionales.<\/p>\n\n\n\n<h3 class=\"wp-block-heading\">Contenidos<\/h3>\n\n\n\n<ul class=\"wp-block-list\">\n<li>Entrenamiento atencional sostenido<\/li>\n\n\n\n<li>Regulaci\u00f3n de foco y dispersi\u00f3n<\/li>\n\n\n\n<li>Desacople emoci\u00f3n \u2194 razonamiento<\/li>\n\n\n\n<li>Eliminaci\u00f3n de ruido cognitivo<\/li>\n<\/ul>\n\n\n\n<h3 class=\"wp-block-heading\">M\u00e9tricas<\/h3>\n\n\n\n<ul class=\"wp-block-list\">\n<li>Tiempo de foco continuo<\/li>\n\n\n\n<li>Reducci\u00f3n de interferencia emocional<\/li>\n\n\n\n<li>Consistencia de rendimiento cognitivo<\/li>\n<\/ul>\n\n\n\n<hr class=\"wp-block-separator has-alpha-channel-opacity\"\/>\n\n\n\n<h2 class=\"wp-block-heading\">M\u00d3DULO 2 \u2013 Metacognici\u00f3n y Autodiagn\u00f3stico Mental<\/h2>\n\n\n\n<p><strong>(Conciencia del propio proceso cognitivo)<\/strong><\/p>\n\n\n\n<h3 class=\"wp-block-heading\">Objetivo<\/h3>\n\n\n\n<p>Que el sujeto <strong>sepa c\u00f3mo piensa<\/strong>, cu\u00e1ndo se equivoca y por qu\u00e9.<\/p>\n\n\n\n<h3 class=\"wp-block-heading\">Contenidos<\/h3>\n\n\n\n<ul class=\"wp-block-list\">\n<li>Identificaci\u00f3n de sesgos<\/li>\n\n\n\n<li>Detecci\u00f3n de errores de razonamiento<\/li>\n\n\n\n<li>Monitoreo de carga cognitiva<\/li>\n\n\n\n<li>Autocorrecci\u00f3n consciente<\/li>\n<\/ul>\n\n\n\n<h3 class=\"wp-block-heading\">M\u00e9tricas<\/h3>\n\n\n\n<ul class=\"wp-block-list\">\n<li>Capacidad de explicar su propio proceso mental<\/li>\n\n\n\n<li>Detecci\u00f3n temprana de errores<\/li>\n\n\n\n<li>Correcci\u00f3n aut\u00f3noma sin ayuda externa<\/li>\n<\/ul>\n\n\n\n<hr class=\"wp-block-separator has-alpha-channel-opacity\"\/>\n\n\n\n<h2 class=\"wp-block-heading\">M\u00d3DULO 3 \u2013 Alfabetizaci\u00f3n Formal (m\u00ednima pero cr\u00edtica)<\/h2>\n\n\n\n<h3 class=\"wp-block-heading\">Objetivo<\/h3>\n\n\n\n<p>Dotar al sujeto de <strong>lenguajes comunes<\/strong> con la IA.<\/p>\n\n\n\n<h3 class=\"wp-block-heading\">Contenidos<\/h3>\n\n\n\n<ul class=\"wp-block-list\">\n<li>L\u00f3gica formal b\u00e1sica<\/li>\n\n\n\n<li>Pensamiento sist\u00e9mico<\/li>\n\n\n\n<li>Modelos causales<\/li>\n\n\n\n<li>Matem\u00e1tica conceptual (no c\u00e1lculo pesado)<\/li>\n<\/ul>\n\n\n\n<h3 class=\"wp-block-heading\">M\u00e9tricas<\/h3>\n\n\n\n<ul class=\"wp-block-list\">\n<li>Capacidad de formular problemas correctamente<\/li>\n\n\n\n<li>Claridad en definici\u00f3n de variables<\/li>\n\n\n\n<li>Coherencia estructural de razonamientos<\/li>\n<\/ul>\n\n\n\n<hr class=\"wp-block-separator has-alpha-channel-opacity\"\/>\n\n\n\n<h2 class=\"wp-block-heading\">M\u00d3DULO 4 \u2013 Polimat\u00eda Funcional<\/h2>\n\n\n\n<p><strong>(transferencia entre dominios)<\/strong><\/p>\n\n\n\n<h3 class=\"wp-block-heading\">Objetivo<\/h3>\n\n\n\n<p>Reducir la fragmentaci\u00f3n del conocimiento.<\/p>\n\n\n\n<h3 class=\"wp-block-heading\">Contenidos<\/h3>\n\n\n\n<ul class=\"wp-block-list\">\n<li>Principios comunes entre disciplinas<\/li>\n\n\n\n<li>Analog\u00eda estructural<\/li>\n\n\n\n<li>Transferencia de modelos<\/li>\n\n\n\n<li>Pensamiento interdisciplinario real<\/li>\n<\/ul>\n\n\n\n<h3 class=\"wp-block-heading\">M\u00e9tricas<\/h3>\n\n\n\n<ul class=\"wp-block-list\">\n<li>Capacidad de aplicar un modelo en otro dominio<\/li>\n\n\n\n<li>Generaci\u00f3n de soluciones no triviales<\/li>\n\n\n\n<li>Reducci\u00f3n de rigidez cognitiva<\/li>\n<\/ul>\n\n\n\n<hr class=\"wp-block-separator has-alpha-channel-opacity\"\/>\n\n\n\n<h2 class=\"wp-block-heading\">M\u00d3DULO 5 \u2013 Copiloto IA Consciente<\/h2>\n\n\n\n<p><strong>(interacci\u00f3n humano\u2013IA correcta)<\/strong><\/p>\n\n\n\n<h3 class=\"wp-block-heading\">Objetivo<\/h3>\n\n\n\n<p>Evitar el error m\u00e1s com\u00fan: <strong>delegar criterio en la IA<\/strong>.<\/p>\n\n\n\n<h3 class=\"wp-block-heading\">Contenidos<\/h3>\n\n\n\n<ul class=\"wp-block-list\">\n<li>Formulaci\u00f3n de prompts estructurales<\/li>\n\n\n\n<li>Evaluaci\u00f3n cr\u00edtica de outputs<\/li>\n\n\n\n<li>Iteraci\u00f3n humano\u2013IA<\/li>\n\n\n\n<li>Uso de IA como simulador, no decisor<\/li>\n<\/ul>\n\n\n\n<h3 class=\"wp-block-heading\">M\u00e9tricas<\/h3>\n\n\n\n<ul class=\"wp-block-list\">\n<li>Calidad de preguntas formuladas<\/li>\n\n\n\n<li>Capacidad de refinar respuestas<\/li>\n\n\n\n<li>Uso estrat\u00e9gico de m\u00faltiples IAs<\/li>\n<\/ul>\n\n\n\n<hr class=\"wp-block-separator has-alpha-channel-opacity\"\/>\n\n\n\n<h2 class=\"wp-block-heading\">M\u00d3DULO 6 \u2013 Integraci\u00f3n Neurocortex (pre-activaci\u00f3n)<\/h2>\n\n\n\n<h3 class=\"wp-block-heading\">Objetivo<\/h3>\n\n\n\n<p>Preparar el sistema cognitivo para el coprocesamiento asistido.<\/p>\n\n\n\n<h3 class=\"wp-block-heading\">Contenidos<\/h3>\n\n\n\n<ul class=\"wp-block-list\">\n<li>Simulaci\u00f3n de sobrecarga cognitiva<\/li>\n\n\n\n<li>Gesti\u00f3n de flujos de informaci\u00f3n<\/li>\n\n\n\n<li>Protocolos de seguridad mental<\/li>\n\n\n\n<li>Ensayos de feedback aumentado (AR\/visual)<\/li>\n<\/ul>\n\n\n\n<h3 class=\"wp-block-heading\">M\u00e9tricas<\/h3>\n\n\n\n<ul class=\"wp-block-list\">\n<li>Tolerancia a alta densidad informacional<\/li>\n\n\n\n<li>Mantenimiento de control ejecutivo<\/li>\n\n\n\n<li>Ausencia de dependencia o disociaci\u00f3n<\/li>\n<\/ul>\n\n\n\n<hr class=\"wp-block-separator has-alpha-channel-opacity\"\/>\n\n\n\n<h2 class=\"wp-block-heading\">5. Certificaci\u00f3n de Humano Activante M\u00ednimo Viable<\/h2>\n\n\n\n<p>La certificaci\u00f3n <strong>no es acad\u00e9mica<\/strong>, es <strong>operativa<\/strong>.<\/p>\n\n\n\n<h3 class=\"wp-block-heading\">Requisitos de certificaci\u00f3n:<\/h3>\n\n\n\n<ul class=\"wp-block-list\">\n<li>Superaci\u00f3n de m\u00e9tricas m\u00ednimas en todos los m\u00f3dulos<\/li>\n\n\n\n<li>Evaluaci\u00f3n pr\u00e1ctica final con IA real<\/li>\n\n\n\n<li>Demostraci\u00f3n de aplicaci\u00f3n emp\u00edrica<\/li>\n<\/ul>\n\n\n\n<p>\ud83d\udc49 <strong>Sin certificaci\u00f3n, no hay acceso al Neurocortex.<\/strong><\/p>\n\n\n\n<hr class=\"wp-block-separator has-alpha-channel-opacity\"\/>\n\n\n\n<h2 class=\"wp-block-heading\">6. Filtro natural del sistema (clave estrat\u00e9gica)<\/h2>\n\n\n\n<p>Este programa <strong>no es masivo por dise\u00f1o<\/strong>.<\/p>\n\n\n\n<p>El 70\u201380% de los aspirantes:<\/p>\n\n\n\n<ul class=\"wp-block-list\">\n<li>abandonan<\/li>\n\n\n\n<li>no completan<\/li>\n\n\n\n<li>no alcanzan m\u00e9tricas<\/li>\n<\/ul>\n\n\n\n<p>\ud83d\udc49 Eso <strong>no es un fallo<\/strong>,<br>\ud83d\udc49 es un <strong>mecanismo de seguridad<\/strong>.<\/p>\n\n\n\n<hr class=\"wp-block-separator has-alpha-channel-opacity\"\/>\n\n\n\n<h2 class=\"wp-block-heading\">7. Relaci\u00f3n con el rendimiento extremo (IQ funcional &gt; 10.000)<\/h2>\n\n\n\n<p>Solo cuando:<\/p>\n\n\n\n<ul class=\"wp-block-list\">\n<li>el humano est\u00e1 entrenado<\/li>\n\n\n\n<li>la IA opera en red planetaria<\/li>\n\n\n\n<li>el Neurocortex act\u00faa como orquestador<\/li>\n<\/ul>\n\n\n\n<p>se produce un <strong>salto de escala cognitiva<\/strong>, no medible por IQ cl\u00e1sico, sino por:<\/p>\n\n\n\n<ul class=\"wp-block-list\">\n<li>volumen de problemas manejados<\/li>\n\n\n\n<li>profundidad causal<\/li>\n\n\n\n<li>velocidad de s\u00edntesis<\/li>\n\n\n\n<li>impacto real en sistemas complejos<\/li>\n<\/ul>\n\n\n\n<hr class=\"wp-block-separator has-alpha-channel-opacity\"\/>\n\n\n\n<h2 class=\"wp-block-heading\">8. Conclusi\u00f3n t\u00e9cnica final<\/h2>\n\n\n\n<ol class=\"wp-block-list\">\n<li>El Neurocortex <strong>no se entrega sin entrenamiento<\/strong><\/li>\n\n\n\n<li>El entrenamiento <strong>no es opcional<\/strong><\/li>\n\n\n\n<li>El humano es el cuello de botella<\/li>\n\n\n\n<li>El programa filtra autom\u00e1ticamente<\/li>\n\n\n\n<li>Solo activantes certificados acceden<\/li>\n\n\n\n<li>El sistema prioriza <strong>salud, control y soberan\u00eda cognitiva<\/strong><\/li>\n<\/ol>\n\n\n\n<hr class=\"wp-block-separator has-alpha-channel-opacity\"\/>\n\n\n\n<h2 class=\"wp-block-heading\">S\u00edntesis operativa (una l\u00ednea)<\/h2>\n\n\n\n<blockquote class=\"wp-block-quote is-layout-flow wp-block-quote-is-layout-flow\">\n<p><strong>El Programa de Entrenamiento Humano M\u00ednimo Viable no forma genios: selecciona y prepara humanos capaces de sostener una interfaz cognitiva con inteligencia artificial a escala planetaria sin perder control, criterio ni salud mental.<\/strong><\/p>\n<\/blockquote>\n\n\n\n<h1 class=\"wp-block-heading\">Filtro de Acceso al Neurocortex Digital Externo<\/h1>\n\n\n\n<h2 class=\"wp-block-heading\">(FANDE \u2013 Cognitive Access Gate)<\/h2>\n\n\n\n<hr class=\"wp-block-separator has-alpha-channel-opacity\"\/>\n\n\n\n<h2 class=\"wp-block-heading\">1. Funci\u00f3n del filtro <\/h2>\n\n\n\n<p>El <strong>FANDE<\/strong> es el <strong>sistema de control de admisi\u00f3n<\/strong> que determina <strong>qui\u00e9n puede<\/strong> y <strong>qui\u00e9n no puede<\/strong> operar el Neurocortex Digital Externo sin generar:<\/p>\n\n\n\n<ul class=\"wp-block-list\">\n<li>colapso cognitivo<\/li>\n\n\n\n<li>dependencia patol\u00f3gica de IA<\/li>\n\n\n\n<li>degradaci\u00f3n del criterio humano<\/li>\n\n\n\n<li>riesgos cl\u00ednicos o \u00e9ticos<\/li>\n\n\n\n<li>externalidades sist\u00e9micas<\/li>\n<\/ul>\n\n\n\n<blockquote class=\"wp-block-quote is-layout-flow wp-block-quote-is-layout-flow\">\n<p><strong>El filtro protege al humano, al sistema y a la civilizaci\u00f3n.<\/strong><\/p>\n<\/blockquote>\n\n\n\n<hr class=\"wp-block-separator has-alpha-channel-opacity\"\/>\n\n\n\n<h2 class=\"wp-block-heading\">2. Principio rector<\/h2>\n\n\n\n<blockquote class=\"wp-block-quote is-layout-flow wp-block-quote-is-layout-flow\">\n<p><strong>El Neurocortex no se concede por m\u00e9rito social, acad\u00e9mico ni econ\u00f3mico,<br>sino por capacidad cognitiva demostrada bajo estr\u00e9s informacional.<\/strong><\/p>\n<\/blockquote>\n\n\n\n<hr class=\"wp-block-separator has-alpha-channel-opacity\"\/>\n\n\n\n<h2 class=\"wp-block-heading\">3. Arquitectura del Filtro (por capas)<\/h2>\n\n\n\n<p>El FANDE opera en <strong>5 capas secuenciales<\/strong>.<br><strong>Fallar una capa bloquea el acceso<\/strong>, sin excepci\u00f3n.<\/p>\n\n\n\n<hr class=\"wp-block-separator has-alpha-channel-opacity\"\/>\n\n\n\n<h2 class=\"wp-block-heading\">CAPA 0 \u2013 Elegibilidad b\u00e1sica <\/h2>\n\n\n\n<h3 class=\"wp-block-heading\">Objetivo<\/h3>\n\n\n\n<p>Excluir perfiles incompatibles <strong>antes<\/strong> de invertir recursos.<\/p>\n\n\n\n<h3 class=\"wp-block-heading\">Criterios de exclusi\u00f3n autom\u00e1tica<\/h3>\n\n\n\n<ul class=\"wp-block-list\">\n<li>Trastornos psiqui\u00e1tricos no estabilizados<\/li>\n\n\n\n<li>Adicci\u00f3n activa (sustancias o dependencia digital severa)<\/li>\n\n\n\n<li>Pensamiento m\u00e1gico no operacional<\/li>\n\n\n\n<li>Incapacidad de atenci\u00f3n sostenida b\u00e1sica<\/li>\n\n\n\n<li>B\u00fasqueda de poder, estatus o \u201ciluminaci\u00f3n\u201d personal<\/li>\n<\/ul>\n\n\n\n<p>\ud83d\udc49 <strong>Esta capa elimina al 40\u201350% inicial.<\/strong><\/p>\n\n\n\n<hr class=\"wp-block-separator has-alpha-channel-opacity\"\/>\n\n\n\n<h2 class=\"wp-block-heading\">CAPA 1 \u2013 Estabilidad cognitiva y emocional<\/h2>\n\n\n\n<h3 class=\"wp-block-heading\">Objetivo<\/h3>\n\n\n\n<p>Verificar que el sujeto <strong>no colapse<\/strong> ante incremento de carga cognitiva.<\/p>\n\n\n\n<h3 class=\"wp-block-heading\">Pruebas<\/h3>\n\n\n\n<ul class=\"wp-block-list\">\n<li>Tareas cognitivas prolongadas sin recompensa inmediata<\/li>\n\n\n\n<li>Resoluci\u00f3n de problemas bajo presi\u00f3n temporal<\/li>\n\n\n\n<li>Exposici\u00f3n a ambig\u00fcedad sin ansiedad desorganizante<\/li>\n<\/ul>\n\n\n\n<h3 class=\"wp-block-heading\">M\u00e9tricas<\/h3>\n\n\n\n<ul class=\"wp-block-list\">\n<li>Consistencia de rendimiento<\/li>\n\n\n\n<li>Regulaci\u00f3n emocional<\/li>\n\n\n\n<li>Ausencia de impulsividad decisional<\/li>\n<\/ul>\n\n\n\n<p>\u274c Si hay b\u00fasqueda compulsiva de dopamina \u2192 exclusi\u00f3n.<\/p>\n\n\n\n<hr class=\"wp-block-separator has-alpha-channel-opacity\"\/>\n\n\n\n<h2 class=\"wp-block-heading\">CAPA 2 \u2013 Metacognici\u00f3n real (no declarativa)<\/h2>\n\n\n\n<h3 class=\"wp-block-heading\">Objetivo<\/h3>\n\n\n\n<p>Detectar si el sujeto <strong>sabe c\u00f3mo piensa<\/strong>, no si cree que sabe.<\/p>\n\n\n\n<h3 class=\"wp-block-heading\">Pruebas<\/h3>\n\n\n\n<ul class=\"wp-block-list\">\n<li>Explicaci\u00f3n verbal y escrita del propio razonamiento<\/li>\n\n\n\n<li>Identificaci\u00f3n aut\u00f3noma de errores<\/li>\n\n\n\n<li>Correcci\u00f3n sin intervenci\u00f3n externa<\/li>\n<\/ul>\n\n\n\n<h3 class=\"wp-block-heading\">M\u00e9trica clave<\/h3>\n\n\n\n<blockquote class=\"wp-block-quote is-layout-flow wp-block-quote-is-layout-flow\">\n<p><strong>Capacidad de decir \u201cno s\u00e9\u201d sin colapsar ni improvisar.<\/strong><\/p>\n<\/blockquote>\n\n\n\n<p>\u274c El narcisismo cognitivo queda autom\u00e1ticamente excluido.<\/p>\n\n\n\n<hr class=\"wp-block-separator has-alpha-channel-opacity\"\/>\n\n\n\n<h2 class=\"wp-block-heading\">CAPA 3 \u2013 Interacci\u00f3n humano\u2013IA controlada<\/h2>\n\n\n\n<h3 class=\"wp-block-heading\">Objetivo<\/h3>\n\n\n\n<p>Evaluar si el sujeto <strong>usa IA como herramienta<\/strong>, no como autoridad.<\/p>\n\n\n\n<h3 class=\"wp-block-heading\">Pruebas<\/h3>\n\n\n\n<ul class=\"wp-block-list\">\n<li>Trabajo con m\u00faltiples IAs con outputs contradictorios<\/li>\n\n\n\n<li>Evaluaci\u00f3n cr\u00edtica de respuestas<\/li>\n\n\n\n<li>Reformulaci\u00f3n iterativa de preguntas<\/li>\n<\/ul>\n\n\n\n<h3 class=\"wp-block-heading\">M\u00e9tricas<\/h3>\n\n\n\n<ul class=\"wp-block-list\">\n<li>Calidad de prompts<\/li>\n\n\n\n<li>Capacidad de s\u00edntesis<\/li>\n\n\n\n<li>No delegaci\u00f3n del criterio<\/li>\n<\/ul>\n\n\n\n<p>\u274c Quien acepta outputs sin cuestionar \u2192 exclusi\u00f3n inmediata.<\/p>\n\n\n\n<hr class=\"wp-block-separator has-alpha-channel-opacity\"\/>\n\n\n\n<h2 class=\"wp-block-heading\">CAPA 4 \u2013 Simulaci\u00f3n de Neurocortex (stress test)<\/h2>\n\n\n\n<h3 class=\"wp-block-heading\">Objetivo<\/h3>\n\n\n\n<p>Recrear el efecto del Neurocortex <strong>sin activarlo<\/strong>.<\/p>\n\n\n\n<h3 class=\"wp-block-heading\">Pruebas<\/h3>\n\n\n\n<ul class=\"wp-block-list\">\n<li>Alta densidad informacional simult\u00e1nea<\/li>\n\n\n\n<li>Flujos paralelos de informaci\u00f3n<\/li>\n\n\n\n<li>Necesidad de priorizaci\u00f3n r\u00e1pida<\/li>\n<\/ul>\n\n\n\n<h3 class=\"wp-block-heading\">M\u00e9tricas<\/h3>\n\n\n\n<ul class=\"wp-block-list\">\n<li>Mantenimiento del control ejecutivo<\/li>\n\n\n\n<li>Capacidad de apagar canales<\/li>\n\n\n\n<li>No aparici\u00f3n de dependencia ni disociaci\u00f3n<\/li>\n<\/ul>\n\n\n\n<p>\ud83d\udc49 Esta es la capa donde <strong>cae la mayor\u00eda de los candidatos<\/strong>.<\/p>\n\n\n\n<hr class=\"wp-block-separator has-alpha-channel-opacity\"\/>\n\n\n\n<h2 class=\"wp-block-heading\">4. Resultado del Filtro (tres salidas posibles)<\/h2>\n\n\n\n<h3 class=\"wp-block-heading\">\ud83d\udfe2 Acceso concedido<\/h3>\n\n\n\n<p>\u2192 Ingreso al Programa de Activaci\u00f3n del Neurocortex<\/p>\n\n\n\n<h3 class=\"wp-block-heading\">\ud83d\udfe1 Acceso diferido<\/h3>\n\n\n\n<p>\u2192 Entrenamiento adicional obligatorio (PEHMV extendido)<\/p>\n\n\n\n<h3 class=\"wp-block-heading\">\ud83d\udd34 Acceso denegado<\/h3>\n\n\n\n<p>\u2192 Exclusi\u00f3n permanente o por tiempo prolongado<\/p>\n\n\n\n<p>\u2757 <strong>No existe apelaci\u00f3n emocional, pol\u00edtica ni econ\u00f3mica.<\/strong><\/p>\n\n\n\n<hr class=\"wp-block-separator has-alpha-channel-opacity\"\/>\n\n\n\n<h2 class=\"wp-block-heading\">5. Principios de seguridad incorporados<\/h2>\n\n\n\n<ul class=\"wp-block-list\">\n<li>\u274c No acceso masivo<\/li>\n\n\n\n<li>\u274c No acceso por presi\u00f3n externa<\/li>\n\n\n\n<li>\u274c No excepciones \u201cestrat\u00e9gicas\u201d<\/li>\n\n\n\n<li>\u274c No activaci\u00f3n sin certificaci\u00f3n<\/li>\n<\/ul>\n\n\n\n<p>El filtro <strong>no se flexibiliza con el tiempo<\/strong>.<br>Se <strong>endurece<\/strong>.<\/p>\n\n\n\n<hr class=\"wp-block-separator has-alpha-channel-opacity\"\/>\n\n\n\n<h2 class=\"wp-block-heading\">6. Dise\u00f1o antifuga y anticorrupci\u00f3n<\/h2>\n\n\n\n<ul class=\"wp-block-list\">\n<li>Evaluaciones ciegas (sin nombre, estatus ni antecedentes visibles)<\/li>\n\n\n\n<li>Pruebas generativas (no memorizables)<\/li>\n\n\n\n<li>Variabilidad din\u00e1mica de test<\/li>\n\n\n\n<li>Auditor\u00eda cruzada humano + IA<\/li>\n<\/ul>\n\n\n\n<p>\ud83d\udc49 <strong>No puede \u201chackearse\u201d con preparaci\u00f3n superficial.<\/strong><\/p>\n\n\n\n<hr class=\"wp-block-separator has-alpha-channel-opacity\"\/>\n\n\n\n<h2 class=\"wp-block-heading\">7. Relaci\u00f3n directa con rendimiento extremo<\/h2>\n\n\n\n<p>Solo los sujetos que superan el FANDE:<\/p>\n\n\n\n<ul class=\"wp-block-list\">\n<li>pueden sostener coprocesamiento humano\u2013IA<\/li>\n\n\n\n<li>pueden escalar con la red planetaria de IAs<\/li>\n\n\n\n<li>pueden operar con Neurocortex sin da\u00f1o<\/li>\n<\/ul>\n\n\n\n<p>Por definici\u00f3n, son los \u00fanicos capaces de alcanzar <strong>rendimiento cognitivo sist\u00e9mico equivalente a \u00f3rdenes de magnitud superiores al humano hist\u00f3rico<\/strong>.<\/p>\n\n\n\n<hr class=\"wp-block-separator has-alpha-channel-opacity\"\/>\n\n\n\n<h2 class=\"wp-block-heading\">8. S\u00edntesis operativa (una l\u00ednea)<\/h2>\n\n\n\n<blockquote class=\"wp-block-quote is-layout-flow wp-block-quote-is-layout-flow\">\n<p><strong>El Filtro de Acceso al Neurocortex no selecciona a los m\u00e1s brillantes, selecciona a los m\u00e1s estables, conscientes y capaces de sostener inteligencia amplificada sin perder soberan\u00eda mental.<\/strong><\/p>\n<\/blockquote>\n\n\n\n<h1 class=\"wp-block-heading\">Marco \u00c9tico-Legal de Exclusi\u00f3n<\/h1>\n\n\n\n<h2 class=\"wp-block-heading\">Neurocortex Digital Externo (MELE-NDE)<\/h2>\n\n\n\n<hr class=\"wp-block-separator has-alpha-channel-opacity\"\/>\n\n\n\n<h2 class=\"wp-block-heading\">1. Principio fundacional<\/h2>\n\n\n\n<blockquote class=\"wp-block-quote is-layout-flow wp-block-quote-is-layout-flow\">\n<p><strong>El acceso al Neurocortex Digital Externo no constituye un derecho humano universal,<br>sino una habilitaci\u00f3n t\u00e9cnica condicionada al cumplimiento de requisitos de seguridad, competencia y salud cognitiva.<\/strong><\/p>\n<\/blockquote>\n\n\n\n<p>Este principio es esencial para evitar:<\/p>\n\n\n\n<ul class=\"wp-block-list\">\n<li>discriminaci\u00f3n mal planteada<\/li>\n\n\n\n<li>litigios improcedentes<\/li>\n\n\n\n<li>presiones pol\u00edticas<\/li>\n\n\n\n<li>uso indebido del sistema<\/li>\n<\/ul>\n\n\n\n<hr class=\"wp-block-separator has-alpha-channel-opacity\"\/>\n\n\n\n<h2 class=\"wp-block-heading\">2. Naturaleza jur\u00eddica del Neurocortex<\/h2>\n\n\n\n<p>El Neurocortex Digital Externo se define legalmente como:<\/p>\n\n\n\n<blockquote class=\"wp-block-quote is-layout-flow wp-block-quote-is-layout-flow\">\n<p><strong>Infraestructura cognitiva de alto riesgo<\/strong>, sujeta a<br><strong>licenciamiento, habilitaci\u00f3n personal y control continuo<\/strong>,<br>similar \u2014pero m\u00e1s estricta\u2014 a:<\/p>\n\n\n\n<ul class=\"wp-block-list\">\n<li>aeronaves<\/li>\n\n\n\n<li>centrales nucleares<\/li>\n\n\n\n<li>sistemas militares avanzados<\/li>\n\n\n\n<li>tecnolog\u00edas m\u00e9dicas cr\u00edticas<\/li>\n<\/ul>\n<\/blockquote>\n\n\n\n<p>Por lo tanto:<\/p>\n\n\n\n<ul class=\"wp-block-list\">\n<li>\u274c no es un bien de consumo<\/li>\n\n\n\n<li>\u274c no es un dispositivo recreativo<\/li>\n\n\n\n<li>\u274c no es un derecho adquirido<\/li>\n<\/ul>\n\n\n\n<hr class=\"wp-block-separator has-alpha-channel-opacity\"\/>\n\n\n\n<h2 class=\"wp-block-heading\">3. Principios \u00e9ticos rectores del r\u00e9gimen de exclusi\u00f3n<\/h2>\n\n\n\n<p>El MELE-NDE se rige por seis principios no negociables:<\/p>\n\n\n\n<h3 class=\"wp-block-heading\">3.1 Principio de No-Da\u00f1o<\/h3>\n\n\n\n<p>No se habilita a ning\u00fan sujeto cuyo perfil implique riesgo:<\/p>\n\n\n\n<ul class=\"wp-block-list\">\n<li>para s\u00ed mismo<\/li>\n\n\n\n<li>para terceros<\/li>\n\n\n\n<li>para el sistema cognitivo colectivo<\/li>\n<\/ul>\n\n\n\n<hr class=\"wp-block-separator has-alpha-channel-opacity\"\/>\n\n\n\n<h3 class=\"wp-block-heading\">3.2 Principio de Competencia Demostrada<\/h3>\n\n\n\n<p>El acceso depende <strong>exclusivamente<\/strong> de:<\/p>\n\n\n\n<ul class=\"wp-block-list\">\n<li>capacidades verificadas<\/li>\n\n\n\n<li>m\u00e9tricas objetivas<\/li>\n\n\n\n<li>desempe\u00f1o bajo condiciones controladas<\/li>\n<\/ul>\n\n\n\n<p>Nunca de:<\/p>\n\n\n\n<ul class=\"wp-block-list\">\n<li>estatus social<\/li>\n\n\n\n<li>t\u00edtulos acad\u00e9micos<\/li>\n\n\n\n<li>poder econ\u00f3mico<\/li>\n\n\n\n<li>influencia pol\u00edtica<\/li>\n<\/ul>\n\n\n\n<hr class=\"wp-block-separator has-alpha-channel-opacity\"\/>\n\n\n\n<h3 class=\"wp-block-heading\">3.3 Principio de Autonom\u00eda Cognitiva<\/h3>\n\n\n\n<p>Se excluye a todo sujeto que:<\/p>\n\n\n\n<ul class=\"wp-block-list\">\n<li>delegue criterio en la IA<\/li>\n\n\n\n<li>busque autoridad externa para decidir<\/li>\n\n\n\n<li>manifieste dependencia cognitiva<\/li>\n<\/ul>\n\n\n\n<hr class=\"wp-block-separator has-alpha-channel-opacity\"\/>\n\n\n\n<h3 class=\"wp-block-heading\">3.4 Principio de Proporcionalidad<\/h3>\n\n\n\n<p>La exclusi\u00f3n:<\/p>\n\n\n\n<ul class=\"wp-block-list\">\n<li>es <strong>proporcional al riesgo<\/strong><\/li>\n\n\n\n<li>puede ser <strong>temporal o permanente<\/strong><\/li>\n\n\n\n<li>se revisa solo bajo condiciones t\u00e9cnicas, no emocionales<\/li>\n<\/ul>\n\n\n\n<hr class=\"wp-block-separator has-alpha-channel-opacity\"\/>\n\n\n\n<h3 class=\"wp-block-heading\">3.5 Principio de Reversibilidad<\/h3>\n\n\n\n<p>Toda exclusi\u00f3n:<\/p>\n\n\n\n<ul class=\"wp-block-list\">\n<li>no implica estigmatizaci\u00f3n<\/li>\n\n\n\n<li>no afecta derechos civiles<\/li>\n\n\n\n<li>no limita acceso a educaci\u00f3n, trabajo o salud<\/li>\n<\/ul>\n\n\n\n<p>Es una <strong>exclusi\u00f3n t\u00e9cnica<\/strong>, no social.<\/p>\n\n\n\n<hr class=\"wp-block-separator has-alpha-channel-opacity\"\/>\n\n\n\n<h3 class=\"wp-block-heading\">3.6 Principio de Soberan\u00eda Humana<\/h3>\n\n\n\n<p>El Neurocortex existe para <strong>servir al humano<\/strong>,<br>no para redefinir qui\u00e9n es humano.<\/p>\n\n\n\n<p>Este principio bloquea:<\/p>\n\n\n\n<ul class=\"wp-block-list\">\n<li>eugenesia<\/li>\n\n\n\n<li>elitismo biol\u00f3gico<\/li>\n\n\n\n<li>castas cognitivas<\/li>\n<\/ul>\n\n\n\n<hr class=\"wp-block-separator has-alpha-channel-opacity\"\/>\n\n\n\n<h2 class=\"wp-block-heading\">4. Causales \u00c9tico-Legales de Exclusi\u00f3n<\/h2>\n\n\n\n<h3 class=\"wp-block-heading\">4.1 Exclusi\u00f3n autom\u00e1tica (no apelable)<\/h3>\n\n\n\n<p>Se excluye de forma inmediata a sujetos que presenten:<\/p>\n\n\n\n<ul class=\"wp-block-list\">\n<li>Trastornos psiqui\u00e1tricos activos no estabilizados<\/li>\n\n\n\n<li>Conductas adictivas activas<\/li>\n\n\n\n<li>Delirios de grandeza, misi\u00f3n o destino personal<\/li>\n\n\n\n<li>Pensamiento m\u00e1gico no operacional<\/li>\n\n\n\n<li>B\u00fasqueda expl\u00edcita de poder, dominaci\u00f3n o superioridad<\/li>\n<\/ul>\n\n\n\n<p>\ud83d\udc49 Justificaci\u00f3n: <strong>riesgo sist\u00e9mico alto<\/strong>.<\/p>\n\n\n\n<hr class=\"wp-block-separator has-alpha-channel-opacity\"\/>\n\n\n\n<h3 class=\"wp-block-heading\">4.2 Exclusi\u00f3n t\u00e9cnica (apelable por reentrenamiento)<\/h3>\n\n\n\n<ul class=\"wp-block-list\">\n<li>Incapacidad de sostener carga cognitiva<\/li>\n\n\n\n<li>Falta de metacognici\u00f3n funcional<\/li>\n\n\n\n<li>Incapacidad de uso cr\u00edtico de IA<\/li>\n\n\n\n<li>Saturaci\u00f3n o disociaci\u00f3n bajo stress informacional<\/li>\n<\/ul>\n\n\n\n<p>\ud83d\udc49 Requiere <strong>programa de reentrenamiento<\/strong>, no apelaci\u00f3n legal.<\/p>\n\n\n\n<hr class=\"wp-block-separator has-alpha-channel-opacity\"\/>\n\n\n\n<h3 class=\"wp-block-heading\">4.3 Exclusi\u00f3n \u00e9tica (permanente)<\/h3>\n\n\n\n<ul class=\"wp-block-list\">\n<li>Uso instrumental de la IA para manipulaci\u00f3n humana<\/li>\n\n\n\n<li>Intenci\u00f3n de militarizaci\u00f3n cognitiva individual<\/li>\n\n\n\n<li>Violaci\u00f3n de protocolos de seguridad mental<\/li>\n\n\n\n<li>Intentos de bypass del filtro<\/li>\n<\/ul>\n\n\n\n<p>\ud83d\udc49 Exclusi\u00f3n definitiva + bloqueo de acceso futuro.<\/p>\n\n\n\n<hr class=\"wp-block-separator has-alpha-channel-opacity\"\/>\n\n\n\n<h2 class=\"wp-block-heading\">5. Procedimiento de Exclusi\u00f3n (Due Process T\u00e9cnico)<\/h2>\n\n\n\n<p>Para garantizar legalidad y evitar arbitrariedad:<\/p>\n\n\n\n<ol class=\"wp-block-list\">\n<li>Evaluaci\u00f3n ciega (sin identidad visible)<\/li>\n\n\n\n<li>Registro t\u00e9cnico de m\u00e9tricas<\/li>\n\n\n\n<li>Dictamen cruzado humano + IA auditora<\/li>\n\n\n\n<li>Clasificaci\u00f3n de exclusi\u00f3n (temporal \/ permanente)<\/li>\n\n\n\n<li>Comunicaci\u00f3n t\u00e9cnica no estigmatizante<\/li>\n<\/ol>\n\n\n\n<p>\u2757 <strong>No existe derecho a activaci\u00f3n.<br>Solo derecho a evaluaci\u00f3n justa.<\/strong><\/p>\n\n\n\n<hr class=\"wp-block-separator has-alpha-channel-opacity\"\/>\n\n\n\n<h2 class=\"wp-block-heading\">6. Protecci\u00f3n legal frente a litigios<\/h2>\n\n\n\n<p>El marco establece expl\u00edcitamente:<\/p>\n\n\n\n<ul class=\"wp-block-list\">\n<li>El Neurocortex es <strong>opcional y experimental<\/strong><\/li>\n\n\n\n<li>El acceso es <strong>condicionado y revocable<\/strong><\/li>\n\n\n\n<li>No existe da\u00f1o por no-acceso<\/li>\n\n\n\n<li>No existe discriminaci\u00f3n, ya que:\n<ul class=\"wp-block-list\">\n<li>no se basa en atributos personales protegidos<\/li>\n\n\n\n<li>se basa en desempe\u00f1o t\u00e9cnico<\/li>\n<\/ul>\n<\/li>\n<\/ul>\n\n\n\n<p>Esto blinda al sistema frente a:<\/p>\n\n\n\n<ul class=\"wp-block-list\">\n<li>demandas por exclusi\u00f3n<\/li>\n\n\n\n<li>reclamos de igualdad mal entendida<\/li>\n\n\n\n<li>presiones pol\u00edticas o medi\u00e1ticas<\/li>\n<\/ul>\n\n\n\n<hr class=\"wp-block-separator has-alpha-channel-opacity\"\/>\n\n\n\n<h2 class=\"wp-block-heading\">7. Gobernanza del r\u00e9gimen de exclusi\u00f3n<\/h2>\n\n\n\n<p>El MELE-NDE es supervisado por:<\/p>\n\n\n\n<ul class=\"wp-block-list\">\n<li>Comit\u00e9 bio\u00e9tico independiente<\/li>\n\n\n\n<li>Comit\u00e9 t\u00e9cnico-cient\u00edfico<\/li>\n\n\n\n<li>Auditor\u00eda de IA explicable<\/li>\n\n\n\n<li>Observador legal externo<\/li>\n<\/ul>\n\n\n\n<p>\ud83d\udc49 <strong>Ning\u00fan individuo decide solo.<\/strong><\/p>\n\n\n\n<hr class=\"wp-block-separator has-alpha-channel-opacity\"\/>\n\n\n\n<h2 class=\"wp-block-heading\">8. Declaraci\u00f3n final (cl\u00e1usula marco)<\/h2>\n\n\n\n<blockquote class=\"wp-block-quote is-layout-flow wp-block-quote-is-layout-flow\">\n<p><strong>La exclusi\u00f3n del Neurocortex Digital Externo no implica inferioridad, castigo ni limitaci\u00f3n de derechos.<br>Implica \u00fanicamente que, en el estado actual del sujeto y de la tecnolog\u00eda, la activaci\u00f3n supondr\u00eda un riesgo \u00e9tico, cognitivo o sist\u00e9mico inaceptable.<\/strong><\/p>\n<\/blockquote>\n\n\n\n<hr class=\"wp-block-separator has-alpha-channel-opacity\"\/>\n\n\n\n<h2 class=\"wp-block-heading\">S\u00edntesis operativa (una l\u00ednea)<\/h2>\n\n\n\n<blockquote class=\"wp-block-quote is-layout-flow wp-block-quote-is-layout-flow\">\n<p><strong>El marco \u00e9tico-legal de exclusi\u00f3n protege al humano, al sistema y a la sociedad, garantizando que ninguna forma de inteligencia amplificada sea activada sin estabilidad, competencia y soberan\u00eda cognitiva demostradas.<\/strong><\/p>\n<\/blockquote>\n\n\n\n<h1 class=\"wp-block-heading\">Neurocortex Digital Externo<\/h1>\n\n\n\n<h2 class=\"wp-block-heading\">Sistema Integral de Activaci\u00f3n, Acceso y Gobernanza Cognitiva<\/h2>\n\n\n\n<p><strong>(Mix Completo T\u00e9cnico\u2013\u00c9tico\u2013Legal\u2013Operativo)<\/strong><\/p>\n\n\n\n<hr class=\"wp-block-separator has-alpha-channel-opacity\"\/>\n\n\n\n<h2 class=\"wp-block-heading\">1. Definici\u00f3n Sist\u00e9mica Unificada<\/h2>\n\n\n\n<p>El <strong>Neurocortex Digital Externo (NDE)<\/strong> es una <strong>infraestructura cognitiva externa no invasiva<\/strong>, materializada inicialmente como <strong>hardware acoplable en forma craneal<\/strong>, cuya funci\u00f3n es actuar como <strong>puente de coprocesamiento<\/strong> entre:<\/p>\n\n\n\n<ul class=\"wp-block-list\">\n<li>la mente humana biol\u00f3gica entrenada<\/li>\n\n\n\n<li>y el ecosistema planetario de inteligencias artificiales (IA \/ futura IAG)<\/li>\n<\/ul>\n\n\n\n<p>El NDE <strong>no aumenta inteligencia per se<\/strong>:<br>\ud83d\udc49 <strong>amplifica, organiza y orquesta<\/strong> capacidades cognitivas humanas <strong>solo cuando existe entrenamiento previo adecuado<\/strong>.<\/p>\n\n\n\n<hr class=\"wp-block-separator has-alpha-channel-opacity\"\/>\n\n\n\n<h2 class=\"wp-block-heading\">2. Principio Fundamental del Sistema<\/h2>\n\n\n\n<blockquote class=\"wp-block-quote is-layout-flow wp-block-quote-is-layout-flow\">\n<p><strong>El rendimiento del Neurocortex est\u00e1 limitado por el humano.<br>Sin humano activante entrenado, el sistema no produce valor.<\/strong><\/p>\n<\/blockquote>\n\n\n\n<p>Este principio gobierna <strong>todo el dise\u00f1o<\/strong>, desde el hardware hasta el marco legal.<\/p>\n\n\n\n<hr class=\"wp-block-separator has-alpha-channel-opacity\"\/>\n\n\n\n<h2 class=\"wp-block-heading\">3. Arquitectura Funcional del Sistema (visi\u00f3n global)<\/h2>\n\n\n\n<p>El sistema completo se compone de <strong>cuatro capas inseparables<\/strong>:<\/p>\n\n\n\n<ol class=\"wp-block-list\">\n<li><strong>Infraestructura Neurocortex (hardware + software)<\/strong><\/li>\n\n\n\n<li><strong>Programa de Entrenamiento Humano M\u00ednimo Viable (PEHMV)<\/strong><\/li>\n\n\n\n<li><strong>Filtro de Acceso al Neurocortex (FANDE)<\/strong><\/li>\n\n\n\n<li><strong>Marco \u00c9tico-Legal de Exclusi\u00f3n (MELE-NDE)<\/strong><\/li>\n<\/ol>\n\n\n\n<p>\ud83d\udc49 <strong>Ninguna capa funciona sin las otras.<\/strong><\/p>\n\n\n\n<hr class=\"wp-block-separator has-alpha-channel-opacity\"\/>\n\n\n\n<h2 class=\"wp-block-heading\">4. Infraestructura Neurocortex (s\u00edntesis t\u00e9cnica)<\/h2>\n\n\n\n<h3 class=\"wp-block-heading\">4.1 Hardware<\/h3>\n\n\n\n<ul class=\"wp-block-list\">\n<li>Dispositivo craneal no invasivo<\/li>\n\n\n\n<li>Formas variables: casco, diadema, wearable tipo EEG avanzado<\/li>\n\n\n\n<li>Miniaturizable y evolutivo<\/li>\n\n\n\n<li>Procesamiento local de baja latencia<\/li>\n<\/ul>\n\n\n\n<h3 class=\"wp-block-heading\">4.2 Funci\u00f3n<\/h3>\n\n\n\n<ul class=\"wp-block-list\">\n<li>Captura neuroel\u00e9ctrica<\/li>\n\n\n\n<li>Traducci\u00f3n intenci\u00f3n mental \u2194 lenguaje computacional<\/li>\n\n\n\n<li>Orquestaci\u00f3n de m\u00faltiples IAs en red<\/li>\n\n\n\n<li>Biofeedback y protecci\u00f3n cognitiva<\/li>\n<\/ul>\n\n\n\n<h3 class=\"wp-block-heading\">4.3 Modalidades evolutivas<\/h3>\n\n\n\n<ol class=\"wp-block-list\">\n<li>Interacci\u00f3n por comandos mentales + AR (fase actual)<\/li>\n\n\n\n<li>Coprocesamiento cognitivo asistido<\/li>\n\n\n\n<li>Coprocesamiento intersin\u00e1ptico indirecto<\/li>\n\n\n\n<li>Coprocesamiento intersin\u00e1ptico directo (futuro, altamente restringido)<\/li>\n<\/ol>\n\n\n\n<hr class=\"wp-block-separator has-alpha-channel-opacity\"\/>\n\n\n\n<h2 class=\"wp-block-heading\">5. Programa de Entrenamiento Humano M\u00ednimo Viable (PEHMV)<\/h2>\n\n\n\n<h3 class=\"wp-block-heading\">5.1 Objetivo<\/h3>\n\n\n\n<p>Reducir entrop\u00eda cognitiva y habilitar <strong>capacidad de integraci\u00f3n humano-IA<\/strong> sin colapso ni dependencia.<\/p>\n\n\n\n<h3 class=\"wp-block-heading\">5.2 Duraci\u00f3n<\/h3>\n\n\n\n<p>6\u20139 meses (m\u00ednimo), modular, progresivo.<\/p>\n\n\n\n<h3 class=\"wp-block-heading\">5.3 M\u00f3dulos obligatorios<\/h3>\n\n\n\n<ol class=\"wp-block-list\">\n<li>Estabilizaci\u00f3n atencional<\/li>\n\n\n\n<li>Metacognici\u00f3n funcional<\/li>\n\n\n\n<li>Alfabetizaci\u00f3n formal (l\u00f3gica, sistemas, abstracci\u00f3n)<\/li>\n\n\n\n<li>Polimat\u00eda funcional (transferencia de modelos)<\/li>\n\n\n\n<li>Uso consciente de IA (copiloto, no or\u00e1culo)<\/li>\n\n\n\n<li>Pre-integraci\u00f3n Neurocortex (simulaci\u00f3n de carga extrema)<\/li>\n<\/ol>\n\n\n\n<h3 class=\"wp-block-heading\">5.4 Resultado<\/h3>\n\n\n\n<p>Certificaci\u00f3n de <strong>Humano Activante M\u00ednimo Viable<\/strong>.<br>Sin certificaci\u00f3n \u2192 <strong>no hay acceso<\/strong>.<\/p>\n\n\n\n<hr class=\"wp-block-separator has-alpha-channel-opacity\"\/>\n\n\n\n<h2 class=\"wp-block-heading\">6. Filtro de Acceso al Neurocortex (FANDE)<\/h2>\n\n\n\n<h3 class=\"wp-block-heading\">6.1 Naturaleza<\/h3>\n\n\n\n<p>Sistema de <strong>control de admisi\u00f3n cognitiva<\/strong>, no psicol\u00f3gico ni social.<\/p>\n\n\n\n<h3 class=\"wp-block-heading\">6.2 Capas del filtro<\/h3>\n\n\n\n<ul class=\"wp-block-list\">\n<li><strong>Capa 0<\/strong>: exclusi\u00f3n b\u00e1sica (salud mental, adicciones, pensamiento m\u00e1gico)<\/li>\n\n\n\n<li><strong>Capa 1<\/strong>: estabilidad cognitiva bajo estr\u00e9s<\/li>\n\n\n\n<li><strong>Capa 2<\/strong>: metacognici\u00f3n real<\/li>\n\n\n\n<li><strong>Capa 3<\/strong>: interacci\u00f3n humano-IA cr\u00edtica<\/li>\n\n\n\n<li><strong>Capa 4<\/strong>: stress test tipo Neurocortex simulado<\/li>\n<\/ul>\n\n\n\n<h3 class=\"wp-block-heading\">6.3 Resultados posibles<\/h3>\n\n\n\n<ul class=\"wp-block-list\">\n<li>\ud83d\udfe2 Acceso concedido<\/li>\n\n\n\n<li>\ud83d\udfe1 Acceso diferido (reentrenamiento obligatorio)<\/li>\n\n\n\n<li>\ud83d\udd34 Acceso denegado (temporal o permanente)<\/li>\n<\/ul>\n\n\n\n<p>\ud83d\udc49 <strong>No existe acceso por estatus, dinero o poder.<\/strong><\/p>\n\n\n\n<hr class=\"wp-block-separator has-alpha-channel-opacity\"\/>\n\n\n\n<h2 class=\"wp-block-heading\">7. Marco \u00c9tico-Legal de Exclusi\u00f3n (MELE-NDE)<\/h2>\n\n\n\n<h3 class=\"wp-block-heading\">7.1 Naturaleza jur\u00eddica<\/h3>\n\n\n\n<p>El Neurocortex se define como:<\/p>\n\n\n\n<blockquote class=\"wp-block-quote is-layout-flow wp-block-quote-is-layout-flow\">\n<p><strong>Infraestructura cognitiva de alto riesgo<\/strong>, sujeta a habilitaci\u00f3n personal, revocable y auditada.<\/p>\n<\/blockquote>\n\n\n\n<p>No es:<\/p>\n\n\n\n<ul class=\"wp-block-list\">\n<li>bien de consumo<\/li>\n\n\n\n<li>derecho humano universal<\/li>\n\n\n\n<li>tecnolog\u00eda recreativa<\/li>\n<\/ul>\n\n\n\n<hr class=\"wp-block-separator has-alpha-channel-opacity\"\/>\n\n\n\n<h3 class=\"wp-block-heading\">7.2 Principios \u00e9ticos rectores<\/h3>\n\n\n\n<ol class=\"wp-block-list\">\n<li>No-da\u00f1o<\/li>\n\n\n\n<li>Competencia demostrada<\/li>\n\n\n\n<li>Autonom\u00eda cognitiva<\/li>\n\n\n\n<li>Proporcionalidad<\/li>\n\n\n\n<li>Reversibilidad<\/li>\n\n\n\n<li>Soberan\u00eda humana<\/li>\n<\/ol>\n\n\n\n<hr class=\"wp-block-separator has-alpha-channel-opacity\"\/>\n\n\n\n<h3 class=\"wp-block-heading\">7.3 Causales de exclusi\u00f3n<\/h3>\n\n\n\n<p><strong>Autom\u00e1tica (no apelable):<\/strong><\/p>\n\n\n\n<ul class=\"wp-block-list\">\n<li>Trastornos psiqui\u00e1tricos activos<\/li>\n\n\n\n<li>Adicciones<\/li>\n\n\n\n<li>Delirio de misi\u00f3n, grandeza o poder<\/li>\n\n\n\n<li>Pensamiento m\u00e1gico no operacional<\/li>\n<\/ul>\n\n\n\n<p><strong>T\u00e9cnica (reentrenable):<\/strong><\/p>\n\n\n\n<ul class=\"wp-block-list\">\n<li>Saturaci\u00f3n cognitiva<\/li>\n\n\n\n<li>Falta de metacognici\u00f3n<\/li>\n\n\n\n<li>Uso pasivo de IA<\/li>\n<\/ul>\n\n\n\n<p><strong>\u00c9tica (permanente):<\/strong><\/p>\n\n\n\n<ul class=\"wp-block-list\">\n<li>Manipulaci\u00f3n humana<\/li>\n\n\n\n<li>Militarizaci\u00f3n cognitiva individual<\/li>\n\n\n\n<li>Bypass de seguridad<\/li>\n\n\n\n<li>Violaci\u00f3n de protocolos<\/li>\n<\/ul>\n\n\n\n<hr class=\"wp-block-separator has-alpha-channel-opacity\"\/>\n\n\n\n<h3 class=\"wp-block-heading\">7.4 Garant\u00edas legales<\/h3>\n\n\n\n<ul class=\"wp-block-list\">\n<li>Exclusi\u00f3n t\u00e9cnica \u2260 exclusi\u00f3n social<\/li>\n\n\n\n<li>No afecta derechos civiles<\/li>\n\n\n\n<li>No genera estigmatizaci\u00f3n<\/li>\n\n\n\n<li>Derecho a evaluaci\u00f3n justa, no a activaci\u00f3n<\/li>\n<\/ul>\n\n\n\n<hr class=\"wp-block-separator has-alpha-channel-opacity\"\/>\n\n\n\n<h2 class=\"wp-block-heading\">8. Rendimiento M\u00e1ximo del Sistema <\/h2>\n\n\n\n<ul class=\"wp-block-list\">\n<li>El IQ cl\u00e1sico <strong>no aplica<\/strong><\/li>\n\n\n\n<li>La m\u00e9trica real es <strong>capacidad cognitiva sist\u00e9mica<\/strong>:\n<ul class=\"wp-block-list\">\n<li>volumen de problemas manejables<\/li>\n\n\n\n<li>complejidad simult\u00e1nea<\/li>\n\n\n\n<li>velocidad de s\u00edntesis<\/li>\n\n\n\n<li>profundidad causal<\/li>\n<\/ul>\n<\/li>\n<\/ul>\n\n\n\n<p>En un escenario de:<\/p>\n\n\n\n<ul class=\"wp-block-list\">\n<li>humano activante entrenado<\/li>\n\n\n\n<li>Neurocortex operativo<\/li>\n\n\n\n<li>red planetaria de IAs interconectadas<\/li>\n<\/ul>\n\n\n\n<p>\ud83d\udc49 el rendimiento funcional combinado <strong>supera en \u00f3rdenes de magnitud<\/strong> cualquier capacidad humana hist\u00f3rica (referencialmente expresado como \u201c&gt;10.000 IQ\u201d, <strong>no literal<\/strong>).<\/p>\n\n\n\n<hr class=\"wp-block-separator has-alpha-channel-opacity\"\/>\n\n\n\n<h2 class=\"wp-block-heading\">9. Gobernanza del Sistema<\/h2>\n\n\n\n<ul class=\"wp-block-list\">\n<li>Comit\u00e9 t\u00e9cnico-cient\u00edfico<\/li>\n\n\n\n<li>Comit\u00e9 bio\u00e9tico independiente<\/li>\n\n\n\n<li>Auditor\u00eda cruzada humano + IA<\/li>\n\n\n\n<li>Observador legal externo<\/li>\n<\/ul>\n\n\n\n<p>\ud83d\udc49 <strong>Ning\u00fan individuo controla el sistema solo.<\/strong><\/p>\n\n\n\n<hr class=\"wp-block-separator has-alpha-channel-opacity\"\/>\n\n\n\n<h2 class=\"wp-block-heading\">10. S\u00edntesis Final (definitiva)<\/h2>\n\n\n\n<blockquote class=\"wp-block-quote is-layout-flow wp-block-quote-is-layout-flow\">\n<p><strong>El Neurocortex Digital Externo no es una tecnolog\u00eda de aumento humano, sino una infraestructura de adaptaci\u00f3n cognitiva a la era de la inteligencia artificial general.<br>Su activaci\u00f3n exige entrenamiento, estabilidad, criterio y soberan\u00eda mental.<br>El sistema no busca masividad, busca viabilidad civilizatoria.<\/strong><\/p>\n<\/blockquote>\n\n\n\n<hr class=\"wp-block-separator has-alpha-channel-opacity\"\/>\n\n\n\n<h2 class=\"wp-block-heading\">Frase de cierre <\/h2>\n\n\n\n<blockquote class=\"wp-block-quote is-layout-flow wp-block-quote-is-layout-flow\">\n<p><strong>Sin entrenamiento, el Neurocortex amplifica ruido.<br>Con humanos activantes certificados, amplifica civilizaci\u00f3n.<\/strong><\/p>\n<\/blockquote>\n\n\n\n<h1 class=\"wp-block-heading\">I. ONE-PAGER INSTITUCIONAL ULTRACORTO<\/h1>\n\n\n\n<h2 class=\"wp-block-heading\">Neurocortex Digital Externo (NDE)<\/h2>\n\n\n\n<p><strong>Infraestructura Cognitiva Estrat\u00e9gica Humano\u2013IA<\/strong><\/p>\n\n\n\n<hr class=\"wp-block-separator has-alpha-channel-opacity\"\/>\n\n\n\n<h3 class=\"wp-block-heading\">1. Qu\u00e9 es (definici\u00f3n operativa)<\/h3>\n\n\n\n<p>El <strong>Neurocortex Digital Externo (NDE)<\/strong> es una <strong>infraestructura cognitiva no invasiva<\/strong>, materializada como <strong>hardware craneal acoplable<\/strong>, dise\u00f1ada para actuar como <strong>puente de coprocesamiento seguro<\/strong> entre:<\/p>\n\n\n\n<ul class=\"wp-block-list\">\n<li>la mente humana entrenada<\/li>\n\n\n\n<li>y el ecosistema distribuido de inteligencias artificiales (IA \/ futura IAG)<\/li>\n<\/ul>\n\n\n\n<p>No es un implante, no modifica irreversiblemente la biolog\u00eda humana y <strong>requiere habilitaci\u00f3n previa del operador<\/strong>.<\/p>\n\n\n\n<hr class=\"wp-block-separator has-alpha-channel-opacity\"\/>\n\n\n\n<h3 class=\"wp-block-heading\">2. Por qu\u00e9 es estrat\u00e9gico para el Estado<\/h3>\n\n\n\n<ul class=\"wp-block-list\">\n<li>Reduce <strong>latencia decisional<\/strong> en entornos complejos<\/li>\n\n\n\n<li>Permite <strong>orquestaci\u00f3n humano\u2013IA<\/strong> sin p\u00e9rdida de soberan\u00eda cognitiva<\/li>\n\n\n\n<li>Evita dependencia pasiva de sistemas autom\u00e1ticos<\/li>\n\n\n\n<li>Introduce un <strong>modelo controlado y auditable<\/strong> de aumento cognitivo<\/li>\n<\/ul>\n\n\n\n<p>\ud83d\udc49 El cuello de botella de la IA es el humano.<br>\ud83d\udc49 El NDE lo gestiona, no lo reemplaza.<\/p>\n\n\n\n<hr class=\"wp-block-separator has-alpha-channel-opacity\"\/>\n\n\n\n<h3 class=\"wp-block-heading\">3. Diferencial clave frente a otras neurotecnolog\u00edas<\/h3>\n\n\n\n<ul class=\"wp-block-list\">\n<li>\u274c No invasivo<\/li>\n\n\n\n<li>\u274c No implantes<\/li>\n\n\n\n<li>\u274c No delegaci\u00f3n de criterio a IA<\/li>\n\n\n\n<li>\u2705 Control humano permanente<\/li>\n\n\n\n<li>\u2705 Activaci\u00f3n selectiva y certificada<\/li>\n<\/ul>\n\n\n\n<p>Se clasifica como <strong>infraestructura cognitiva de alto riesgo<\/strong>, no como producto de consumo.<\/p>\n\n\n\n<hr class=\"wp-block-separator has-alpha-channel-opacity\"\/>\n\n\n\n<h3 class=\"wp-block-heading\">4. Condici\u00f3n cr\u00edtica de uso<\/h3>\n\n\n\n<p>El NDE <strong>solo puede ser operado por \u201cHumanos Activantes Certificados\u201d<\/strong>, tras:<\/p>\n\n\n\n<ul class=\"wp-block-list\">\n<li>programa de entrenamiento cognitivo<\/li>\n\n\n\n<li>filtro de acceso t\u00e9cnico<\/li>\n\n\n\n<li>evaluaci\u00f3n \u00e9tica y de estabilidad<\/li>\n<\/ul>\n\n\n\n<p>Sin certificaci\u00f3n \u2192 <strong>no hay activaci\u00f3n<\/strong>.<\/p>\n\n\n\n<hr class=\"wp-block-separator has-alpha-channel-opacity\"\/>\n\n\n\n<h3 class=\"wp-block-heading\">5. Aplicaciones prioritarias Estado \/ Defensa<\/h3>\n\n\n\n<ul class=\"wp-block-list\">\n<li>Planeamiento estrat\u00e9gico<\/li>\n\n\n\n<li>Gesti\u00f3n de crisis complejas<\/li>\n\n\n\n<li>Inteligencia y contrainteligencia<\/li>\n\n\n\n<li>Coordinaci\u00f3n multisistema (humano + IA)<\/li>\n\n\n\n<li>Ciencia, energ\u00eda, clima, seguridad cr\u00edtica<\/li>\n<\/ul>\n\n\n\n<hr class=\"wp-block-separator has-alpha-channel-opacity\"\/>\n\n\n\n<h3 class=\"wp-block-heading\">6. Estado del proyecto<\/h3>\n\n\n\n<ul class=\"wp-block-list\">\n<li>Arquitectura definida<\/li>\n\n\n\n<li>Marco \u00e9tico-legal dise\u00f1ado<\/li>\n\n\n\n<li>Filtro de acceso operativo<\/li>\n\n\n\n<li>Listo para <strong>programa piloto institucional cerrado<\/strong><\/li>\n<\/ul>\n\n\n\n<hr class=\"wp-block-separator has-alpha-channel-opacity\"\/>\n\n\n\n<h3 class=\"wp-block-heading\">7. Mensaje final al decisor<\/h3>\n\n\n\n<blockquote class=\"wp-block-quote is-layout-flow wp-block-quote-is-layout-flow\">\n<p><strong>El Neurocortex no automatiza decisiones estatales.<br>Aumenta la capacidad humana para tomarlas sin perder control.<\/strong><\/p>\n<\/blockquote>\n\n\n\n<hr class=\"wp-block-separator has-alpha-channel-opacity\"\/>\n\n\n\n<hr class=\"wp-block-separator has-alpha-channel-opacity\"\/>\n\n\n\n<h1 class=\"wp-block-heading\">II. DECK INVERSOR \u2013 10 SLIDES (M\u00c9TRICAS DURAS)<\/h1>\n\n\n\n<h2 class=\"wp-block-heading\">Slide 1 \u2013 Problema real (no marketing)<\/h2>\n\n\n\n<ul class=\"wp-block-list\">\n<li>IA escala exponencialmente<\/li>\n\n\n\n<li>El humano no<\/li>\n\n\n\n<li>El cuello de botella es <strong>cognitivo, no tecnol\u00f3gico<\/strong><\/li>\n\n\n\n<li>Sin interfaz adecuada \u2192 p\u00e9rdida de control humano<\/li>\n<\/ul>\n\n\n\n<hr class=\"wp-block-separator has-alpha-channel-opacity\"\/>\n\n\n\n<h2 class=\"wp-block-heading\">Slide 2 \u2013 Soluci\u00f3n<\/h2>\n\n\n\n<p><strong>Neurocortex Digital Externo<\/strong><br>Infraestructura de coprocesamiento humano\u2013IA:<\/p>\n\n\n\n<ul class=\"wp-block-list\">\n<li>hardware craneal no invasivo<\/li>\n\n\n\n<li>software de orquestaci\u00f3n cognitiva<\/li>\n\n\n\n<li>activaci\u00f3n selectiva<\/li>\n\n\n\n<li>control humano permanente<\/li>\n<\/ul>\n\n\n\n<hr class=\"wp-block-separator has-alpha-channel-opacity\"\/>\n\n\n\n<h2 class=\"wp-block-heading\">Slide 3 \u2013 Qu\u00e9 NO es (reduce riesgo percibido)<\/h2>\n\n\n\n<ul class=\"wp-block-list\">\n<li>No implante<\/li>\n\n\n\n<li>No pr\u00f3tesis<\/li>\n\n\n\n<li>No gadget<\/li>\n\n\n\n<li>No transhumanismo recreativo<\/li>\n<\/ul>\n\n\n\n<p>\ud83d\udc49 Es <strong>infraestructura cr\u00edtica<\/strong>.<\/p>\n\n\n\n<hr class=\"wp-block-separator has-alpha-channel-opacity\"\/>\n\n\n\n<h2 class=\"wp-block-heading\">Slide 4 \u2013 Arquitectura (simplificada)<\/h2>\n\n\n\n<ul class=\"wp-block-list\">\n<li>Captura neuroel\u00e9ctrica<\/li>\n\n\n\n<li>Procesamiento local baja latencia<\/li>\n\n\n\n<li>Conexi\u00f3n segura a m\u00faltiples IAs<\/li>\n\n\n\n<li>Biofeedback + kill-switch cognitivo<\/li>\n<\/ul>\n\n\n\n<hr class=\"wp-block-separator has-alpha-channel-opacity\"\/>\n\n\n\n<h2 class=\"wp-block-heading\">Slide 5 \u2013 Ventaja competitiva (comparativa)<\/h2>\n\n\n\n<figure class=\"wp-block-table\"><table class=\"has-fixed-layout\"><thead><tr><th>Factor<\/th><th>NDE<\/th><th>Implantes<\/th><th>BCI cl\u00e1sicas<\/th><\/tr><\/thead><tbody><tr><td>Invasivo<\/td><td>No<\/td><td>S\u00ed<\/td><td>No<\/td><\/tr><tr><td>Escalable<\/td><td>Alta<\/td><td>Baja<\/td><td>Media<\/td><\/tr><tr><td>Riesgo cl\u00ednico<\/td><td>Bajo<\/td><td>Alto<\/td><td>Bajo<\/td><\/tr><tr><td>Control humano<\/td><td>Total<\/td><td>Parcial<\/td><td>Parcial<\/td><\/tr><tr><td>Regulabilidad<\/td><td>Alta<\/td><td>Baja<\/td><td>Media<\/td><\/tr><\/tbody><\/table><\/figure>\n\n\n\n<hr class=\"wp-block-separator has-alpha-channel-opacity\"\/>\n\n\n\n<h2 class=\"wp-block-heading\">Slide 6 \u2013 Filtro humano (barrera de entrada real)<\/h2>\n\n\n\n<ul class=\"wp-block-list\">\n<li>Entrenamiento obligatorio (6\u20139 meses)<\/li>\n\n\n\n<li>Filtro cognitivo por capas<\/li>\n\n\n\n<li>Exclusi\u00f3n \u00e9tica y t\u00e9cnica<\/li>\n\n\n\n<li>No masivo por dise\u00f1o<\/li>\n<\/ul>\n\n\n\n<p>\ud83d\udc49 <strong>Ventaja defensiva y regulatoria.<\/strong><\/p>\n\n\n\n<hr class=\"wp-block-separator has-alpha-channel-opacity\"\/>\n\n\n\n<h2 class=\"wp-block-heading\">Slide 7 \u2013 Mercado objetivo (realista)<\/h2>\n\n\n\n<ul class=\"wp-block-list\">\n<li>Estados \/ Defensa<\/li>\n\n\n\n<li>Ciencia y energ\u00eda<\/li>\n\n\n\n<li>Salud cognitiva avanzada<\/li>\n\n\n\n<li>Industria cr\u00edtica<\/li>\n\n\n\n<li>Educaci\u00f3n estrat\u00e9gica<\/li>\n<\/ul>\n\n\n\n<p>TAM estimado (top-down): <strong>USD 500B+<\/strong><br>SAM inicial (institucional): <strong>USD 50\u201380B<\/strong><\/p>\n\n\n\n<hr class=\"wp-block-separator has-alpha-channel-opacity\"\/>\n\n\n\n<h2 class=\"wp-block-heading\">Slide 8 \u2013 Modelo de ingresos<\/h2>\n\n\n\n<ul class=\"wp-block-list\">\n<li>Venta de sistemas NDE (B2G \/ B2B)<\/li>\n\n\n\n<li>Licencias de software cognitivo<\/li>\n\n\n\n<li>Contratos de soporte y actualizaci\u00f3n<\/li>\n\n\n\n<li>Programas piloto financiados por Estado<\/li>\n<\/ul>\n\n\n\n<p>Margen bruto esperado: <strong>alto<\/strong> (hardware + software + licencias).<\/p>\n\n\n\n<hr class=\"wp-block-separator has-alpha-channel-opacity\"\/>\n\n\n\n<h2 class=\"wp-block-heading\">Slide 9 \u2013 M\u00e9tricas clave (no narrativas)<\/h2>\n\n\n\n<ul class=\"wp-block-list\">\n<li>\u2193 latencia decisional (30\u201370%)<\/li>\n\n\n\n<li>\u2191 complejidad gestionable por operador (x10\u2013x100)<\/li>\n\n\n\n<li>\u2193 errores por saturaci\u00f3n cognitiva<\/li>\n\n\n\n<li>\u2191 rendimiento humano-IA medido por output real<\/li>\n<\/ul>\n\n\n\n<p><em>(IQ cl\u00e1sico no aplica; se mide capacidad sist\u00e9mica)<\/em><\/p>\n\n\n\n<hr class=\"wp-block-separator has-alpha-channel-opacity\"\/>\n\n\n\n<h2 class=\"wp-block-heading\">Slide 10 \u2013 Tesis de inversi\u00f3n<\/h2>\n\n\n\n<ul class=\"wp-block-list\">\n<li>El Neurocortex <strong>no compite con la IA<\/strong><\/li>\n\n\n\n<li>Compite por ser la <strong>interfaz humana dominante<\/strong><\/li>\n\n\n\n<li>Alta barrera \u00e9tica, t\u00e9cnica y regulatoria<\/li>\n\n\n\n<li>Posici\u00f3n temprana en infraestructura cognitiva<\/li>\n<\/ul>\n\n\n\n<p>\ud83d\udc49 <strong>No es un unicornio.<br>Es un est\u00e1ndar potencial.<\/strong><\/p>\n\n\n\n<hr class=\"wp-block-separator has-alpha-channel-opacity\"\/>\n\n\n\n<h2 class=\"wp-block-heading\">CIERRE  (clave)<\/h2>\n\n\n\n<ul class=\"wp-block-list\">\n<li>El <strong>one-pager<\/strong> abre puertas institucionales<\/li>\n\n\n\n<li>El <strong>deck<\/strong> cierra la l\u00f3gica econ\u00f3mica<\/li>\n\n\n\n<li>Ambos dependen del <strong>mismo n\u00facleo<\/strong>:<br><strong>humano entrenado + tecnolog\u00eda controlada<\/strong><\/li>\n<\/ul>\n\n\n\n<h1 class=\"wp-block-heading\">Comparaci\u00f3n T\u00e9cnica y Proyecci\u00f3n de Capacidad Cognitiva Sist\u00e9mica<\/h1>\n\n\n\n<h2 class=\"wp-block-heading\">Neuroc\u00f3rtex Digital Externo (NDE) y Biodigital SynchroTech Suit (BSTS)<\/h2>\n\n\n\n<p><strong>vs. Tecnolog\u00edas Existentes y Escenarios de Hibridaci\u00f3n Humano\u2013IAG<\/strong><\/p>\n\n\n\n<p>Fecha de referencia: 15 diciembre 2024<\/p>\n\n\n\n<p><br><\/p>\n\n\n\n<figure class=\"wp-block-image size-full\"><a href=\"https:\/\/globalsolidarity.live\/spacearch\/wp-content\/uploads\/2026\/02\/44.webp\"><img loading=\"lazy\" decoding=\"async\" width=\"1024\" height=\"585\" src=\"https:\/\/globalsolidarity.live\/spacearch\/wp-content\/uploads\/2026\/02\/44.webp\" alt=\"\" class=\"wp-image-6595\" srcset=\"https:\/\/globalsolidarity.live\/spacearch\/wp-content\/uploads\/2026\/02\/44.webp 1024w, https:\/\/globalsolidarity.live\/spacearch\/wp-content\/uploads\/2026\/02\/44-300x171.webp 300w, https:\/\/globalsolidarity.live\/spacearch\/wp-content\/uploads\/2026\/02\/44-768x439.webp 768w\" sizes=\"auto, (max-width: 1024px) 100vw, 1024px\" \/><\/a><\/figure>\n\n\n\n<hr class=\"wp-block-separator has-alpha-channel-opacity\"\/>\n\n\n\n<h2 class=\"wp-block-heading\">1. Marco Conceptual Correcto<\/h2>\n\n\n\n<h3 class=\"wp-block-heading\">Aclaraci\u00f3n cr\u00edtica inicial<\/h3>\n\n\n\n<p>El <strong>IQ cl\u00e1sico<\/strong>:<\/p>\n\n\n\n<ul class=\"wp-block-list\">\n<li>mide rendimiento en tareas cerradas<\/li>\n\n\n\n<li>es individual<\/li>\n\n\n\n<li>es est\u00e1tico<\/li>\n\n\n\n<li>no eval\u00faa interacci\u00f3n humano\u2013m\u00e1quina<\/li>\n<\/ul>\n\n\n\n<p>Por lo tanto:<\/p>\n\n\n\n<blockquote class=\"wp-block-quote is-layout-flow wp-block-quote-is-layout-flow\">\n<p><strong>El impacto del NDE, el BSTS y la IAG no puede expresarse rigurosamente en t\u00e9rminos de IQ cl\u00e1sico.<\/strong><\/p>\n<\/blockquote>\n\n\n\n<p>En este documento, el IQ se utiliza <strong>solo como indicador referencial de salto de escala<\/strong>, y se reemplaza formalmente por el concepto de:<\/p>\n\n\n\n<blockquote class=\"wp-block-quote is-layout-flow wp-block-quote-is-layout-flow\">\n<p><strong>Capacidad Cognitiva Sist\u00e9mica (CCS)<\/strong><\/p>\n<\/blockquote>\n\n\n\n<hr class=\"wp-block-separator has-alpha-channel-opacity\"\/>\n\n\n\n<h2 class=\"wp-block-heading\">2. Comparaci\u00f3n Tecnol\u00f3gica Normalizada<\/h2>\n\n\n\n<h3 class=\"wp-block-heading\">2.1 Neuroc\u00f3rtex Digital Externo vs. Realidad Aumentada (AR)<\/h3>\n\n\n\n<figure class=\"wp-block-table\"><table class=\"has-fixed-layout\"><thead><tr><th>Dimensi\u00f3n<\/th><th>Neuroc\u00f3rtex Digital Externo<\/th><th>AR convencional<\/th><\/tr><\/thead><tbody><tr><td>Tipo de interfaz<\/td><td>Neurodigital directa (no invasiva)<\/td><td>Visual\/t\u00e1ctil<\/td><\/tr><tr><td>Nivel de integraci\u00f3n<\/td><td>Cognitiva (intencional)<\/td><td>Perceptual<\/td><\/tr><tr><td>Latencia cognitiva<\/td><td>Muy baja<\/td><td>Media<\/td><\/tr><tr><td>Externalizaci\u00f3n de funciones<\/td><td>S\u00ed (razonamiento, s\u00edntesis)<\/td><td>No<\/td><\/tr><tr><td>Redefinici\u00f3n cognitiva<\/td><td>S\u00ed<\/td><td>No<\/td><\/tr><\/tbody><\/table><\/figure>\n\n\n\n<p><strong>Conclusi\u00f3n t\u00e9cnica:<\/strong><br>AR ampl\u00eda percepci\u00f3n.<br>El NDE ampl\u00eda <strong>capacidad cognitiva operativa<\/strong>.<\/p>\n\n\n\n<hr class=\"wp-block-separator has-alpha-channel-opacity\"\/>\n\n\n\n<h3 class=\"wp-block-heading\">2.2 Biodigital SynchroTech Suit vs. Realidad Virtual (VR)<\/h3>\n\n\n\n<figure class=\"wp-block-table\"><table class=\"has-fixed-layout\"><thead><tr><th>Dimensi\u00f3n<\/th><th>BSTS<\/th><th>VR convencional<\/th><\/tr><\/thead><tbody><tr><td>Relaci\u00f3n cuerpo\u2013mente<\/td><td>Integrada<\/td><td>Parcial<\/td><\/tr><tr><td>Estimulaci\u00f3n<\/td><td>Bioel\u00e9ctrica + h\u00e1ptica<\/td><td>Sensorial simulada<\/td><\/tr><tr><td>Aprendizaje acelerado<\/td><td>S\u00ed<\/td><td>Limitado<\/td><\/tr><tr><td>Transferencia al mundo real<\/td><td>Alta<\/td><td>Media-baja<\/td><\/tr><tr><td>Uso terap\u00e9utico \/ cient\u00edfico<\/td><td>Alto<\/td><td>Moderado<\/td><\/tr><\/tbody><\/table><\/figure>\n\n\n\n<p><strong>Conclusi\u00f3n t\u00e9cnica:<\/strong><br>VR simula entornos.<br>BSTS <strong>entrena sistemas neurofisiol\u00f3gicos completos<\/strong>.<\/p>\n\n\n\n<hr class=\"wp-block-separator has-alpha-channel-opacity\"\/>\n\n\n\n<h3 class=\"wp-block-heading\">2.3 Neuroc\u00f3rtex Digital Externo vs. Implantes neuronales invasivos<\/h3>\n\n\n\n<figure class=\"wp-block-table\"><table class=\"has-fixed-layout\"><thead><tr><th>Dimensi\u00f3n<\/th><th>NDE<\/th><th>Implantes invasivos<\/th><\/tr><\/thead><tbody><tr><td>Invasividad<\/td><td>No<\/td><td>S\u00ed<\/td><\/tr><tr><td>Riesgo cl\u00ednico<\/td><td>Bajo<\/td><td>Alto<\/td><\/tr><tr><td>Escalabilidad<\/td><td>Alta<\/td><td>Muy limitada<\/td><\/tr><tr><td>Regulabilidad<\/td><td>Alta<\/td><td>Baja<\/td><\/tr><tr><td>Aplicaci\u00f3n masiva<\/td><td>Potencial<\/td><td>Muy restringida<\/td><\/tr><\/tbody><\/table><\/figure>\n\n\n\n<p><strong>Conclusi\u00f3n t\u00e9cnica:<\/strong><br>Los implantes resuelven d\u00e9ficits.<br>El NDE <strong>gestiona complejidad cognitiva<\/strong>.<\/p>\n\n\n\n<hr class=\"wp-block-separator has-alpha-channel-opacity\"\/>\n\n\n\n<h2 class=\"wp-block-heading\">3. Arquitectura Integrada NDE + BSTS + IAG<\/h2>\n\n\n\n<h3 class=\"wp-block-heading\">3.1 Funci\u00f3n de cada componente<\/h3>\n\n\n\n<ul class=\"wp-block-list\">\n<li><strong>NDE<\/strong>: orquestador cognitivo humano\u2013IA<\/li>\n\n\n\n<li><strong>BSTS<\/strong>: acelerador neurofisiol\u00f3gico de aprendizaje e integraci\u00f3n<\/li>\n\n\n\n<li><strong>IAG en red<\/strong>: soporte de simulaci\u00f3n, predicci\u00f3n y razonamiento distribuido<\/li>\n<\/ul>\n\n\n\n<p>\ud83d\udc49 Ninguno tiene sentido pleno sin los otros.<\/p>\n\n\n\n<hr class=\"wp-block-separator has-alpha-channel-opacity\"\/>\n\n\n\n<h2 class=\"wp-block-heading\">4. Reencuadre Formal del \u201cIQ aumentado\u201d<\/h2>\n\n\n\n<h3 class=\"wp-block-heading\">4.1 Sustituci\u00f3n del IQ por m\u00e9tricas reales<\/h3>\n\n\n\n<p>Se introduce el indicador:<\/p>\n\n\n\n<h3 class=\"wp-block-heading\"><strong>\u00cdndice de Capacidad Cognitiva Sist\u00e9mica (ICCS)<\/strong><\/h3>\n\n\n\n<p>Evaluado por:<\/p>\n\n\n\n<ul class=\"wp-block-list\">\n<li>volumen de variables manejables<\/li>\n\n\n\n<li>complejidad simult\u00e1nea<\/li>\n\n\n\n<li>velocidad de s\u00edntesis<\/li>\n\n\n\n<li>profundidad causal<\/li>\n\n\n\n<li>impacto emp\u00edrico real<\/li>\n<\/ul>\n\n\n\n<hr class=\"wp-block-separator has-alpha-channel-opacity\"\/>\n\n\n\n<h2 class=\"wp-block-heading\">5. Escenarios Progresivos de Capacidad Cognitiva<\/h2>\n\n\n\n<h3 class=\"wp-block-heading\">Escenario A \u2013 Tecnolog\u00edas iniciales (NDE + BSTS + IAG 100\u2013500 m\u00b3)<\/h3>\n\n\n\n<p><strong>Horizonte:<\/strong> 3\u20135 a\u00f1os<br><strong>Usuarios:<\/strong> humanos activantes entrenados<\/p>\n\n\n\n<ul class=\"wp-block-list\">\n<li>Incremento CCS: <strong>10\u00d7\u201350\u00d7<\/strong><\/li>\n\n\n\n<li>Equivalente referencial: IQ funcional ~300\u2013400<\/li>\n\n\n\n<li>Aplicaciones:\n<ul class=\"wp-block-list\">\n<li>ciencia avanzada<\/li>\n\n\n\n<li>planificaci\u00f3n estrat\u00e9gica<\/li>\n\n\n\n<li>resoluci\u00f3n de sistemas complejos<\/li>\n<\/ul>\n<\/li>\n<\/ul>\n\n\n\n<hr class=\"wp-block-separator has-alpha-channel-opacity\"\/>\n\n\n\n<h3 class=\"wp-block-heading\">Escenario B \u2013 IAG expandida (\u22481 km\u00b3 + ~1M IAs interconectadas)<\/h3>\n\n\n\n<p><strong>Horizonte:<\/strong> 5\u201310 a\u00f1os<br><strong>Usuarios:<\/strong> red limitada de humanos activantes<\/p>\n\n\n\n<ul class=\"wp-block-list\">\n<li>Incremento CCS: <strong>100\u00d7\u2013300\u00d7<\/strong><\/li>\n\n\n\n<li>Equivalente referencial: IQ funcional ~500\u2013800<\/li>\n\n\n\n<li>Aparici\u00f3n de:\n<ul class=\"wp-block-list\">\n<li>cognici\u00f3n distribuida<\/li>\n\n\n\n<li>simulaci\u00f3n multidimensional<\/li>\n\n\n\n<li>dise\u00f1o de sistemas planetarios<\/li>\n<\/ul>\n<\/li>\n<\/ul>\n\n\n\n<hr class=\"wp-block-separator has-alpha-channel-opacity\"\/>\n\n\n\n<h3 class=\"wp-block-heading\">Escenario C \u2013 Red humano\u2013IAG colectiva (adopci\u00f3n amplia)<\/h3>\n\n\n\n<p><strong>Horizonte:<\/strong> \u226510 a\u00f1os<br><strong>Condici\u00f3n cr\u00edtica:<\/strong> gobernanza y \u00e9tica global<\/p>\n\n\n\n<ul class=\"wp-block-list\">\n<li>Capacidad colectiva emergente<\/li>\n\n\n\n<li>El IQ individual <strong>pierde significado<\/strong><\/li>\n\n\n\n<li>Surge una <strong>Gestalt Cognitiva Humano-Digital<\/strong><\/li>\n<\/ul>\n\n\n\n<p>Equivalente referencial:<\/p>\n\n\n\n<ul class=\"wp-block-list\">\n<li>Individuo: 800\u20131200 (no literal)<\/li>\n\n\n\n<li>Sistema colectivo: 10.000+ (equivalente funcional)<\/li>\n<\/ul>\n\n\n\n<hr class=\"wp-block-separator has-alpha-channel-opacity\"\/>\n\n\n\n<h2 class=\"wp-block-heading\">6. Factores Limitantes Reales<\/h2>\n\n\n\n<ul class=\"wp-block-list\">\n<li>Neuroplasticidad humana<\/li>\n\n\n\n<li>Fatiga cognitiva<\/li>\n\n\n\n<li>Necesidad de entrenamiento previo<\/li>\n\n\n\n<li>Gobernanza del acceso<\/li>\n\n\n\n<li>Riesgos de dependencia y uso indebido<\/li>\n<\/ul>\n\n\n\n<p>\ud83d\udc49 <strong>El l\u00edmite no es la IA.<br>Es el humano y la \u00e9tica del sistema.<\/strong><\/p>\n\n\n\n<hr class=\"wp-block-separator has-alpha-channel-opacity\"\/>\n\n\n\n<h2 class=\"wp-block-heading\">7. Implicaciones Civilizatorias <\/h2>\n\n\n\n<p>Con CCS elevada de forma distribuida y controlada:<\/p>\n\n\n\n<ul class=\"wp-block-list\">\n<li>Resoluci\u00f3n acelerada de problemas planetarios<\/li>\n\n\n\n<li>Optimizaci\u00f3n energ\u00e9tica y clim\u00e1tica<\/li>\n\n\n\n<li>Reducci\u00f3n de conflicto por mejora de toma de decisiones<\/li>\n\n\n\n<li>Avance hacia civilizaci\u00f3n Tipo I \/ II <strong>por capacidad sist\u00e9mica<\/strong>, no por m\u00edstica<\/li>\n<\/ul>\n\n\n\n<hr class=\"wp-block-separator has-alpha-channel-opacity\"\/>\n\n\n\n<h2 class=\"wp-block-heading\">8. Conclusi\u00f3n T\u00e9cnica Final<\/h2>\n\n\n\n<ol class=\"wp-block-list\">\n<li>El NDE y el BSTS <strong>no aumentan \u201cIQ\u201d<\/strong>, aumentan <strong>capacidad sist\u00e9mica<\/strong><\/li>\n\n\n\n<li>El IQ cl\u00e1sico se vuelve obsoleto<\/li>\n\n\n\n<li>El salto es real solo con:\n<ul class=\"wp-block-list\">\n<li>humano entrenado<\/li>\n\n\n\n<li>IA en red<\/li>\n\n\n\n<li>gobernanza estricta<\/li>\n<\/ul>\n<\/li>\n\n\n\n<li>La inteligencia deja de ser individual y pasa a ser <strong>infraestructura<\/strong><\/li>\n<\/ol>\n\n\n\n<hr class=\"wp-block-separator has-alpha-channel-opacity\"\/>\n\n\n\n<h2 class=\"wp-block-heading\">S\u00edntesis final <\/h2>\n\n\n\n<blockquote class=\"wp-block-quote is-layout-flow wp-block-quote-is-layout-flow\">\n<p><strong>El Neuroc\u00f3rtex Digital Externo y el Biodigital SynchroTech Suit no crean superhumanos; crean la posibilidad de una inteligencia humana-artificial organizada, medible y gobernable, capaz de operar complejidad planetaria sin perder soberan\u00eda humana.<\/strong><\/p>\n<\/blockquote>\n\n\n\n<h1 class=\"wp-block-heading\">Nota t\u00e9cnica\u2013estrat\u00e9gica<\/h1>\n\n\n\n<h2 class=\"wp-block-heading\">Por qu\u00e9 el Neurocortex requiere una ruta de activaci\u00f3n secuencial<\/h2>\n\n\n\n<p><em>(y por qu\u00e9 activarlo fuera de esa ruta es disfuncional y riesgoso)<\/em><\/p>\n\n\n\n<hr class=\"wp-block-separator has-alpha-channel-opacity\"\/>\n\n\n\n<h3 class=\"wp-block-heading\">1. Aclaraci\u00f3n inicial <\/h3>\n\n\n\n<p>El <strong>Neurocortex Digital Externo<\/strong> <strong>no es un producto aut\u00f3nomo<\/strong> ni una tecnolog\u00eda de uso general.<br>Es una <strong>interfaz cognitiva de alta sensibilidad<\/strong>, dise\u00f1ada para operar <strong>exclusivamente<\/strong> dentro de un ecosistema tecnol\u00f3gico, humano y \u00e9tico previamente preparado.<\/p>\n\n\n\n<blockquote class=\"wp-block-quote is-layout-flow wp-block-quote-is-layout-flow\">\n<p><strong>Evaluar o desplegar el Neurocortex fuera de su ruta de activaci\u00f3n es conceptualmente incorrecto y operativamente inseguro.<\/strong><\/p>\n<\/blockquote>\n\n\n\n<hr class=\"wp-block-separator has-alpha-channel-opacity\"\/>\n\n\n\n<h3 class=\"wp-block-heading\">2. El error com\u00fan (sin se\u00f1alar culpables)<\/h3>\n\n\n\n<p>En tecnolog\u00edas avanzadas suele asumirse que:<\/p>\n\n\n\n<ul class=\"wp-block-list\">\n<li>si un sistema funciona aisladamente,<\/li>\n\n\n\n<li>entonces escalar\u00e1 o mejorar\u00e1 al integrarse con humanos.<\/li>\n<\/ul>\n\n\n\n<p>En <strong>infraestructura cognitiva<\/strong>, esta premisa es <strong>falsa<\/strong>.<\/p>\n\n\n\n<p>El Neurocortex <strong>no amplifica capacidades humanas de forma neutral<\/strong>.<br>Amplifica <strong>lo que encuentra<\/strong>.<\/p>\n\n\n\n<hr class=\"wp-block-separator has-alpha-channel-opacity\"\/>\n\n\n\n<h3 class=\"wp-block-heading\">3. Riesgo central: amplificaci\u00f3n de disfunci\u00f3n cognitiva<\/h3>\n\n\n\n<p>Sin una ruta previa de preparaci\u00f3n:<\/p>\n\n\n\n<ul class=\"wp-block-list\">\n<li>el sistema <strong>no incrementa inteligencia<\/strong>, incrementa <strong>entrop\u00eda<\/strong><\/li>\n\n\n\n<li>no mejora criterio, <strong>acelera errores<\/strong><\/li>\n\n\n\n<li>no aumenta conciencia, <strong>intensifica sesgos<\/strong><\/li>\n\n\n\n<li>no ordena pensamiento, <strong>sobreestimula<\/strong><\/li>\n<\/ul>\n\n\n\n<p>En t\u00e9rminos t\u00e9cnicos:<\/p>\n\n\n\n<blockquote class=\"wp-block-quote is-layout-flow wp-block-quote-is-layout-flow\">\n<p><strong>Un interfaz cognitivo avanzado activado sin backend adecuado y sin humano entrenado produce saturaci\u00f3n, dependencia funcional y degradaci\u00f3n del control ejecutivo.<\/strong><\/p>\n<\/blockquote>\n\n\n\n<p>Esto no es un fallo t\u00e9cnico.<br>Es un <strong>fallo de contexto de activaci\u00f3n<\/strong>.<\/p>\n\n\n\n<hr class=\"wp-block-separator has-alpha-channel-opacity\"\/>\n\n\n\n<h3 class=\"wp-block-heading\">4. Analog\u00eda funcional <\/h3>\n\n\n\n<p>El Neurocortex es comparable a:<\/p>\n\n\n\n<ul class=\"wp-block-list\">\n<li>un <strong>reactor de alta potencia<\/strong> sin red estabilizada<\/li>\n\n\n\n<li>un <strong>sistema aeron\u00e1utico<\/strong> sin entrenamiento del piloto<\/li>\n\n\n\n<li>una <strong>infraestructura cr\u00edtica<\/strong> conectada a una red inmadura<\/li>\n<\/ul>\n\n\n\n<p>El problema <strong>no es el sistema<\/strong>.<br>El problema es <strong>activar la interfaz antes de que el entorno est\u00e9 listo<\/strong>.<\/p>\n\n\n\n<hr class=\"wp-block-separator has-alpha-channel-opacity\"\/>\n\n\n\n<h3 class=\"wp-block-heading\">5. Principio de dise\u00f1o clave <\/h3>\n\n\n\n<blockquote class=\"wp-block-quote is-layout-flow wp-block-quote-is-layout-flow\">\n<p><strong>El Neurocortex fue dise\u00f1ado como interfaz final, no como punto de partida.<\/strong><\/p>\n<\/blockquote>\n\n\n\n<p>Por eso:<\/p>\n\n\n\n<ul class=\"wp-block-list\">\n<li>no se presenta como gadget<\/li>\n\n\n\n<li>no se prueba en usuarios no certificados<\/li>\n\n\n\n<li>no se desacopla de su ruta tecnol\u00f3gica<\/li>\n\n\n\n<li>no se eval\u00faa en condiciones incompletas<\/li>\n<\/ul>\n\n\n\n<hr class=\"wp-block-separator has-alpha-channel-opacity\"\/>\n\n\n\n<h3 class=\"wp-block-heading\">6. C\u00f3mo explicar esto sin revelar la arquitectura<\/h3>\n\n\n\n<p><strong>Nunca se explica la ruta completa.<\/strong><br>Se explican <strong>las condiciones de seguridad<\/strong>.<\/p>\n\n\n\n<p>Lenguaje recomendado:<\/p>\n\n\n\n<ul class=\"wp-block-list\">\n<li>\u201cdependencias cr\u00edticas\u201d<\/li>\n\n\n\n<li>\u201ccondiciones previas de estabilidad\u201d<\/li>\n\n\n\n<li>\u201criesgos de uso fuera de especificaci\u00f3n\u201d<\/li>\n\n\n\n<li>\u201cactivaci\u00f3n progresiva y certificada\u201d<\/li>\n<\/ul>\n\n\n\n<p>Lenguaje a evitar:<\/p>\n\n\n\n<ul class=\"wp-block-list\">\n<li>\u201cmente global\u201d<\/li>\n\n\n\n<li>\u201csuperinteligencia\u201d<\/li>\n\n\n\n<li>\u201csalto evolutivo\u201d<\/li>\n\n\n\n<li>\u201carquitectura total\u201d<\/li>\n<\/ul>\n\n\n\n<p>\ud83d\udc49 Se habla <strong>como infraestructura cr\u00edtica<\/strong>, no como visi\u00f3n futurista.<\/p>\n\n\n\n<hr class=\"wp-block-separator has-alpha-channel-opacity\"\/>\n\n\n\n<h3 class=\"wp-block-heading\">7. C\u00f3mo mostrar resultados sin mostrar el sistema<\/h3>\n\n\n\n<p><strong>Se muestran efectos, no mecanismos.<\/strong><\/p>\n\n\n\n<p>Ejemplos de resultados mostrables:<\/p>\n\n\n\n<ul class=\"wp-block-list\">\n<li>reducci\u00f3n medible de latencia decisional<\/li>\n\n\n\n<li>mejora en resoluci\u00f3n de problemas complejos<\/li>\n\n\n\n<li>aumento de coherencia en equipos humano\u2013IA<\/li>\n\n\n\n<li>disminuci\u00f3n de errores bajo carga informacional<\/li>\n<\/ul>\n\n\n\n<p>Nunca se muestra:<\/p>\n\n\n\n<ul class=\"wp-block-list\">\n<li>c\u00f3mo se orquesta la IA<\/li>\n\n\n\n<li>c\u00f3mo se estructura la red<\/li>\n\n\n\n<li>c\u00f3mo se define la gobernanza interna<\/li>\n\n\n\n<li>c\u00f3mo se integra la capa humana profunda<\/li>\n<\/ul>\n\n\n\n<p>\ud83d\udc49 <strong>Resultados observables, arquitectura opaca.<\/strong><\/p>\n\n\n\n<hr class=\"wp-block-separator has-alpha-channel-opacity\"\/>\n\n\n\n<h3 class=\"wp-block-heading\">8. Mensaje clave para decisores <\/h3>\n\n\n\n<blockquote class=\"wp-block-quote is-layout-flow wp-block-quote-is-layout-flow\">\n<p><strong>El Neurocortex no puede evaluarse como tecnolog\u00eda aislada.<br>Fuera de su ruta de activaci\u00f3n, no solo pierde efectividad: introduce riesgos cognitivos que el propio dise\u00f1o busca evitar.<\/strong><\/p>\n<\/blockquote>\n\n\n\n<hr class=\"wp-block-separator has-alpha-channel-opacity\"\/>\n\n\n\n<h3 class=\"wp-block-heading\">9. Cierre estrat\u00e9gico<\/h3>\n\n\n\n<p>La decisi\u00f3n responsable no es:<\/p>\n\n\n\n<ul class=\"wp-block-list\">\n<li>\u201csi el Neurocortex es potente\u201d<\/li>\n<\/ul>\n\n\n\n<p>sino:<\/p>\n\n\n\n<ul class=\"wp-block-list\">\n<li><strong>si se acepta respetar la ruta que lo vuelve seguro<\/strong><\/li>\n<\/ul>\n\n\n\n<p>Quien entiende esto:<\/p>\n\n\n\n<ul class=\"wp-block-list\">\n<li>est\u00e1 listo para cooperar<br>Quien no:<\/li>\n\n\n\n<li><strong>no es un stakeholder compatible<\/strong><\/li>\n<\/ul>\n\n\n\n<hr class=\"wp-block-separator has-alpha-channel-opacity\"\/>\n\n\n\n<h3 class=\"wp-block-heading\">S\u00edntesis final <\/h3>\n\n\n\n<blockquote class=\"wp-block-quote is-layout-flow wp-block-quote-is-layout-flow\">\n<p><strong>El Neurocortex no falla cuando no se entiende.<br>Falla cuando se usa fuera de contexto.<br>Por eso, el contexto es parte de la tecnolog\u00eda.<\/strong><\/p>\n<\/blockquote>\n\n\n\n<p>\u00a9 2026 SpaceArch Solutions International, LLC, Miami, Florida, USA. All rights reserved. No part of this document may be reproduced, distributed, or transmitted in any form without prior written permission.<\/p>\n","protected":false},"excerpt":{"rendered":"<p>Plataforma de Extensi\u00f3n Cognitiva No Invasiva(Documento t\u00e9cnico\u2013empresarial)Fecha de referencia: 20 de octubre de 2024 1. Executive Summary El<\/p>\n","protected":false},"author":1,"featured_media":6594,"comment_status":"open","ping_status":"open","sticky":false,"template":"","format":"standard","meta":{"footnotes":"","jetpack_publicize_message":"","jetpack_publicize_feature_enabled":true,"jetpack_social_post_already_shared":true,"jetpack_social_options":{"image_generator_settings":{"template":"highway","default_image_id":0,"font":"","enabled":false},"version":2}},"categories":[45,46,35,16],"tags":[],"class_list":["post-6593","post","type-post","status-publish","format-standard","has-post-thumbnail","hentry","category-219-proyects","category-neuroscience","category-spacearch","category-technology"],"jetpack_publicize_connections":[],"_links":{"self":[{"href":"https:\/\/globalsolidarity.live\/spacearch\/wp-json\/wp\/v2\/posts\/6593","targetHints":{"allow":["GET"]}}],"collection":[{"href":"https:\/\/globalsolidarity.live\/spacearch\/wp-json\/wp\/v2\/posts"}],"about":[{"href":"https:\/\/globalsolidarity.live\/spacearch\/wp-json\/wp\/v2\/types\/post"}],"author":[{"embeddable":true,"href":"https:\/\/globalsolidarity.live\/spacearch\/wp-json\/wp\/v2\/users\/1"}],"replies":[{"embeddable":true,"href":"https:\/\/globalsolidarity.live\/spacearch\/wp-json\/wp\/v2\/comments?post=6593"}],"version-history":[{"count":4,"href":"https:\/\/globalsolidarity.live\/spacearch\/wp-json\/wp\/v2\/posts\/6593\/revisions"}],"predecessor-version":[{"id":7240,"href":"https:\/\/globalsolidarity.live\/spacearch\/wp-json\/wp\/v2\/posts\/6593\/revisions\/7240"}],"wp:featuredmedia":[{"embeddable":true,"href":"https:\/\/globalsolidarity.live\/spacearch\/wp-json\/wp\/v2\/media\/6594"}],"wp:attachment":[{"href":"https:\/\/globalsolidarity.live\/spacearch\/wp-json\/wp\/v2\/media?parent=6593"}],"wp:term":[{"taxonomy":"category","embeddable":true,"href":"https:\/\/globalsolidarity.live\/spacearch\/wp-json\/wp\/v2\/categories?post=6593"},{"taxonomy":"post_tag","embeddable":true,"href":"https:\/\/globalsolidarity.live\/spacearch\/wp-json\/wp\/v2\/tags?post=6593"}],"curies":[{"name":"wp","href":"https:\/\/api.w.org\/{rel}","templated":true}]}}